{"id":75071,"date":"2016-06-25T13:00:12","date_gmt":"2016-06-25T11:00:12","guid":{"rendered":"http:\/\/www.brundisium.net\/brun\/?p=75071"},"modified":"2016-07-04T17:49:02","modified_gmt":"2016-07-04T15:49:02","slug":"ce-patriottismo-negli-europei-dellitalia-di-guido-giampietro","status":"publish","type":"post","link":"https:\/\/www.brundisium.net\/index.php\/ce-patriottismo-negli-europei-dellitalia-di-guido-giampietro\/","title":{"rendered":"C\u2019\u00e8 patriottismo negli Europei dell\u2019Italia? Di Guido Giampietro"},"content":{"rendered":"<p><a href=\"http:\/\/www.brundisium.net\/brun\/wp-content\/uploads\/2016\/06\/Logo-Italia1.jpg\"><img loading=\"lazy\" decoding=\"async\" class=\"alignright size-medium wp-image-75075\" src=\"http:\/\/www.brundisium.net\/brun\/wp-content\/uploads\/2016\/06\/Logo-Italia1-300x212.jpg\" alt=\"Logo-Italia[1]\" width=\"300\" height=\"212\" srcset=\"https:\/\/www.brundisium.net\/brun\/wp-content\/uploads\/2016\/06\/Logo-Italia1-300x212.jpg 300w, https:\/\/www.brundisium.net\/brun\/wp-content\/uploads\/2016\/06\/Logo-Italia1.jpg 600w\" sizes=\"auto, (max-width: 300px) 100vw, 300px\" \/><\/a><\/p>\n<p>Premesso che non voglio rovinare la festa ai tifosi della Nazionale, ma in tempi ancora non sospetti (vale a dire prima dell\u2019incontro clou con la Spagna) sento il bisogno di dire la mia sul tifo azzurro che si respira e addirittura s\u2019ingurgita in ogni momento della giornata come se si trattasse di spaghetti col sugo di pomodoro fresco generosamente spruzzati di cacio ricotta.<br \/>\nChiarisco subito che non intendo impelagarmi in questioni tecnico-tattiche visto che non ho mai avuto nel Dna il gene del c.t. presente invece in tanti milioni di italiani. A me interessa il contorno, che poi tanto contorno non \u00e8, dal momento che non si esaurisce nei novanta minuti di gioco, bello o brutto che sia.<br \/>\nMi riferisco alla febbre che colpisce gli italiani che, miracolo!, da popolo poco o niente patriottico, li porta a fasciarsi con la Bandiera, a indossare clownesche parrucche tricolori, a pittarsi i volti come gli indiani, a cimentarsi con un Inno di cui, ammesso che se ne conosca il testo, sicuramente sfugge il significato dei termini per la verit\u00e0 un po\u2019 desueti.<br \/>\nMa, onestamente, come si fa a non comportarsi cos\u00ec quando si vede il gotha del calcio azzurro e i giocatori tenersi abbracciati stretti stretti sussurrando a fior di labbra o coraggiosamente gridandole al vento le parole di un Inno che tanto patriottismo racchiude? E c\u2019\u00e8 qualcuno che a tal modo vive il momento magico da socchiudere gli occhi&#8230;<br \/>\nMi chiedo se questo sia l\u2019amor di Patria. Se sia questo il modo giusto per trasferirlo ai bambini schierati insieme ai giocatori.<br \/>\n<a href=\"http:\/\/www.brundisium.net\/brun\/wp-content\/uploads\/2016\/06\/Europei-2016-Italia1.jpg\"><img loading=\"lazy\" decoding=\"async\" class=\"size-medium wp-image-75073 alignleft\" src=\"http:\/\/www.brundisium.net\/brun\/wp-content\/uploads\/2016\/06\/Europei-2016-Italia1-300x200.jpg\" alt=\"Italy soccer team players pose on June 1, 2016 in the Florence's Coverciano training camp, during the official presentation prior to the Euro Championship in France. From top left : Italy's forward Simone Zaza, Italy's defender Angelo Obinze Ogbonna, Italy's midfielder Thiago Motta, Italy's defender Andrea Barzagli, Italy's defender Leonardo Bonucci, Italy's defender Giorgio Chiellini, Italy's forward Graziano Pell\u00e8, Italy's midfielder Marco Parolo. From left center : Italy's midfielder Stefano Sturaro, Italy's forward Ciro Immobile, Italy's midfielder Daniele De Rossi, Italy's goalkeeper Salvatore Sirigu, Italy's goalkeeper Gianluigi Buffon, Italy's goalkeeper Federico Marchetti, Italy's midfielder Antonio Candreva, Italy's midfielder Matteo Darmian, Italy's midfielder Federico Bernardeschi. From left bottom : Italy's midfielder Mattia De Sciglio, Italy's forward Lorenzo Insigne, Italy's midfielder Alessandro Florenzi, President Carlo Tavecchio, Italy's coach Antonio Conte, Italy's forward Citadin Martins Ede, Italy's midfielder Emanuele Giaccherini, Italy's midfielder Stephan El Shaarawy. \/ AFP \/ VINCENZO PINTO (Photo credit should read VINCENZO PINTO\/AFP\/Getty Images)\" width=\"300\" height=\"200\" srcset=\"https:\/\/www.brundisium.net\/brun\/wp-content\/uploads\/2016\/06\/Europei-2016-Italia1-300x200.jpg 300w, https:\/\/www.brundisium.net\/brun\/wp-content\/uploads\/2016\/06\/Europei-2016-Italia1.jpg 594w\" sizes=\"auto, (max-width: 300px) 100vw, 300px\" \/><\/a>E la questione non riguarda solo il calcio perch\u00e9 anche negli altri sport si suona l\u2019Inno di Mameli. Cosa abbastanza curiosa, anzi ridicola, visto che, nel basket, tra i giocatori schierati a centro campo prima dell\u2019inizio degli incontri solo due-tre sono italiani!<br \/>\nComunque c\u2019\u00e8 da riconoscere che, dal punto di vista dello spettacolo e della coreografia, questo sembra il messaggio giusto, quello che tocca i cuori e per qualche minuto non fa pensare nemmeno alla partita.<br \/>\nIn realt\u00e0 quello che si manda in scena non solo \u00e8 un falso spettacolo, ma \u00e8 addirittura diseducativo. Quello che pulsa negli stadi e nei palazzetti \u00e8 una mistificazione di patriottismo che si basa su valori che nulla hanno da spartire con l\u2019amore per la propria terra e la propria Storia. Anche lo sventolio della Bandiera \u00e8 patetico. Anzi va proprio nella direzione opposta al significato che il tricolore sottende. In questi contesti l\u2019esibizione della Bandiera dovrebbe essere vietata!<br \/>\nMa perch\u00e9 non ci si limita a cantare quello che viene proposto dai big nostrani quali Nannini, Negramaro, i Pooh\u2026? E perch\u00e9, al posto del Tricolore, non ci si veste d\u2019azzurro che poi \u00e8 il colore del nostro cielo e del nostro mare?<br \/>\nE invece no, a dissacrare l\u2019Inno nazionale.<br \/>\nQuanto lontane le parole del lucano Rocco Scotellaro: \u00abIo sono un filo d\u2019erba che trema. E la mia patria \u00e8 dove un filo d\u2019erba trema\u00bb\u2026 Parole incomprensibili oggi anche se scritte solo negli anni Cinquanta, da un poeta morto appena trentenne.<br \/>\n<a href=\"http:\/\/www.brundisium.net\/brun\/wp-content\/uploads\/2016\/06\/euro-2016.jpg\"><img loading=\"lazy\" decoding=\"async\" class=\"alignright size-full wp-image-75074\" src=\"http:\/\/www.brundisium.net\/brun\/wp-content\/uploads\/2016\/06\/euro-2016.jpg\" alt=\"euro 2016\" width=\"279\" height=\"289\" \/><\/a>Ai pi\u00f9 potrebbe venire il sospetto che voglia nascondermi dietro un dito, cio\u00e8 dire e non dire. E invece no. A questo punto lo chiedo apertamente: di chi \u00e8 la colpa di questo andazzo che poco ha da vedere con lo sport e ancora meno con l\u2019amor di Patria? \u00c8 dei tifosi italiani, dei pezzi grossi della Fifa, dei giocatori?<br \/>\nE perch\u00e9 ogni volta che c\u2019\u00e8 un incontro internazionale o un evento come gli Europei o i Mondiali, dobbiamo assistere a queste sceneggiate? Perch\u00e9 durante il resto dell\u2019anno il Tricolore che, per dovere istituzionale, sventola sugli edifici pubblici \u00e8 spesso ridotto a un vergognoso straccetto? Perch\u00e9, nella ricorrenza del 2 giugno, Festa della Repubblica, la gente lo tiene vergognosamente nascosto nei guardaroba?<br \/>\nLa colpa di tutto ci\u00f2 \u00e8 il vorticoso giro di denaro che domina il mondo del pallone (e gli sport in genere)! Detto in altre parole, quello che appare come attaccamento alla maglia azzurra e al nome dell\u2019Italia \u00e8 pi\u00f9 semplicemente interesse per i premi partita che vengono generosamente elargiti ai giocatori e al seguito della squadra.<br \/>\nDenigrazioni gratuite le mie? Purtroppo no. E per dimostrarlo sono costretto a ricorrere alle cifre.<br \/>\nIl premio pattuito per questi Europei con i \u201csindacalisti\u201d Buffon, Barzagli e De Rossi ammonta a 270.000 euro. L\u2019accordo con la Federcalcio \u00e8 stato trovato in fretta: se l\u2019Italia alzer\u00e0 la coppa il 10 luglio ogni giocatore incasser\u00e0 l\u2019intera cifra concordata.<br \/>\nIn particolare la Federazione investir\u00e0 nei premi il 50% di ci\u00f2 che ricaver\u00e0 dall\u2019Europeo: se lo vinciamo l\u2019Uefa verser\u00e0 nelle casse di via Allegri 27 milioni di euro, 13 dei quali (lordi) andranno alla squadra. Il passaggio del primo turno (gi\u00e0 raggiunto) non vale un euro. Gli Azzurri cominceranno a guadagnare dai quarti di finale: se il 27 giugno supereremo gli ottavi di finale ogni azzurro guadagner\u00e0 25 mila euro, 40 mila se supereremo i quarti, 50 mila se sbarcheremo in finale, 155 se i ragazzi di Conte riuscissero a vincere la finale. Il totale fa 270 mila euro. Anche se una parte, com\u2019era gi\u00e0 successo all\u2019Europeo 2012, sar\u00e0 devoluto in beneficenza.<br \/>\nDiverso il caso di Conte. Il suo premio \u00e8 scritto nero su bianco nel contratto: bonus da 500 mila in caso di finale. Cui vanno ad aggiungersi gli otto milioni che il presidente Tavecchio gli ha elargito nei due anni di conduzione della Nazionale\u2026<br \/>\nA questo punto si pu\u00f2 ancora dire che la Nazionale sia una questione di cuore? O non \u00e8 piuttosto una questione di soldi?<\/p>\n<p>&nbsp;<\/p>\n<p><strong>Guido Giampietro<\/strong><\/p>\n","protected":false},"excerpt":{"rendered":"<p>Premesso che non voglio rovinare la festa ai tifosi della Nazionale, ma in tempi ancora non sospetti (vale a dire prima dell\u2019incontro clou con la Spagna) sento il bisogno di dire la mia sul tifo azzurro che si respira e addirittura s\u2019ingurgita in ogni momento della giornata come se si trattasse di spaghetti col sugo di pomodoro fresco generosamente spruzzati di cacio ricotta. Chiarisco subito che non intendo impelagarmi in questioni tecnico-tattiche visto che non ho mai avuto nel Dna il gene del c.t. presente invece in tanti milioni di italiani. A me interessa il contorno, che poi tanto contorno non \u00e8, dal momento che non si esaurisce nei novanta minuti di gioco, bello o brutto che sia. Mi riferisco alla febbre che colpisce gli italiani che, miracolo!, da popolo poco o niente patriottico, li porta a fasciarsi con la Bandiera, a indossare clownesche parrucche tricolori, a pittarsi i volti come gli indiani, a cimentarsi con un Inno di cui, ammesso che se ne conosca il testo, sicuramente sfugge il&#8230;<\/p>\n","protected":false},"author":2,"featured_media":75072,"comment_status":"open","ping_status":"closed","sticky":false,"template":"","format":"standard","meta":{"footnotes":""},"categories":[3129,9],"tags":[],"class_list":["post-75071","post","type-post","status-publish","format-standard","has-post-thumbnail","hentry","category-guido-giampietro","category-interventi"],"_links":{"self":[{"href":"https:\/\/www.brundisium.net\/index.php\/wp-json\/wp\/v2\/posts\/75071","targetHints":{"allow":["GET"]}}],"collection":[{"href":"https:\/\/www.brundisium.net\/index.php\/wp-json\/wp\/v2\/posts"}],"about":[{"href":"https:\/\/www.brundisium.net\/index.php\/wp-json\/wp\/v2\/types\/post"}],"author":[{"embeddable":true,"href":"https:\/\/www.brundisium.net\/index.php\/wp-json\/wp\/v2\/users\/2"}],"replies":[{"embeddable":true,"href":"https:\/\/www.brundisium.net\/index.php\/wp-json\/wp\/v2\/comments?post=75071"}],"version-history":[{"count":3,"href":"https:\/\/www.brundisium.net\/index.php\/wp-json\/wp\/v2\/posts\/75071\/revisions"}],"predecessor-version":[{"id":75082,"href":"https:\/\/www.brundisium.net\/index.php\/wp-json\/wp\/v2\/posts\/75071\/revisions\/75082"}],"wp:featuredmedia":[{"embeddable":true,"href":"https:\/\/www.brundisium.net\/index.php\/wp-json\/wp\/v2\/media\/75072"}],"wp:attachment":[{"href":"https:\/\/www.brundisium.net\/index.php\/wp-json\/wp\/v2\/media?parent=75071"}],"wp:term":[{"taxonomy":"category","embeddable":true,"href":"https:\/\/www.brundisium.net\/index.php\/wp-json\/wp\/v2\/categories?post=75071"},{"taxonomy":"post_tag","embeddable":true,"href":"https:\/\/www.brundisium.net\/index.php\/wp-json\/wp\/v2\/tags?post=75071"}],"curies":[{"name":"wp","href":"https:\/\/api.w.org\/{rel}","templated":true}]}}