{"id":76733,"date":"2016-07-12T07:37:13","date_gmt":"2016-07-12T05:37:13","guid":{"rendered":"http:\/\/www.brundisium.net\/brun\/?p=76733"},"modified":"2016-07-23T17:23:45","modified_gmt":"2016-07-23T15:23:45","slug":"delendum-est-di-guido-giampietro-2","status":"publish","type":"post","link":"https:\/\/www.brundisium.net\/index.php\/delendum-est-di-guido-giampietro-2\/","title":{"rendered":"Brundisium delendum est? Di Guido Giampietro"},"content":{"rendered":"<p><a href=\"http:\/\/www.brundisium.net\/brun\/wp-content\/uploads\/2014\/02\/1620492_10202396091416462_1648074068_n1.jpg\"><img loading=\"lazy\" decoding=\"async\" class=\"alignright size-medium wp-image-4369\" src=\"http:\/\/www.brundisium.net\/brun\/wp-content\/uploads\/2014\/02\/1620492_10202396091416462_1648074068_n1-300x225.jpg\" alt=\"salviamo il castello alfonsino\" width=\"300\" height=\"225\" srcset=\"https:\/\/www.brundisium.net\/brun\/wp-content\/uploads\/2014\/02\/1620492_10202396091416462_1648074068_n1-300x225.jpg 300w, https:\/\/www.brundisium.net\/brun\/wp-content\/uploads\/2014\/02\/1620492_10202396091416462_1648074068_n1.jpg 960w\" sizes=\"auto, (max-width: 300px) 100vw, 300px\" \/><br \/>\n<\/a>Ho riflettuto molto se aggiungere al titolo il punto interrogativo o quello esclamativo e alla fine ho optato per la prima scelta, quella di lasciare ai lettori la decisione: volete voi che Brindisi sia rasa al suolo o necessita ancora di una proroga che la tragga fuori dal pantano maleodorante in cui si trova?<br \/>\nO magari ha bisogno di un \u201clavoretto\u201d dell\u2019architetto schizzato Christo? Vale a dire, mandiamo via tutti gli abitanti (tanto la diaspora \u00e8 gi\u00e0 in corso da alcuni anni) e facciamo \u201cimpacchettare\u201d da Christo tutta Brindisi. Dal Castello Alfonsino a S. Elia. Fino a quando? Finch\u00e9 non torni nei cuori l\u2019amore vero per questa citt\u00e0.<\/p>\n<p>&nbsp;<br \/>\nMa procediamo con ordine e cerchiamo di analizzare le cause che portano alla distruzione (nel nostro caso all\u2019auto distruzione) una citt\u00e0.<br \/>\nPer Salvatore Settis le citt\u00e0 muoiono in tre modi.<br \/>\n<a href=\"http:\/\/www.brundisium.net\/brun\/wp-content\/uploads\/2016\/07\/eventedestructionofcarthagebyromanstrans1.jpeg\"><img loading=\"lazy\" decoding=\"async\" class=\"size-medium wp-image-76695 alignleft\" src=\"http:\/\/www.brundisium.net\/brun\/wp-content\/uploads\/2016\/07\/eventedestructionofcarthagebyromanstrans1-300x203.jpeg\" alt=\"eventedestructionofcarthagebyromanstrans[1]\" width=\"300\" height=\"203\" srcset=\"https:\/\/www.brundisium.net\/brun\/wp-content\/uploads\/2016\/07\/eventedestructionofcarthagebyromanstrans1-300x203.jpeg 300w, https:\/\/www.brundisium.net\/brun\/wp-content\/uploads\/2016\/07\/eventedestructionofcarthagebyromanstrans1-768x520.jpeg 768w, https:\/\/www.brundisium.net\/brun\/wp-content\/uploads\/2016\/07\/eventedestructionofcarthagebyromanstrans1.jpeg 1013w\" sizes=\"auto, (max-width: 300px) 100vw, 300px\" \/><\/a>Primo: quando le distrugge un nemico spietato (come Cartagine che fu rasa al suolo da Roma nel 146 a.C. \u00abCarthago delenda est\u00bb, gridava Catone il censore al termine di ogni suo discorso al Senato).<br \/>\nSecondo: quando un popolo straniero vi s\u2019insidia con la forza, scacciando gli autoctoni e i loro dei (come Tenochtill\u00e0n, la capitale degli Atzechi che i conquistadores spagnoli annientarono nel 1521 per poi costruire sulle sue rovine Citt\u00e0 del Messico).<br \/>\nTerzo: quando gli abitanti perdono la memoria di s\u00e9 e, senza nemmeno accorgersene, diventano stranieri a se stessi, nemici di se stessi. Questo fu il caso di Atene che, dopo la gloria della polis classica, dopo i marmi del Partenone, le sculture di Fidia e le vicende della cultura e della storia segnate dai nomi come Eschilo, Sofocle, Euripide, Pericle, Demostene, Prassitele perse dapprima l\u2019indipendenza politica (sotto i Macedoni e poi sotto i Romani) e pi\u00f9 tardi l\u2019iniziativa culturale, ma fin\u00ec col perdere anche ogni memoria di se stessa.<\/p>\n<p>&nbsp;<\/p>\n<p>Ma per Brindisi \u00e8 veramente il caso di parlare di distruzione, abbandono, impacchettamento? O non sono stato io colpito dalla \u201csindrome di Cassandra\u201d, ovvero mi trovo nella situazione di chi formula ipotesi pessimistiche convinto com\u2019\u00e8 di non potere fare nulla per evitare che si realizzino?<br \/>\n<a href=\"http:\/\/www.brundisium.net\/brun\/wp-content\/uploads\/2014\/02\/portodalcielo1024.jpg\"><img loading=\"lazy\" decoding=\"async\" class=\"alignright size-medium wp-image-3679\" src=\"http:\/\/www.brundisium.net\/brun\/wp-content\/uploads\/2014\/02\/portodalcielo1024-300x225.jpg\" alt=\"portodalcielo1024\" width=\"300\" height=\"225\" srcset=\"https:\/\/www.brundisium.net\/brun\/wp-content\/uploads\/2014\/02\/portodalcielo1024-300x225.jpg 300w, https:\/\/www.brundisium.net\/brun\/wp-content\/uploads\/2014\/02\/portodalcielo1024.jpg 1024w\" sizes=\"auto, (max-width: 300px) 100vw, 300px\" \/><\/a>Dio solo sa quanto vorrei che la realt\u00e0 fosse diversa. Ma cos\u00ec non \u00e8.<\/p>\n<p>Brindisi \u00ad dobbiamo convenirne tutti \u00ad \u00e8 un bateau ivre, una barca senza timone. Una citt\u00e0 con un grande cuore, ma senza una testa.<br \/>\nMi sono illuso che il dopo Consales avrebbe fatto voltare pagina, avrebbe scosso le coscienze dei brindisini, li avrebbe convinti che, dopo avere toccato il fondo, era giunto il momento di risalire, di straorzare portando la barca dell\u2019Amministrazione verso acque meno turbolenti e, soprattutto, pi\u00f9 trasparenti. E invece\u2026<\/p>\n<p>&nbsp;<\/p>\n<p>Mi sono illuso che una estenuante (e chiss\u00e0 quanto costosa) campagna elettorale in cui si sono sbandierati programmi allo stato dei fatti irrealizzabili stante la situazione debitoria delle casse comunali e l\u2019urgenza di adottare solo le azioni pi\u00f9 urgenti, sarebbe stata pi\u00f9 che sufficiente per il cambiamento. E invece\u2026<\/p>\n<p>&nbsp;<\/p>\n<p>Mi sono illuso che l\u2019afflusso alle urne, soprattutto in occasione del ballottaggio, sarebbe stato plebiscitario e non si sarebbe dato ascolto alla voce di una candidata sindaco che, frustrata a causa della non elezione, invitava tutti ad andare al mare. E invece\u2026<\/p>\n<p>&nbsp;<\/p>\n<p>Mi sono illuso che, ancora prima dei programmi, nelle coalizioni si fosse raggiunto uno Stahlpakt, un patto d\u2019acciaio sulla spartizione delle poltrone \u00ad pardon, assegnazione degli incarichi \u00ad, delle deleghe e di tutto quello che occorre per far ripartire la macchina asfittica dell\u2019Amministrazione. E invece\u2026<\/p>\n<p>&nbsp;<\/p>\n<p><a href=\"http:\/\/www.brundisium.net\/brun\/wp-content\/uploads\/2014\/06\/bancarella-bozzano.jpg\"><img loading=\"lazy\" decoding=\"async\" class=\"size-medium wp-image-16030 alignleft\" src=\"http:\/\/www.brundisium.net\/brun\/wp-content\/uploads\/2014\/06\/bancarella-bozzano-300x225.jpg\" alt=\"bancarella bozzano\" width=\"300\" height=\"225\" srcset=\"https:\/\/www.brundisium.net\/brun\/wp-content\/uploads\/2014\/06\/bancarella-bozzano-300x225.jpg 300w, https:\/\/www.brundisium.net\/brun\/wp-content\/uploads\/2014\/06\/bancarella-bozzano.jpg 800w\" sizes=\"auto, (max-width: 300px) 100vw, 300px\" \/><\/a> Mi sono illuso che i brindisini avessero finalmente superato la fase del panem et circenses, quella delle sagre strapaesane (e meno male che il Commissario Prefettizio ha pensato bene di sopprimere il Wine Festival e Bari s\u2019\u00e8 portato via il Salone Nautico Meridionale!) con i corsi e il lungomare invasi da bancarelle piene di prodotti che nulla hanno a vedere con le nostre tradizioni e, nelle ore notturne, i bivacchi di extracomunitari con relativo accumulo di spazzatura e proliferare di scarafaggi ed altri animaletti. E invece\u2026<\/p>\n<p>&nbsp;<\/p>\n<p>E invece la Montagna della grossa macchina elettorale non \u00e8 ancora riuscita a partorire il topolino di uno straccio di Giunta e il Consiglio Comunale non si \u00e8 ancora riunito una sola volta.<\/p>\n<p>&nbsp;<\/p>\n<p>E tutto questo mentre i grossi problemi rimangono al palo. Vedasi l\u2019affidamento ventennale alla Grimaldi degli unici attracchi del nostro porto, la definizione \u00ad dopo la conduzione fallimentare dell\u2019Ecologica Pugliese \u00ad della Societ\u00e0 che deve gestire i rifiuti. Anzi, no: qui qualcosa \u00e8 stata fatta dal nostro caro Presidente della Regione. Quella di conferire per i prossimi due mesi migliaia di tonnellate di rifiuti all\u2019Emilia e Romagna, con un ulteriore aggravio della gi\u00e0 pesante Tari che grava sui contribuenti brindisini (i pi\u00f9 tartassati d\u2019Italia, a fronte di un Servizio praticamente inesistente).<br \/>\nE mi fermo qui visto che parlavo di priorit\u00e0.<\/p>\n<p>&nbsp;<\/p>\n<p>Qualche giorno fa ho rivisto con piacere alla televisione il film \u201cNell\u2019anno del Signore\u201d, ambientato nella Roma papalina del 1825, quella di Leone XII.<\/p>\n<p>Uno dei due nobili carbonari, prima di lasciare la testa nella cesta, rivoltosi al popolo plaudente per lo spettacolo della decapitazione offerto gratis dal cardinale Ricasoli (oggi, almeno, i cardinali pensano ad aggiustarsi i super attici) cos\u00ec dice: \u00abBuona notte, popolo!\u00bb.<br \/>\n<a href=\"http:\/\/www.brundisium.net\/brun\/wp-content\/uploads\/2014\/02\/monumentodinotte1024.jpg\"><img loading=\"lazy\" decoding=\"async\" class=\"alignright size-medium wp-image-3675\" src=\"http:\/\/www.brundisium.net\/brun\/wp-content\/uploads\/2014\/02\/monumentodinotte1024-300x225.jpg\" alt=\"monumentodinotte1024\" width=\"300\" height=\"225\" srcset=\"https:\/\/www.brundisium.net\/brun\/wp-content\/uploads\/2014\/02\/monumentodinotte1024-300x225.jpg 300w, https:\/\/www.brundisium.net\/brun\/wp-content\/uploads\/2014\/02\/monumentodinotte1024.jpg 1024w\" sizes=\"auto, (max-width: 300px) 100vw, 300px\" \/><\/a>E cos\u00ec dico anch\u2019io: \u00abBuona notte, brindisini!\u00bb.<br \/>\nIl problema infatti non \u00e8 la sindaca (o chi, dicono i maligni, l\u2019aiuta a fare la sindaca), non sono i consiglieri\/assessori che da anni bazzicano nelle stanze del Comune, e nemmeno un certo tipo di giornalismo che, in barba alla deontologia professionale, a seconda di come spira il vento, giunge a travisare spudoratamente la realt\u00e0.<br \/>\nDunque, il vero problema per cui questa citt\u00e0 sta morendo sono i brindisini; siamo noi che, irrimediabilmente afflitti da un pernicioso oblio di noi stessi, vivacchiamo dimentichi delle grandi cose che Brindisi ha saputo fare nel passato. Siamo noi a cui piace tenere gli occhi socchiusi: vedere e non vedere. Siamo noi quelli che al diritto\/dovere di voto sancito dalla Costituzione, preferiamo le spiagge.<br \/>\nBrundisium delendum est? A questo punto, mi duole dirlo, \u00e8 il caso di metterci il punto esclamativo. E buona notte!<\/p>\n<p>&nbsp;<\/p>\n<p><strong>Guido Giampietro<\/strong><\/p>\n","protected":false},"excerpt":{"rendered":"<p>Ho riflettuto molto se aggiungere al titolo il punto interrogativo o quello esclamativo e alla fine ho optato per la prima scelta, quella di lasciare ai lettori la decisione: volete voi che Brindisi sia rasa al suolo o necessita ancora di una proroga che la tragga fuori dal pantano maleodorante in cui si trova? O magari ha bisogno di un \u201clavoretto\u201d dell\u2019architetto schizzato Christo? Vale a dire, mandiamo via tutti gli abitanti (tanto la diaspora \u00e8 gi\u00e0 in corso da alcuni anni) e facciamo \u201cimpacchettare\u201d da Christo tutta Brindisi. Dal Castello Alfonsino a S. Elia. Fino a quando? Finch\u00e9 non torni nei cuori l\u2019amore vero per questa citt\u00e0. &nbsp; Ma procediamo con ordine e cerchiamo di analizzare le cause che portano alla distruzione (nel nostro caso all\u2019auto distruzione) una citt\u00e0. Per Salvatore Settis le citt\u00e0 muoiono in tre modi. Primo: quando le distrugge un nemico spietato (come Cartagine che fu rasa al suolo da Roma nel 146 a.C. \u00abCarthago delenda est\u00bb, gridava Catone il censore al termine di ogni suo&#8230;<\/p>\n","protected":false},"author":2,"featured_media":76694,"comment_status":"open","ping_status":"closed","sticky":false,"template":"","format":"standard","meta":{"footnotes":""},"categories":[3129],"tags":[],"class_list":["post-76733","post","type-post","status-publish","format-standard","has-post-thumbnail","hentry","category-guido-giampietro"],"_links":{"self":[{"href":"https:\/\/www.brundisium.net\/index.php\/wp-json\/wp\/v2\/posts\/76733","targetHints":{"allow":["GET"]}}],"collection":[{"href":"https:\/\/www.brundisium.net\/index.php\/wp-json\/wp\/v2\/posts"}],"about":[{"href":"https:\/\/www.brundisium.net\/index.php\/wp-json\/wp\/v2\/types\/post"}],"author":[{"embeddable":true,"href":"https:\/\/www.brundisium.net\/index.php\/wp-json\/wp\/v2\/users\/2"}],"replies":[{"embeddable":true,"href":"https:\/\/www.brundisium.net\/index.php\/wp-json\/wp\/v2\/comments?post=76733"}],"version-history":[{"count":2,"href":"https:\/\/www.brundisium.net\/index.php\/wp-json\/wp\/v2\/posts\/76733\/revisions"}],"predecessor-version":[{"id":76735,"href":"https:\/\/www.brundisium.net\/index.php\/wp-json\/wp\/v2\/posts\/76733\/revisions\/76735"}],"wp:featuredmedia":[{"embeddable":true,"href":"https:\/\/www.brundisium.net\/index.php\/wp-json\/wp\/v2\/media\/76694"}],"wp:attachment":[{"href":"https:\/\/www.brundisium.net\/index.php\/wp-json\/wp\/v2\/media?parent=76733"}],"wp:term":[{"taxonomy":"category","embeddable":true,"href":"https:\/\/www.brundisium.net\/index.php\/wp-json\/wp\/v2\/categories?post=76733"},{"taxonomy":"post_tag","embeddable":true,"href":"https:\/\/www.brundisium.net\/index.php\/wp-json\/wp\/v2\/tags?post=76733"}],"curies":[{"name":"wp","href":"https:\/\/api.w.org\/{rel}","templated":true}]}}