{"id":77077,"date":"2016-07-15T13:20:35","date_gmt":"2016-07-15T11:20:35","guid":{"rendered":"http:\/\/www.brundisium.net\/brun\/?p=77077"},"modified":"2016-07-15T13:20:35","modified_gmt":"2016-07-15T11:20:35","slug":"trasferimento-centro-ustionati-fondazione-tonino-di-giulio-brindisi-non-merita-altri-schiaffoni-ormai-la-misura-e-colma","status":"publish","type":"post","link":"https:\/\/www.brundisium.net\/index.php\/trasferimento-centro-ustionati-fondazione-tonino-di-giulio-brindisi-non-merita-altri-schiaffoni-ormai-la-misura-e-colma\/","title":{"rendered":"Trasferimento Centro Ustionati: Fondazione Tonino Di Giulio &#8220;Brindisi non merita altri schiaffoni, ormai la misura \u00e8 colma&#8221;"},"content":{"rendered":"<p>La Fondazione Tonino Di Giulio esprime grande preoccupazione per le notizie diffuse dalla stampa sul trasferimento del centro grandi ustionati  e di altri reparti dall\u2019Ospedale Perrino di Brindisi al Fazzi di Lecce.<br \/>\nPossibile che la Regione voglia cancellare decenni di eccellenza, di professionalit\u00e0, di ottimi risultati, con un colpo di mano?  Questo reparto e gli altri di cui si \u201cmormora\u201d sono  un punto di riferimento per la Puglia, per le regioni limitrofe e per tutto il Sud, che senso ha eliminare ci\u00f2 che funziona bene?<br \/>\nOppure \u00e8 proprio Brindisi che deve essere cancellata?<br \/>\nIl Dott. Di Giulio, di fronte alle angherie, ai soprusi, alla devastazione ambientale e  sanitaria, ha sempre sollecitato tutti  a compiere fino in fondo il proprio dovere di cittadini, anche  imparando a rivendicare i propri diritti e  a  non mendicarli come favori.<br \/>\nBrindisi ha gi\u00e0 dato prova di coraggio durante i dieci lunghi anni in cui si \u00e8 battuta contro il rigassificatore, forse \u00e8 arrivato il momento di una nuova mobilitazione, per difendere ci\u00f2 che ci appartiene, senza timori reverenziali nei confronti di nessuno. I Brindisini, senza continuare a piangersi addosso  aspettando Godot, nella speranza che siano altri a salvarla , devono dimostrare di amare veramente questa citt\u00e0. Rivolgiamo un appello a tutte le Associazioni affinch\u00e9 ritrovino unit\u00e0 di intenti e consapevolezza delle proprie responsabilit\u00e0.<br \/>\nLe Istituzioni a tutti i livelli di questo territorio, a parte l\u2019unica voce nel deserto, farebbero bene,  a preoccuparsi di quello che avviene nel mondo reale e a vigilare. Brindisi non merita altri schiaffoni, ormai la misura \u00e8 colma.<\/p>\n<p>COMUNICATO STAMPA FONDAZIONE TONINO DI GIULIO<\/p>\n","protected":false},"excerpt":{"rendered":"<p>La Fondazione Tonino Di Giulio esprime grande preoccupazione per le notizie diffuse dalla stampa sul trasferimento del centro grandi ustionati e di altri reparti dall\u2019Ospedale Perrino di Brindisi al Fazzi di Lecce. Possibile che la Regione voglia cancellare decenni di eccellenza, di professionalit\u00e0, di ottimi risultati, con un colpo di mano? Questo reparto e gli altri di cui si \u201cmormora\u201d sono un punto di riferimento per la Puglia, per le regioni limitrofe e per tutto il Sud, che senso ha eliminare ci\u00f2 che funziona bene? Oppure \u00e8 proprio Brindisi che deve essere cancellata? Il Dott. Di Giulio, di fronte alle angherie, ai soprusi, alla devastazione ambientale e sanitaria, ha sempre sollecitato tutti a compiere fino in fondo il proprio dovere di cittadini, anche imparando a rivendicare i propri diritti e a non mendicarli come favori. Brindisi ha gi\u00e0 dato prova di coraggio durante i dieci lunghi anni in cui si \u00e8 battuta contro il rigassificatore, forse \u00e8 arrivato il momento di una nuova mobilitazione, per difendere ci\u00f2 che ci appartiene,&#8230;<\/p>\n","protected":false},"author":4,"featured_media":1922,"comment_status":"open","ping_status":"closed","sticky":false,"template":"","format":"standard","meta":{"footnotes":""},"categories":[7],"tags":[3175,3174],"class_list":["post-77077","post","type-post","status-publish","format-standard","has-post-thumbnail","hentry","category-news","tag-fondazione-tonino-di-giulio","tag-trasferimento-centro-ustionati"],"_links":{"self":[{"href":"https:\/\/www.brundisium.net\/index.php\/wp-json\/wp\/v2\/posts\/77077","targetHints":{"allow":["GET"]}}],"collection":[{"href":"https:\/\/www.brundisium.net\/index.php\/wp-json\/wp\/v2\/posts"}],"about":[{"href":"https:\/\/www.brundisium.net\/index.php\/wp-json\/wp\/v2\/types\/post"}],"author":[{"embeddable":true,"href":"https:\/\/www.brundisium.net\/index.php\/wp-json\/wp\/v2\/users\/4"}],"replies":[{"embeddable":true,"href":"https:\/\/www.brundisium.net\/index.php\/wp-json\/wp\/v2\/comments?post=77077"}],"version-history":[{"count":1,"href":"https:\/\/www.brundisium.net\/index.php\/wp-json\/wp\/v2\/posts\/77077\/revisions"}],"predecessor-version":[{"id":77078,"href":"https:\/\/www.brundisium.net\/index.php\/wp-json\/wp\/v2\/posts\/77077\/revisions\/77078"}],"wp:featuredmedia":[{"embeddable":true,"href":"https:\/\/www.brundisium.net\/index.php\/wp-json\/wp\/v2\/media\/1922"}],"wp:attachment":[{"href":"https:\/\/www.brundisium.net\/index.php\/wp-json\/wp\/v2\/media?parent=77077"}],"wp:term":[{"taxonomy":"category","embeddable":true,"href":"https:\/\/www.brundisium.net\/index.php\/wp-json\/wp\/v2\/categories?post=77077"},{"taxonomy":"post_tag","embeddable":true,"href":"https:\/\/www.brundisium.net\/index.php\/wp-json\/wp\/v2\/tags?post=77077"}],"curies":[{"name":"wp","href":"https:\/\/api.w.org\/{rel}","templated":true}]}}