{"id":7711,"date":"2014-03-12T13:48:10","date_gmt":"2014-03-12T12:48:10","guid":{"rendered":"http:\/\/www.brundisium.net\/brun\/?p=7711"},"modified":"2014-03-12T17:49:42","modified_gmt":"2014-03-12T16:49:42","slug":"positiva-partecipazione-delle-aziende-fasanesi-alla-fiera-olio-capitale","status":"publish","type":"post","link":"https:\/\/www.brundisium.net\/index.php\/positiva-partecipazione-delle-aziende-fasanesi-alla-fiera-olio-capitale\/","title":{"rendered":"Positiva partecipazione delle aziende fasanesi alla Fiera &#8220;Olio Capitale&#8221;"},"content":{"rendered":"<p>Il bilancio della partecipazione di dieci aziende olearie fasanesi alla fiera internazionale sull\u2019olio extra-vergine d\u2019oliva \u201cOlio capitale\u201d, svoltasi a Trieste dal 7 al 10 marzo scorsi \u00abpu\u00f2 definirsi, senz\u2019alcun dubbio, eccellente \u2013 afferma Renzo De Leonardis, assessore alle Attivit\u00e0 produttive che ha presenziato alla kermesse triestina-; devo dire che il risultato \u00e8 stato al di l\u00e0 di ogni nostra pur rosea aspettativa e l\u2019Amministrazione comunale continuer\u00e0 a supportare le imprese locali in ogni campo, poich\u00e9 solo dalla forte sinergia pubblico-privato si pongono le basi per lo sviluppo del nostro territorio.<\/p>\n<p>La recente adesione del Comune alla rete nazionale \u201cCitt\u00e0 dell\u2019olio\u201d, promotrice e organizzatrice della partecipazione delle imprese pugliesi all\u2019evento fieristico triestino, \u00e8 stata una scelta azzeccata \u2013 sottolinea l\u2019assessore De Leonardis \u2013 e di questo siamo convinti oggi pi\u00f9 che mai. Una \u201crete\u201d crea un\u2019azione combinata tra tutti i protagonisti che, quindi, raggiunge sempre il positivo risultato. Occorre continuare su questa strada. Perci\u00f2, ringrazio gli imprenditori oleari che hanno risposto al nostro invito, con l\u2019auspicio che lo spirito di collaborazione prosegua con ancora maggiore convinzione: insieme \u2013 sottolinea De Leonardis &#8211; possiamo e dobbiamo vincere le sfide che ci ritroviamo dinanzi\u00bb.<\/p>\n<p>&nbsp;<\/p>\n<p>Le 10 aziende fasanesi che hanno partecipato a \u201cOlio capitale\u201d sono state Masseria Pezze Galere, Masseria Salamina, la cooperativa \u201cCo.pa.pe.\u201d, l\u2019azienda agricola \u201cF.lli Savoia\u201d, la masseria \u201cIl Capitolo\u201d, la cooperativa \u201cL\u2019Agricola Montalbanese\u201d, l\u2019azienda agricola \u201cAdriatica Vivai \u2013 Olio Profumi di Castro\u201d, la Masseria Narducci, l\u2019oleificio \u201cGiovanni Petruzzi\u201d e la societ\u00e0 agricola \u201cAgricoltura Fanizza\u201d. Tutte le aziende hanno voluto esprimere profonda soddisfazione per la partecipazione all\u2019evento fieristico triestino:<\/p>\n<p>&nbsp;<\/p>\n<p><strong>MASSERIA PEZZE GALERE<\/strong><\/p>\n<p>\u201cSoddisfattissimi dei risultati fieristici, ma soprattutto orgogliosi per aver creato unione e collaborazione tra dieci aziende olivicole del nostro territorio. tutto ci\u00f2 \u00e8 stato possibile grazie all\u2019impegno dell\u2019assessorato alle Attivit\u00e0 produttive\u201d<\/p>\n<p>&nbsp;<\/p>\n<p><strong>MASSERIA SALAMINA<\/strong><\/p>\n<p>\u201cLa fiera di Trieste ha rappresentato un\u2019ottima occasione di promozione e vendita per le aziende agricole fasanesi, nonch\u00e9, grazie a l\u2019opera dell\u2019Amministrazione comunale, una importante opportunit\u00e0 di sviluppo per il nostro territorio. Abbiamo riscontrato, in particolare, grande interesse da parte dei buyer stranieri, che hanno apprezzato l\u2019eccellente olio fasanese e sono rimasti affascinati dai nostri ulivi secolari\u201d.<\/p>\n<p>&nbsp;<\/p>\n<p><strong>COOPERATIVA MONTALBANESE<\/strong><\/p>\n<p>\u201cLa partecipazione ad Olio Capitale \u00e8 stata per la societ\u00e0 una opportunit\u00e0 molto importante, non solo per la presentazione dei nostri oli ma anche per l\u2019ampio confronto con tutti i partecipanti; inoltre, la grande soddisfazione e l\u2019apprezzamento riscontrati dai visitatori per i nostri oli ci hanno molto gratificati. Un ringraziamento va al Comune di Fasano ed in particolare all\u2019assessore alle Attivit\u00e0 produttive De Leonardis per l\u2019infinito impegno profuso e per l&#8217;iniziativa realizzata in collaborazione con le nostre aziende cittadine\u201d.<\/p>\n<p>&nbsp;<\/p>\n<p><strong>COOPERATIVA COPAPE di Pezze di Greco<\/strong><\/p>\n<p>\u201cPer noi \u00e8 stata la prima esperienza alla fiera di Trieste e siamo molto soddisfatti. Abbiamo riscontrato grande interesse per il nostro prodotto ed il nostro territorio. Ringraziamo l\u2019Amministrazione comunale per aver aderito ad una cos\u00ec importante manifestazione\u201d.<\/p>\n<p>&nbsp;<\/p>\n<p><strong>OLEIFICIO GIOVANNI PETRUZZI<\/strong><\/p>\n<p>\u201cLa partecipazione a Olio capitale \u00e8 stata un piccolo traguardo ed un grande punto di partenza per l\u2019olivicoltura fasanese, realizzata anche grazie all\u2019Amministrazione comunale, nella persona dell\u2019assessore De Leonardis, che ha reso possibile una esperienza fino a qualche anno fa apparentemente irrealizzabile\u201d.<\/p>\n<p>&nbsp;<\/p>\n<p><strong>SOCIETA\u2019 AGRICOLA F.LLI SAVOIA<\/strong><\/p>\n<p>\u201cSi \u00e8 trattato di un importante momento di crescita e di confronto, grazie alla presenza di aziende nazionali ed estere che hanno una marcia in pi\u00f9 sotto il profilo qualitativo, produttivo e promozionale. Sicuramente nei prossimi anni parteciperemo a questa importante rassegna internazionale pi\u00f9 competitivi e pronti a comunicare l\u2019eccellenza della produzione olearia del nostro territorio\u201d.<\/p>\n<p>&nbsp;<\/p>\n<p><strong>MASSERIA IL CAPITOLO.<\/strong><\/p>\n<p>\u201cFasano oggi con \u201cCitt\u00e0 dell\u2019olio\u201d ha un\u2019importante chance di poter promuovere, attraverso l\u2019olio extravergine di oliva, il proprio territorio unico e impareggiabile. Abbiamo avuto un buon feedback in termini di indici di gradimento da parte dei visitatori e, soprattutto, sin dalla fase di pianificazione del progetto, abbiamo riscontrato un rinnovato spirito di cooperazione e partecipazione tra gli espositori\u201d.<\/p>\n<p>&nbsp;<\/p>\n<p><strong>AZIENDA AGRICOLA ADRIATICA VIVAI<\/strong><\/p>\n<p>\u201cSi \u00e8 trattato di un importante momento per promuovere il nostro territorio e i nostri prodotti. Il prossimo anno sarebbe interessante abbinare all\u2019evento la promozione enogastronomica regionale\u201d.<\/p>\n<p>&nbsp;<\/p>\n<p><strong>SOCIETA\u2019 AGRICOLA AGRICULTURA FANIZZA<\/strong><\/p>\n<p>\u201cLa fiera ha rappresentato un evento esclusivo nell\u2019ottica della promozione del territorio, che ci ha permesso di presentare la tipicit\u00e0 del nostro olio extravergine accanto all\u2019attrattivit\u00e0 delle nostre bellezze paesaggistiche e architettoniche, prime fra tutte le masserie\u201d.<\/p>\n<p>&nbsp;<\/p>\n<p><strong>AGRITURISMO MASSERIA NARDUCCI<\/strong><\/p>\n<p>\u201cL\u2019evento internazionale ci ha permesso di conoscere aziende dell\u2019ambito europeo ed extraeuropeo. Per le prossime edizioni promuoveremo in maniera sinergica e sempre pi\u00f9 competitiva l\u2019enogastronomia, la produzione olivicola e l\u2019ospitalit\u00e0 del territorio\u201d.<\/p>\n<p>&nbsp;<\/p>\n<p>&nbsp;<\/p>\n<p>&nbsp;<\/p>\n<p>&nbsp;<\/p>\n","protected":false},"excerpt":{"rendered":"<p>Il bilancio della partecipazione di dieci aziende olearie fasanesi alla fiera internazionale sull\u2019olio extra-vergine d\u2019oliva \u201cOlio capitale\u201d, svoltasi a Trieste dal 7 al 10 marzo scorsi \u00abpu\u00f2 definirsi, senz\u2019alcun dubbio, eccellente \u2013 afferma Renzo De Leonardis, assessore alle Attivit\u00e0 produttive che ha presenziato alla kermesse triestina-; devo dire che il risultato \u00e8 stato al di l\u00e0 di ogni nostra pur rosea aspettativa e l\u2019Amministrazione comunale continuer\u00e0 a supportare le imprese locali in ogni campo, poich\u00e9 solo dalla forte sinergia pubblico-privato si pongono le basi per lo sviluppo del nostro territorio. La recente adesione del Comune alla rete nazionale \u201cCitt\u00e0 dell\u2019olio\u201d, promotrice e organizzatrice della partecipazione delle imprese pugliesi all\u2019evento fieristico triestino, \u00e8 stata una scelta azzeccata \u2013 sottolinea l\u2019assessore De Leonardis \u2013 e di questo siamo convinti oggi pi\u00f9 che mai. Una \u201crete\u201d crea un\u2019azione combinata tra tutti i protagonisti che, quindi, raggiunge sempre il positivo risultato. Occorre continuare su questa strada. Perci\u00f2, ringrazio gli imprenditori oleari che hanno risposto al nostro invito, con l\u2019auspicio che lo spirito di collaborazione&#8230;<\/p>\n","protected":false},"author":2,"featured_media":6892,"comment_status":"open","ping_status":"open","sticky":false,"template":"","format":"standard","meta":{"footnotes":""},"categories":[7],"tags":[1324],"class_list":["post-7711","post","type-post","status-publish","format-standard","has-post-thumbnail","hentry","category-news","tag-olio-capitale"],"_links":{"self":[{"href":"https:\/\/www.brundisium.net\/index.php\/wp-json\/wp\/v2\/posts\/7711","targetHints":{"allow":["GET"]}}],"collection":[{"href":"https:\/\/www.brundisium.net\/index.php\/wp-json\/wp\/v2\/posts"}],"about":[{"href":"https:\/\/www.brundisium.net\/index.php\/wp-json\/wp\/v2\/types\/post"}],"author":[{"embeddable":true,"href":"https:\/\/www.brundisium.net\/index.php\/wp-json\/wp\/v2\/users\/2"}],"replies":[{"embeddable":true,"href":"https:\/\/www.brundisium.net\/index.php\/wp-json\/wp\/v2\/comments?post=7711"}],"version-history":[{"count":1,"href":"https:\/\/www.brundisium.net\/index.php\/wp-json\/wp\/v2\/posts\/7711\/revisions"}],"predecessor-version":[{"id":7712,"href":"https:\/\/www.brundisium.net\/index.php\/wp-json\/wp\/v2\/posts\/7711\/revisions\/7712"}],"wp:featuredmedia":[{"embeddable":true,"href":"https:\/\/www.brundisium.net\/index.php\/wp-json\/wp\/v2\/media\/6892"}],"wp:attachment":[{"href":"https:\/\/www.brundisium.net\/index.php\/wp-json\/wp\/v2\/media?parent=7711"}],"wp:term":[{"taxonomy":"category","embeddable":true,"href":"https:\/\/www.brundisium.net\/index.php\/wp-json\/wp\/v2\/categories?post=7711"},{"taxonomy":"post_tag","embeddable":true,"href":"https:\/\/www.brundisium.net\/index.php\/wp-json\/wp\/v2\/tags?post=7711"}],"curies":[{"name":"wp","href":"https:\/\/api.w.org\/{rel}","templated":true}]}}