{"id":77776,"date":"2016-07-23T17:18:06","date_gmt":"2016-07-23T15:18:06","guid":{"rendered":"http:\/\/www.brundisium.net\/brun\/?p=77776"},"modified":"2016-07-29T14:39:27","modified_gmt":"2016-07-29T12:39:27","slug":"3-milioni-di-euro-per-andare-a-mare-sui-massi-di-ida-santoro","status":"publish","type":"post","link":"https:\/\/www.brundisium.net\/index.php\/3-milioni-di-euro-per-andare-a-mare-sui-massi-di-ida-santoro\/","title":{"rendered":"3 milioni di euro per andare a mare sui massi. Di Ida Santoro"},"content":{"rendered":"<p><a href=\"http:\/\/www.brundisium.net\/brun\/wp-content\/uploads\/2016\/07\/Lavori_costa_IdaSantoro-1.jpg\"><img loading=\"lazy\" decoding=\"async\" class=\"alignright size-medium wp-image-77777\" src=\"http:\/\/www.brundisium.net\/brun\/wp-content\/uploads\/2016\/07\/Lavori_costa_IdaSantoro-1-300x199.jpg\" alt=\"Lavori_costa_IdaSantoro (1)\" width=\"300\" height=\"199\" srcset=\"https:\/\/www.brundisium.net\/brun\/wp-content\/uploads\/2016\/07\/Lavori_costa_IdaSantoro-1-300x199.jpg 300w, https:\/\/www.brundisium.net\/brun\/wp-content\/uploads\/2016\/07\/Lavori_costa_IdaSantoro-1-768x511.jpg 768w, https:\/\/www.brundisium.net\/brun\/wp-content\/uploads\/2016\/07\/Lavori_costa_IdaSantoro-1.jpg 940w\" sizes=\"auto, (max-width: 300px) 100vw, 300px\" \/><\/a>Il cartello \u00e8 chiaro: progetto di messa in sicurezza geomorfologica del litorale a nord di Brindisi &#8211; tanto atteso &#8211; approvato dal Comune con Delibera del 2015 dopo l\u2019affidamento dell\u2019appalto, in attuazione degli interventi in difesa del suolo ai sensi della Delibera di Giunta Regionale n. 523 del 2013.<\/p>\n<p>&nbsp;<\/p>\n<p>I lavori sono stati avviati alla fine del 2015 con il primo intervento sul \u201ctratto 01\u201d, in zona Apani a ridosso della Riserva di Torre Guaceto in corrispondenza di una propriet\u00e0 privata in cui non c\u2019\u00e8 accesso alla spiaggia ormai da decenni per assenza di arenile. Se il senso dei lavori \u00e8 la messa in sicurezza del litorale per permettere la maggiore fruibilit\u00e0 dei tratti di spiaggia libera parte dei cittadini, tanto che ogni anno vengono emesse ordinanze comunali per \u201cla tutela della incolumit\u00e0 pubblica in funzione dell\u2019uso abitualmente rinveniente nelle dette aree\u201d con l\u2019interdizione, di balneazione, accesso e stazionamento nei tratti censiti come critici, mi chiedo perch\u00e9 partire da una zona in cui nessuno ha interesse ad accedere. In altri punti pi\u00f9 vicini alla citt\u00e0 si pu\u00f2 riscontrare la stessa situazione, ad oggi nulla \u00e8 cambiato rispetto agli anni scorsi, stessa ordinanza, nessun nuovo accesso a spiagge libere.<\/p>\n<p>&nbsp;<\/p>\n\n\t\t<style type=\"text\/css\">\n\t\t\t#gallery-1 {\n\t\t\t\tmargin: auto;\n\t\t\t}\n\t\t\t#gallery-1 .gallery-item {\n\t\t\t\tfloat: left;\n\t\t\t\tmargin-top: 10px;\n\t\t\t\ttext-align: center;\n\t\t\t\twidth: 33%;\n\t\t\t}\n\t\t\t#gallery-1 img {\n\t\t\t\tborder: 2px solid #cfcfcf;\n\t\t\t}\n\t\t\t#gallery-1 .gallery-caption {\n\t\t\t\tmargin-left: 0;\n\t\t\t}\n\t\t\t\/* see gallery_shortcode() in wp-includes\/media.php *\/\n\t\t<\/style>\n\t\t<div id='gallery-1' class='gallery galleryid-77776 gallery-columns-3 gallery-size-thumbnail'><dl class='gallery-item'>\n\t\t\t<dt class='gallery-icon landscape'>\n\t\t\t\t<a href='https:\/\/www.brundisium.net\/index.php\/3-milioni-di-euro-per-andare-a-mare-sui-massi-di-ida-santoro\/lavori_costa_idasantoro-5\/'><img loading=\"lazy\" decoding=\"async\" width=\"150\" height=\"150\" src=\"https:\/\/www.brundisium.net\/brun\/wp-content\/uploads\/2016\/07\/Lavori_costa_IdaSantoro-5-150x150.jpg\" class=\"attachment-thumbnail size-thumbnail\" alt=\"\" srcset=\"https:\/\/www.brundisium.net\/brun\/wp-content\/uploads\/2016\/07\/Lavori_costa_IdaSantoro-5-150x150.jpg 150w, https:\/\/www.brundisium.net\/brun\/wp-content\/uploads\/2016\/07\/Lavori_costa_IdaSantoro-5-600x600.jpg 600w, https:\/\/www.brundisium.net\/brun\/wp-content\/uploads\/2016\/07\/Lavori_costa_IdaSantoro-5-60x60.jpg 60w\" sizes=\"auto, (max-width: 150px) 100vw, 150px\" \/><\/a>\n\t\t\t<\/dt><\/dl><dl class='gallery-item'>\n\t\t\t<dt class='gallery-icon landscape'>\n\t\t\t\t<a href='https:\/\/www.brundisium.net\/index.php\/3-milioni-di-euro-per-andare-a-mare-sui-massi-di-ida-santoro\/lavori_costa_idasantoro-6\/'><img loading=\"lazy\" decoding=\"async\" width=\"150\" height=\"150\" src=\"https:\/\/www.brundisium.net\/brun\/wp-content\/uploads\/2016\/07\/Lavori_costa_IdaSantoro-6-150x150.jpg\" class=\"attachment-thumbnail size-thumbnail\" alt=\"\" srcset=\"https:\/\/www.brundisium.net\/brun\/wp-content\/uploads\/2016\/07\/Lavori_costa_IdaSantoro-6-150x150.jpg 150w, https:\/\/www.brundisium.net\/brun\/wp-content\/uploads\/2016\/07\/Lavori_costa_IdaSantoro-6-600x600.jpg 600w, https:\/\/www.brundisium.net\/brun\/wp-content\/uploads\/2016\/07\/Lavori_costa_IdaSantoro-6-60x60.jpg 60w\" sizes=\"auto, (max-width: 150px) 100vw, 150px\" \/><\/a>\n\t\t\t<\/dt><\/dl><dl class='gallery-item'>\n\t\t\t<dt class='gallery-icon landscape'>\n\t\t\t\t<a href='https:\/\/www.brundisium.net\/index.php\/3-milioni-di-euro-per-andare-a-mare-sui-massi-di-ida-santoro\/lavori_costa_idasantoro-7\/'><img loading=\"lazy\" decoding=\"async\" width=\"150\" height=\"150\" src=\"https:\/\/www.brundisium.net\/brun\/wp-content\/uploads\/2016\/07\/Lavori_costa_IdaSantoro-7-150x150.jpg\" class=\"attachment-thumbnail size-thumbnail\" alt=\"\" srcset=\"https:\/\/www.brundisium.net\/brun\/wp-content\/uploads\/2016\/07\/Lavori_costa_IdaSantoro-7-150x150.jpg 150w, https:\/\/www.brundisium.net\/brun\/wp-content\/uploads\/2016\/07\/Lavori_costa_IdaSantoro-7-600x600.jpg 600w, https:\/\/www.brundisium.net\/brun\/wp-content\/uploads\/2016\/07\/Lavori_costa_IdaSantoro-7-60x60.jpg 60w\" sizes=\"auto, (max-width: 150px) 100vw, 150px\" \/><\/a>\n\t\t\t<\/dt><\/dl><br style=\"clear: both\" \/>\n\t\t<\/div>\n\n<p>&nbsp;<\/p>\n<p>Nell\u2019introduzione del progetto preliminare della Regione, a proposito di Brindisi si legge: \u201cRimane evidente che tale situazione, se da un lato ha conclamato il rischio per l\u2019incolumit\u00e0 pubblica con l\u2019adozione degli inevitabili provvedimenti amministrativi interdittivi, dall\u2019altro ha di fatto reso impossibile la fruizione pubblica del bene mare e pregiudicato seriamente l\u2019attivit\u00e0 turistico &#8211; balneare considerato che, il tratto di interesse, la costa a nord del centro abitato, \u00e8 un\u2019area caratterizzata da un paesaggio di grande qualit\u00e0 sia dal punto di vista naturalistico che da quello degli storici inserimenti antropici. Detta area \u00e8 oltremodo contraddistinta da una arteria viaria provinciale proprio a ridosso della falesia e da edificati diffusi, frammisti a numerosi stabilimenti balneari oltre che a veri e propri contesti urbani in via di formazione.\u201d<\/p>\n<p>&nbsp;<\/p>\n<p>Il progetto preliminare approvato con la Delibera di Giunta Regionale del 2013 indica poi la zona interessata dai lavori: \u201cIl tratto oggetto di studio si sviluppa per circa 14 Km in linea d\u2019aria e corre dalla foce del \u201ccanale Reale\u201d (1570 mt a sud di Torre Guaceto) passando per \u201cApani\u201d (toponimi \u201ccanale Apani\u201d e \u201cscogli di Apani\u201d), \u201cPosticeddu\u201d, \u201cCase Bianche\u201d, \u201cTorre Testa\u201d, \u201ccanale Giancola\u201d, \u201ccanale Sbitri\u201d, \u201cPunta Patedda\u201d e fino a \u201cPunta Penne\u201d terminale della SUF 3.2\u201d.<\/p>\n<p>&nbsp;<\/p>\n\n\t\t<style type=\"text\/css\">\n\t\t\t#gallery-2 {\n\t\t\t\tmargin: auto;\n\t\t\t}\n\t\t\t#gallery-2 .gallery-item {\n\t\t\t\tfloat: left;\n\t\t\t\tmargin-top: 10px;\n\t\t\t\ttext-align: center;\n\t\t\t\twidth: 33%;\n\t\t\t}\n\t\t\t#gallery-2 img {\n\t\t\t\tborder: 2px solid #cfcfcf;\n\t\t\t}\n\t\t\t#gallery-2 .gallery-caption {\n\t\t\t\tmargin-left: 0;\n\t\t\t}\n\t\t\t\/* see gallery_shortcode() in wp-includes\/media.php *\/\n\t\t<\/style>\n\t\t<div id='gallery-2' class='gallery galleryid-77776 gallery-columns-3 gallery-size-thumbnail'><dl class='gallery-item'>\n\t\t\t<dt class='gallery-icon landscape'>\n\t\t\t\t<a href='https:\/\/www.brundisium.net\/index.php\/3-milioni-di-euro-per-andare-a-mare-sui-massi-di-ida-santoro\/lavori_costa_idasantoro-3\/'><img loading=\"lazy\" decoding=\"async\" width=\"150\" height=\"150\" src=\"https:\/\/www.brundisium.net\/brun\/wp-content\/uploads\/2016\/07\/Lavori_costa_IdaSantoro-3-150x150.jpg\" class=\"attachment-thumbnail size-thumbnail\" alt=\"\" srcset=\"https:\/\/www.brundisium.net\/brun\/wp-content\/uploads\/2016\/07\/Lavori_costa_IdaSantoro-3-150x150.jpg 150w, https:\/\/www.brundisium.net\/brun\/wp-content\/uploads\/2016\/07\/Lavori_costa_IdaSantoro-3-600x600.jpg 600w, https:\/\/www.brundisium.net\/brun\/wp-content\/uploads\/2016\/07\/Lavori_costa_IdaSantoro-3-60x60.jpg 60w\" sizes=\"auto, (max-width: 150px) 100vw, 150px\" \/><\/a>\n\t\t\t<\/dt><\/dl><dl class='gallery-item'>\n\t\t\t<dt class='gallery-icon landscape'>\n\t\t\t\t<a href='https:\/\/www.brundisium.net\/index.php\/3-milioni-di-euro-per-andare-a-mare-sui-massi-di-ida-santoro\/lavori_costa_idasantoro-1\/'><img loading=\"lazy\" decoding=\"async\" width=\"150\" height=\"150\" src=\"https:\/\/www.brundisium.net\/brun\/wp-content\/uploads\/2016\/07\/Lavori_costa_IdaSantoro-1-150x150.jpg\" class=\"attachment-thumbnail size-thumbnail\" alt=\"\" srcset=\"https:\/\/www.brundisium.net\/brun\/wp-content\/uploads\/2016\/07\/Lavori_costa_IdaSantoro-1-150x150.jpg 150w, https:\/\/www.brundisium.net\/brun\/wp-content\/uploads\/2016\/07\/Lavori_costa_IdaSantoro-1-600x600.jpg 600w, https:\/\/www.brundisium.net\/brun\/wp-content\/uploads\/2016\/07\/Lavori_costa_IdaSantoro-1-60x60.jpg 60w\" sizes=\"auto, (max-width: 150px) 100vw, 150px\" \/><\/a>\n\t\t\t<\/dt><\/dl><dl class='gallery-item'>\n\t\t\t<dt class='gallery-icon landscape'>\n\t\t\t\t<a href='https:\/\/www.brundisium.net\/index.php\/3-milioni-di-euro-per-andare-a-mare-sui-massi-di-ida-santoro\/lavori_costa_idasantoro-2\/'><img loading=\"lazy\" decoding=\"async\" width=\"150\" height=\"150\" src=\"https:\/\/www.brundisium.net\/brun\/wp-content\/uploads\/2016\/07\/Lavori_costa_IdaSantoro-2-150x150.jpg\" class=\"attachment-thumbnail size-thumbnail\" alt=\"\" srcset=\"https:\/\/www.brundisium.net\/brun\/wp-content\/uploads\/2016\/07\/Lavori_costa_IdaSantoro-2-150x150.jpg 150w, https:\/\/www.brundisium.net\/brun\/wp-content\/uploads\/2016\/07\/Lavori_costa_IdaSantoro-2-600x600.jpg 600w, https:\/\/www.brundisium.net\/brun\/wp-content\/uploads\/2016\/07\/Lavori_costa_IdaSantoro-2-60x60.jpg 60w\" sizes=\"auto, (max-width: 150px) 100vw, 150px\" \/><\/a>\n\t\t\t<\/dt><\/dl><br style=\"clear: both\" \/>\n\t\t<\/div>\n\n<p>&nbsp;<\/p>\n<p>I lavori avviati dal Comune di Brindisi non partono da Canale Reale, escludono invece parte della riserva di Torre Guaceto &#8211; quella di maggiore interesse per cittadini e turisti &#8211; e cominciano all\u2019altezza degli scogli di Apani (nel \u201ctratto 01\u201d), in una zona in cui oggi si accede sui massi coperti da muschio e poi direttamente in acqua. Nessun intervento, inoltre, \u00e8 stato realizzato nel punto in cui nel 2010 \u00e8 morto un ricercatore di Taranto proprio a causa del crollo di parte della falesia. I lavori si interrompono poco prima.<\/p>\n<p>&nbsp;<\/p>\n<p>E\u2019 vero, oggi i lavori non sono ancora terminati, e la priorit\u00e0 \u00e8 stata data ai punti in cui la falesia presentava altezze maggiori, ma un\u2019idea ce la possiamo fare tutti percorrendo il nostro litorale e leggendo gli atti. \u00c8 previsto il ripascimento della spiaggia? Quando? Perch\u00e9 non realizzare i lavori nei punti in cui era presente arenile e sussisteva solo un problema di accesso? Credo che come al solito manchi un po\u2019 di trasparenza, ma anche la dovuta conoscenza della nostra costa (per troppi anni abbandonata) da parte di chi deve tutelarla, e un po\u2019 di amore per questa citt\u00e0.<\/p>\n<p>&nbsp;<\/p>\n<p>(Le foto sono state scattate in localit\u00e0 Apani nel mese di maggio scorso, ma ad oggi la situazione \u00e8 la stessa)<\/p>\n<p>&nbsp;<\/p>\n<p><strong>Ida Santoro<\/strong><\/p>\n","protected":false},"excerpt":{"rendered":"<p>Il cartello \u00e8 chiaro: progetto di messa in sicurezza geomorfologica del litorale a nord di Brindisi &#8211; tanto atteso &#8211; approvato dal Comune con Delibera del 2015 dopo l\u2019affidamento dell\u2019appalto, in attuazione degli interventi in difesa del suolo ai sensi della Delibera di Giunta Regionale n. 523 del 2013. &nbsp; I lavori sono stati avviati alla fine del 2015 con il primo intervento sul \u201ctratto 01\u201d, in zona Apani a ridosso della Riserva di Torre Guaceto in corrispondenza di una propriet\u00e0 privata in cui non c\u2019\u00e8 accesso alla spiaggia ormai da decenni per assenza di arenile. Se il senso dei lavori \u00e8 la messa in sicurezza del litorale per permettere la maggiore fruibilit\u00e0 dei tratti di spiaggia libera parte dei cittadini, tanto che ogni anno vengono emesse ordinanze comunali per \u201cla tutela della incolumit\u00e0 pubblica in funzione dell\u2019uso abitualmente rinveniente nelle dette aree\u201d con l\u2019interdizione, di balneazione, accesso e stazionamento nei tratti censiti come critici, mi chiedo perch\u00e9 partire da una zona in cui nessuno ha interesse ad accedere. In&#8230;<\/p>\n","protected":false},"author":2,"featured_media":77780,"comment_status":"open","ping_status":"closed","sticky":false,"template":"","format":"standard","meta":{"footnotes":""},"categories":[9,7,389],"tags":[],"class_list":["post-77776","post","type-post","status-publish","format-standard","has-post-thumbnail","hentry","category-interventi","category-news","category-territorio"],"_links":{"self":[{"href":"https:\/\/www.brundisium.net\/index.php\/wp-json\/wp\/v2\/posts\/77776","targetHints":{"allow":["GET"]}}],"collection":[{"href":"https:\/\/www.brundisium.net\/index.php\/wp-json\/wp\/v2\/posts"}],"about":[{"href":"https:\/\/www.brundisium.net\/index.php\/wp-json\/wp\/v2\/types\/post"}],"author":[{"embeddable":true,"href":"https:\/\/www.brundisium.net\/index.php\/wp-json\/wp\/v2\/users\/2"}],"replies":[{"embeddable":true,"href":"https:\/\/www.brundisium.net\/index.php\/wp-json\/wp\/v2\/comments?post=77776"}],"version-history":[{"count":3,"href":"https:\/\/www.brundisium.net\/index.php\/wp-json\/wp\/v2\/posts\/77776\/revisions"}],"predecessor-version":[{"id":77786,"href":"https:\/\/www.brundisium.net\/index.php\/wp-json\/wp\/v2\/posts\/77776\/revisions\/77786"}],"wp:featuredmedia":[{"embeddable":true,"href":"https:\/\/www.brundisium.net\/index.php\/wp-json\/wp\/v2\/media\/77780"}],"wp:attachment":[{"href":"https:\/\/www.brundisium.net\/index.php\/wp-json\/wp\/v2\/media?parent=77776"}],"wp:term":[{"taxonomy":"category","embeddable":true,"href":"https:\/\/www.brundisium.net\/index.php\/wp-json\/wp\/v2\/categories?post=77776"},{"taxonomy":"post_tag","embeddable":true,"href":"https:\/\/www.brundisium.net\/index.php\/wp-json\/wp\/v2\/tags?post=77776"}],"curies":[{"name":"wp","href":"https:\/\/api.w.org\/{rel}","templated":true}]}}