{"id":7819,"date":"2014-03-13T15:33:34","date_gmt":"2014-03-13T14:33:34","guid":{"rendered":"http:\/\/www.brundisium.net\/brun\/?p=7819"},"modified":"2014-03-13T17:26:13","modified_gmt":"2014-03-13T16:26:13","slug":"de-biasi-alla-asl-br-esperienza-che-inorgoglisce-e-che-non-ha-colore-politico","status":"publish","type":"post","link":"https:\/\/www.brundisium.net\/index.php\/de-biasi-alla-asl-br-esperienza-che-inorgoglisce-e-che-non-ha-colore-politico\/","title":{"rendered":"De Biasi: Alla Asl BR esperienza che inorgoglisce e che non ha colore politico"},"content":{"rendered":"<p>\u201cUna buona iniziativa non ha colore politico: \u00e8 buona e basta\u201d: il presidente del gruppo consiliare \u2018La Puglia prima di tutto\u2019, Francesco De Biasi, commenta cos\u00ec il progetto della Asl Brindisi, che ha consentito l\u2019assunzione di diciotto ragazzi disabili, affetti dalla sindrome di Down e audiolesi, dopo un apprezzabile percorso formativo.<br \/>\n\u201cSarebbe un errore clamoroso \u2013 spiega De Biasi \u2013 se ci nascondessimo dietro scudi politici o ideologici. La nostra etica ci impone di valutare con la massima serenit\u00e0 l\u2019operato di chi opera occupando incarichi pubblici. Ed in questo caso non abbiamo difficolt\u00e0 a promuovere l\u2019operato del direttore generale della Asl di Brindisi, Paola Ciannamea, a prescindere dagli schieramenti e dalle dietrologie che non ci appartengono\u201d.<br \/>\nSecondo il presidente De Biasi \u201cquanto accaduto a Brindisi dimostra che nessuno \u00e8 tagliato fuori dalla vita sociale e lavorativa se \u00e8 in grado di garantire il proprio impegno. Ed il fatto che a monte del percorso formativo organizzato dalla Asl e dalla Provincia i posti disponibili fossero solo dieci, non ha impedito di garantire a tutti il salto di qualit\u00e0, proprio in virt\u00f9 dell\u2019eccellente rendimento dei ragazzi. Il merito di tutto questo \u00e8 in primis degli stessi giovani che hanno creduto nelle proprie possibilit\u00e0, ma anche dei dirigenti e dei formatori, che evidentemente sono stati in grado di cogliere ed esaltare le capacit\u00e0 di ognuno di questi ragazzi.<\/p>\n<p>E\u2019 un premio non solo per loro, ma anche per le loro famiglie che li hanno sostenuti in un percorso di crescita certamente pi\u00f9 difficile rispetto ai loro coetanei. Pertanto, riteniamo sia una vicenda di cui andare tutti fieri perch\u00e9 per una volta Brindisi ha dimostrato di non essere quel Sud buio e profondo che ogni tanto qualcuno dipinge\u201d.<\/p>\n<p>&nbsp;<\/p>\n<p><strong>COMUNICATO STAMPA FRANCESCO DE BIASI &#8211; CONSIGLIERE REGIONALE DE LA PUGLIA PRIMA DI TUTTO<\/strong><\/p>\n","protected":false},"excerpt":{"rendered":"<p>\u201cUna buona iniziativa non ha colore politico: \u00e8 buona e basta\u201d: il presidente del gruppo consiliare \u2018La Puglia prima di tutto\u2019, Francesco De Biasi, commenta cos\u00ec il progetto della Asl Brindisi, che ha consentito l\u2019assunzione di diciotto ragazzi disabili, affetti dalla sindrome di Down e audiolesi, dopo un apprezzabile percorso formativo. \u201cSarebbe un errore clamoroso \u2013 spiega De Biasi \u2013 se ci nascondessimo dietro scudi politici o ideologici. La nostra etica ci impone di valutare con la massima serenit\u00e0 l\u2019operato di chi opera occupando incarichi pubblici. Ed in questo caso non abbiamo difficolt\u00e0 a promuovere l\u2019operato del direttore generale della Asl di Brindisi, Paola Ciannamea, a prescindere dagli schieramenti e dalle dietrologie che non ci appartengono\u201d. Secondo il presidente De Biasi \u201cquanto accaduto a Brindisi dimostra che nessuno \u00e8 tagliato fuori dalla vita sociale e lavorativa se \u00e8 in grado di garantire il proprio impegno. Ed il fatto che a monte del percorso formativo organizzato dalla Asl e dalla Provincia i posti disponibili fossero solo dieci, non ha impedito di&#8230;<\/p>\n","protected":false},"author":2,"featured_media":2318,"comment_status":"open","ping_status":"open","sticky":false,"template":"","format":"standard","meta":{"footnotes":""},"categories":[7],"tags":[778,575],"class_list":["post-7819","post","type-post","status-publish","format-standard","has-post-thumbnail","hentry","category-news","tag-asl-brindisi","tag-de-biasi"],"_links":{"self":[{"href":"https:\/\/www.brundisium.net\/index.php\/wp-json\/wp\/v2\/posts\/7819","targetHints":{"allow":["GET"]}}],"collection":[{"href":"https:\/\/www.brundisium.net\/index.php\/wp-json\/wp\/v2\/posts"}],"about":[{"href":"https:\/\/www.brundisium.net\/index.php\/wp-json\/wp\/v2\/types\/post"}],"author":[{"embeddable":true,"href":"https:\/\/www.brundisium.net\/index.php\/wp-json\/wp\/v2\/users\/2"}],"replies":[{"embeddable":true,"href":"https:\/\/www.brundisium.net\/index.php\/wp-json\/wp\/v2\/comments?post=7819"}],"version-history":[{"count":1,"href":"https:\/\/www.brundisium.net\/index.php\/wp-json\/wp\/v2\/posts\/7819\/revisions"}],"predecessor-version":[{"id":7820,"href":"https:\/\/www.brundisium.net\/index.php\/wp-json\/wp\/v2\/posts\/7819\/revisions\/7820"}],"wp:featuredmedia":[{"embeddable":true,"href":"https:\/\/www.brundisium.net\/index.php\/wp-json\/wp\/v2\/media\/2318"}],"wp:attachment":[{"href":"https:\/\/www.brundisium.net\/index.php\/wp-json\/wp\/v2\/media?parent=7819"}],"wp:term":[{"taxonomy":"category","embeddable":true,"href":"https:\/\/www.brundisium.net\/index.php\/wp-json\/wp\/v2\/categories?post=7819"},{"taxonomy":"post_tag","embeddable":true,"href":"https:\/\/www.brundisium.net\/index.php\/wp-json\/wp\/v2\/tags?post=7819"}],"curies":[{"name":"wp","href":"https:\/\/api.w.org\/{rel}","templated":true}]}}