{"id":784,"date":"2013-11-25T19:34:51","date_gmt":"2013-11-25T18:34:51","guid":{"rendered":"http:\/\/www.seltest.info\/brun\/?p=784"},"modified":"2013-11-27T09:35:06","modified_gmt":"2013-11-27T08:35:06","slug":"prc-emanuele-modugno-e-il-nuovo-segretario-provinciale","status":"publish","type":"post","link":"https:\/\/www.brundisium.net\/index.php\/prc-emanuele-modugno-e-il-nuovo-segretario-provinciale\/","title":{"rendered":"PRC: Emanuele Modugno \u00e8 il nuovo segretario provinciale"},"content":{"rendered":"<p>Si \u00e8 tenuto a Brindisi il 24\/11\/2013  il IX Congresso Provinciale del Partito della Rifondazione Comunista.<br \/>\nDopo ampio e proficuo dibattito \u00e8 emersa forte la necessit\u00e0 del rilancio del Partito stesso , individuando nei punti seguenti gli obiettivi generali da perseguire:<br \/>\nI\/le Delegati\/e hanno ribadito la necessit\u00e0 di costruire una forza comunista dichiaratamente anticapitalista, ambientalista e femminista che attraversi tutti i luoghi e i soggetti del conflitto attualmente attivi nello scenario politico.<br \/>\nIl dibattito si \u00e8 caratterizzato per il richiamo all\u2019unit\u00e0 di tutti i soggetti in lotta per costruire un fronte in grado di contrastare le politiche prodotte dall\u2019Austerity e dal neoliberismo.<br \/>\nIl tema dell\u2019Euro e dell\u2019Europa hanno avuto ampio spazio aprendo una discussione articolata circa le scelte future che il partito dovr\u00e0 assumere.<br \/>\nIl congresso nel ribadire la necessit\u00e0 di essere alternativi al centrosinistra  e alle forze che lo compongono , ha discusso abbondantemente del modello del Partito Sociale e della possibilit\u00e0 che esso apre nella ricostruzione della \u2018classe\u2019 e della forma partito.<br \/>\nLe\/i Delegate\/i hanno ritenuto  fondamentale la formazione per migliorare la qualit\u00e0 dell\u2019organizzazione e per creare nuovi quadri comunisti in grado di svolgere un ruolo protagonista nei movimenti e nella societ\u00e0.<br \/>\nIl Partito ha rinnovato il proprio impegno nei Comuni  la dove ci saranno le elezioni amministrative.<\/p>\n<p>All\u2019unanimit\u00e0 il Direttivo  provinciale del PRC ha riconfermato Segretario provinciale   Emanuele Modugno ed ha eletto come delegati al Congresso nazionale, che si terr\u00e0 il 6-7-8 a Perugia, Nicola Cesaria, Anna Vitale e Giancarlo Scalone.<\/p>\n<p>Nella stessa giornata si \u00e8 riunito il direttivo del circolo  di Brindisi che ha eletto segretario cittadino Ivano Valente.<\/p>\n<p>\nDurante lo svolgimento dei  congressi   \u00e8 stato votato il seguente Ordine del Giorno:<br \/>\n<br \/><i><br \/>\nSi  impegna il Partito a promuovere una campagna per accelerare le dimissioni del Sindaco di Brindisi, costruendo con tutti gli strumenti necessari una adeguata informazione nei confronti della popolazione brindisina di quanto sta avvenendo.<\/p>\n<p>Il fenomeno criminale che sta investendo Brindisi e parte del Salento va guardato dritto negli occhi e  analizzato.<br \/>\nDi recente abbiamo visto un aumento esponenziale di fatti criminali, dalle rapine ai supermercati e alle attivit\u00e0 commerciali in genere, agli scandali che hanno investito il Comune di Brindisi e la ASL  di Brindisi, fino all&#8217;invio di proiettili al PM Milto De Nozza e ad un poliziotto della Questura di Brindisi. E&#8217; di ieri la notizia dell&#8217;incendio dell&#8217;auto del segretario cittadino del PD Antonio Elefante. <br \/>\nA tutte le persone offese va la nostra solidariet\u00e0. <br \/>\nNon tutti i fenomeni criminali sono uguali e non tutti hanno la stessa matrice, ma a Brindisi, abbiamo imparato negli anni, non vi \u00e8 nulla di folcloristico. Non era folcloristico il contrabbando, che infatti aveva ramificazioni internazionali e rapporti con alcuni paesi mediterranei e agiva con logiche macroeconomiche di tutto rispetto e non \u00e8 folcloristico ci\u00f2 che sta avvenendo ora. <br \/>\nIn questa fase ci\u00f2 che si trova davanti il territorio brindisino \u00e8 il prodotto complesso, molto complesso, degli effetti di una crisi economica e del modello politico di gestione di tale crisi. E&#8217; evidente che un processo di disoccupazione di massa sta producendo un ritorno alle attivit\u00e0 microcriminali da un lato e , dall&#8217;altro il modello politico applicato per dare risposte a queste degenerazioni \u00e8 assolutamente inadeguato. Non \u00e8 sufficiente un mero richiamo ai principi della legalit\u00e0 per uscire dal vortice: si rende indispensabile la costruzione di un&#8217;altra politica che agisca sui processi reali e produca risposte adeguate. Gli scandali recenti riguardo gli appalti della ASL di Brindisi, ad esempio, ci parlano di un sistema che si poggia su un modello politico, quello della privatizzazione del sistema sanitario che fa acqua da tutte le parti. Fermo restando il necessario garantismo del caso, ci\u00f2 che viene fuori \u00e8 che il sistema dei privilegi e del rapporto privatistico fra chi organizza il sistema pubblico e chi partecipa alle gare d&#8217;appalto \u00e8 troppo chiuso e privo del giusto grado di garanzie. Tutto questo rende la persona che necessita di sanit\u00e0 realmente fuori dagli obiettivi del modello messo in campo.<br \/>\nAnche la vicenda che vede protagonista il Sindaco di Brindisi lancia dei messaggi: parla di un rapporto privilegiato fra un Sindaco ed Equitalia nella gestione dei problemi privati del primo. Certo, anche qui, \u00e8 necessario attendere il lavoro della magistratura, ma appare assolutamente evidente che esiste uno scarto fra quello che farebbe un qualunque impiegato o dirigente di Equitalia nei confronti di un pensionato al minimo o di un cassintegrato e quello che viene fatto nei confronti di un Sindaco. In questi anni le cronache dei giornali erano ricche di notizie riguardo persone che si son suicidate proprio per i debiti con Equitalia senza poter accedere ad alcun rapporto privilegiato per trovare soluzioni ai propri problemi. <br \/>Riteniamo insufficienti le repliche del Sindaco Consales, in specie laddove pensa di trovare giustificazione attraverso il raffronto con le vicende che hanno visto protagonisti, a diversi livelli, il Ministro Cancellieri e il Presidente Vendola. <br \/>\nIl modello sociale nel quale siamo calati esprime esattamente questa disparit\u00e0, fra chi in modo autoreferenziale accede a forme di privilegio e chi ne resta fuori. Il Governo e principalmente la cultura delle larghe intese, che qui in Puglia e a Brindisi sembra assumere la forma delle larghissime intese perch\u00e9  coinvolge anche  SEL, ha come effetto la distruzione della politica e la possibilit\u00e0 di immaginare una alternativa che sia davvero tale. <br \/>\nSiamo persuasi che intorno a queste pratiche, sia che abbiano rilievo penale sia che non lo abbiano, si sia costruito un blocco di interessi territoriale che ha come scopo la propria riproduzione ai vertici della  classe dirigente e la continuazione della  cultura consociativa che storicamente ha caratterizzato questo territorio. <br \/>\nLa popolazione e le classi subalterne sono vittime di tale sistema e ne pagano gli effetti in termini di peggioramento delle condizioni di vita materiali, individuabili nel peggioramento della qualit\u00e0 del sistema sanitario e nelle mancate possibilit\u00e0 di accedere, senza padrini, ai pochi posti di lavoro che si rendono disponibili.<br \/>\n La richiesta di dimissioni sono il prodotto di una valutazione politica ed esulano dalla valutazione dei profili penali, la cui verifica \u00e8 nelle competenze della magistratura, ma individuano nel blocco di potere citato il soggetto plurale che decodifica gli interessi cui facciamo riferimento pi\u00f9 su. <i><\/p>\n<p>COMUNICATO STAMPA PARTITO DELLA RIFONDAZIONE COMUNISTA -FEDERAZIONE  PROV. DI BRINDISI<\/p>\n","protected":false},"excerpt":{"rendered":"<p>Si \u00e8 tenuto a Brindisi il 24\/11\/2013 il IX Congresso Provinciale del Partito della Rifondazione Comunista. Dopo ampio e proficuo dibattito \u00e8 emersa forte la necessit\u00e0 del rilancio del Partito stesso , individuando nei punti seguenti gli obiettivi generali da perseguire: I\/le Delegati\/e hanno ribadito la necessit\u00e0 di costruire una forza comunista dichiaratamente anticapitalista, ambientalista e femminista che attraversi tutti i luoghi e i soggetti del conflitto attualmente attivi nello scenario politico. Il dibattito si \u00e8 caratterizzato per il richiamo all\u2019unit\u00e0 di tutti i soggetti in lotta per costruire un fronte in grado di contrastare le politiche prodotte dall\u2019Austerity e dal neoliberismo. Il tema dell\u2019Euro e dell\u2019Europa hanno avuto ampio spazio aprendo una discussione articolata circa le scelte future che il partito dovr\u00e0 assumere. Il congresso nel ribadire la necessit\u00e0 di essere alternativi al centrosinistra e alle forze che lo compongono , ha discusso abbondantemente del modello del Partito Sociale e della possibilit\u00e0 che esso apre nella ricostruzione della \u2018classe\u2019 e della forma partito. Le\/i Delegate\/i hanno ritenuto fondamentale la&#8230;<\/p>\n","protected":false},"author":2,"featured_media":785,"comment_status":"open","ping_status":"open","sticky":false,"template":"","format":"standard","meta":{"footnotes":""},"categories":[7],"tags":[287],"class_list":["post-784","post","type-post","status-publish","format-standard","has-post-thumbnail","hentry","category-news","tag-prc"],"_links":{"self":[{"href":"https:\/\/www.brundisium.net\/index.php\/wp-json\/wp\/v2\/posts\/784","targetHints":{"allow":["GET"]}}],"collection":[{"href":"https:\/\/www.brundisium.net\/index.php\/wp-json\/wp\/v2\/posts"}],"about":[{"href":"https:\/\/www.brundisium.net\/index.php\/wp-json\/wp\/v2\/types\/post"}],"author":[{"embeddable":true,"href":"https:\/\/www.brundisium.net\/index.php\/wp-json\/wp\/v2\/users\/2"}],"replies":[{"embeddable":true,"href":"https:\/\/www.brundisium.net\/index.php\/wp-json\/wp\/v2\/comments?post=784"}],"version-history":[{"count":1,"href":"https:\/\/www.brundisium.net\/index.php\/wp-json\/wp\/v2\/posts\/784\/revisions"}],"predecessor-version":[{"id":786,"href":"https:\/\/www.brundisium.net\/index.php\/wp-json\/wp\/v2\/posts\/784\/revisions\/786"}],"wp:featuredmedia":[{"embeddable":true,"href":"https:\/\/www.brundisium.net\/index.php\/wp-json\/wp\/v2\/media\/785"}],"wp:attachment":[{"href":"https:\/\/www.brundisium.net\/index.php\/wp-json\/wp\/v2\/media?parent=784"}],"wp:term":[{"taxonomy":"category","embeddable":true,"href":"https:\/\/www.brundisium.net\/index.php\/wp-json\/wp\/v2\/categories?post=784"},{"taxonomy":"post_tag","embeddable":true,"href":"https:\/\/www.brundisium.net\/index.php\/wp-json\/wp\/v2\/tags?post=784"}],"curies":[{"name":"wp","href":"https:\/\/api.w.org\/{rel}","templated":true}]}}