{"id":7923,"date":"2014-03-14T13:20:24","date_gmt":"2014-03-14T12:20:24","guid":{"rendered":"http:\/\/www.brundisium.net\/brun\/?p=7923"},"modified":"2014-03-14T13:40:13","modified_gmt":"2014-03-14T12:40:13","slug":"sanita-curto-francavilla-declassata-da-vendola-e-dalle-lobbies","status":"publish","type":"post","link":"https:\/\/www.brundisium.net\/index.php\/sanita-curto-francavilla-declassata-da-vendola-e-dalle-lobbies\/","title":{"rendered":"Sanit\u00e0, Curto: &#8220;Francavilla declassata da Vendola e dalle lobbies&#8221;"},"content":{"rendered":"<p>\u201cLa Riorganizzazione in senso Dipartimentale dell\u2019Azienda Sanitaria Locale di Brindisi ci ha svelato una grande e funesta verit\u00e0: con la deliberazione D.G. n. 1258 del 4 luglio 2013 la lobbie politica di Brindisi e Fasano alla Regione Puglia ha stravolto la precedente pianificazione dei Distretti premiando al di l\u00e0 dei propri meriti sia il capoluogo che la citt\u00e0 della Selva, penalizzando, invece, il Distretto di Francavilla, con la citt\u00e0 degli Imperiali ormai candidata ad un ruolo di secondo piano all\u2019interno del sistema sanitario brindisino\u201d.<\/p>\n<p>Lo dichiara in una nota il consigliere regionale Euprepio Curto.<\/p>\n<p>\u201cQuando \u2013 ha commentato Curto \u2013 per Fasano si riconoscono tre Operative semplici, mentre al Distretto di Francavilla nemmeno uno, nonostante la presenza a Ceglie Messapico di un PTA, vuol dire che s\u2019intende completare l\u2019opera di demolizione della sanit\u00e0 pubblica in un\u2019area alle prese con la gestione drammatica di molti servizi, ad iniziare da quella del pronto soccorso del Camberlingo che un giorno di questi potrebbe provocare una sorta di class action tra i tanti cittadini costretti a rinunciare alla sua funzione nonostante l\u2019impegno pregevole del personale sanitario e non\u201d.<\/p>\n<p>\u201cUna responsabilit\u00e0 politica \u2013 ha proseguito Curto \u2013 che il Presidente Vendola deve condividere con tutta la maggioranza che lo sostiene, responsabile della \u201cafricanizzazione\u201d della sanit\u00e0 territoriale\u201d.<\/p>\n<p>\u201cNon c\u2019\u00e8 che dire \u2013 ha concluso l\u2019ex senatore &#8211; : un deprimenti risultato conseguito da chi nel 2005 divent\u00f2 governatore della Puglia proprio grazie alla sua battaglia per una Sanit\u00e0 migliore e oggi appare incapace di ribellarsi alle lobbies presenti nella sua maggioranza\u201d.<\/p>\n<p>&nbsp;<\/p>\n<p><strong>COMUNICATO STAMPA EUPREPIO CURTO &#8211; CONSIGLIERE REGIONALE<\/strong><\/p>\n","protected":false},"excerpt":{"rendered":"<p>\u201cLa Riorganizzazione in senso Dipartimentale dell\u2019Azienda Sanitaria Locale di Brindisi ci ha svelato una grande e funesta verit\u00e0: con la deliberazione D.G. n. 1258 del 4 luglio 2013 la lobbie politica di Brindisi e Fasano alla Regione Puglia ha stravolto la precedente pianificazione dei Distretti premiando al di l\u00e0 dei propri meriti sia il capoluogo che la citt\u00e0 della Selva, penalizzando, invece, il Distretto di Francavilla, con la citt\u00e0 degli Imperiali ormai candidata ad un ruolo di secondo piano all\u2019interno del sistema sanitario brindisino\u201d. Lo dichiara in una nota il consigliere regionale Euprepio Curto. \u201cQuando \u2013 ha commentato Curto \u2013 per Fasano si riconoscono tre Operative semplici, mentre al Distretto di Francavilla nemmeno uno, nonostante la presenza a Ceglie Messapico di un PTA, vuol dire che s\u2019intende completare l\u2019opera di demolizione della sanit\u00e0 pubblica in un\u2019area alle prese con la gestione drammatica di molti servizi, ad iniziare da quella del pronto soccorso del Camberlingo che un giorno di questi potrebbe provocare una sorta di class action tra i tanti cittadini&#8230;<\/p>\n","protected":false},"author":2,"featured_media":1084,"comment_status":"open","ping_status":"open","sticky":false,"template":"","format":"standard","meta":{"footnotes":""},"categories":[7],"tags":[353,875],"class_list":["post-7923","post","type-post","status-publish","format-standard","has-post-thumbnail","hentry","category-news","tag-curto","tag-sanita"],"_links":{"self":[{"href":"https:\/\/www.brundisium.net\/index.php\/wp-json\/wp\/v2\/posts\/7923","targetHints":{"allow":["GET"]}}],"collection":[{"href":"https:\/\/www.brundisium.net\/index.php\/wp-json\/wp\/v2\/posts"}],"about":[{"href":"https:\/\/www.brundisium.net\/index.php\/wp-json\/wp\/v2\/types\/post"}],"author":[{"embeddable":true,"href":"https:\/\/www.brundisium.net\/index.php\/wp-json\/wp\/v2\/users\/2"}],"replies":[{"embeddable":true,"href":"https:\/\/www.brundisium.net\/index.php\/wp-json\/wp\/v2\/comments?post=7923"}],"version-history":[{"count":1,"href":"https:\/\/www.brundisium.net\/index.php\/wp-json\/wp\/v2\/posts\/7923\/revisions"}],"predecessor-version":[{"id":7924,"href":"https:\/\/www.brundisium.net\/index.php\/wp-json\/wp\/v2\/posts\/7923\/revisions\/7924"}],"wp:featuredmedia":[{"embeddable":true,"href":"https:\/\/www.brundisium.net\/index.php\/wp-json\/wp\/v2\/media\/1084"}],"wp:attachment":[{"href":"https:\/\/www.brundisium.net\/index.php\/wp-json\/wp\/v2\/media?parent=7923"}],"wp:term":[{"taxonomy":"category","embeddable":true,"href":"https:\/\/www.brundisium.net\/index.php\/wp-json\/wp\/v2\/categories?post=7923"},{"taxonomy":"post_tag","embeddable":true,"href":"https:\/\/www.brundisium.net\/index.php\/wp-json\/wp\/v2\/tags?post=7923"}],"curies":[{"name":"wp","href":"https:\/\/api.w.org\/{rel}","templated":true}]}}