{"id":8019,"date":"2014-03-14T20:13:26","date_gmt":"2014-03-14T19:13:26","guid":{"rendered":"http:\/\/www.brundisium.net\/brun\/?p=8019"},"modified":"2014-03-15T12:15:05","modified_gmt":"2014-03-15T11:15:05","slug":"uil-nicolazzo-confermato-alla-guida-della-camera-comunale","status":"publish","type":"post","link":"https:\/\/www.brundisium.net\/index.php\/uil-nicolazzo-confermato-alla-guida-della-camera-comunale\/","title":{"rendered":"Uil: Nicolazzo confermato alla guida della Camera Comunale"},"content":{"rendered":"<p>Si \u00e8 tenuto in data 12 Marzo u.s., presso la sala conferenze di \u201cPalazzo Virgilio\u201d, il Congresso della Camera sindacale Comunale Uil di Brindisi. Presenti all\u2019importante appuntamento, dinanzi ad una folta presenza di cittadini, il responsabile della struttura, Nicolazzo Cosimo, il Segretario generale della C.S.T. UIL di Brindisi, Licchello Antonio, il Segretario della Uil Pensionati, Tindaro Giunta oltre ai responsabili dei servizi Ital, Capodieci Giancarlo, ADOC, Zippo Giuseppe ed Uniat, Curti Raffaele.<\/p>\n<p>Ha aperto i lavori del Congresso il responsabile della Camera sindacale Comunale UIL di Brindisi, Nicolazzo Cosimo, che nella sua relazione ha voluto ripercorrere gli anni di intenso e proficuo lavoro svolto dalla struttura grazie anche al contributo determinate dei propri collaboratori. Un lavoro, quello svolto, incentrato sulle tutele dei cittadini e finalizzato ad una maggiore crescita del territorio sia in termini di servizi che in termini di vivibilit\u00e0.<\/p>\n<p>Un\u2019attenzione particolare \u00e8 stata rivolta alle categorie pi\u00f9 deboli: gli anziani, i diversamente abili, le famiglie in difficolt\u00e0, gli immigrati. Una politica che ha avuto al centro dei propri interessi il bene dei cittadini e dell\u2019intera comunit\u00e0. Un concetto ripreso anche negli interventi del Segretario provinciale UILP, Tindaro Giunta che ha espresso apprezzamento per l\u2019attivit\u00e0 svolta in questi anni dalla struttura al servizio degli anziani e dei pi\u00f9 bisognosi.<\/p>\n<p>Ha concluso i lavori il Segretario provinciale della C.S.T. UIL Licchello Antonio che ha espresso, oltre che apprezzamento per il lavoro svolto, anche riconoscimento per la dedizione e l\u2019attaccamento alla struttura dimostrata dall\u2019intero gruppo dirigente guidato dal responsabile della Camera sindacale Comunale. Un lavoro che si \u00e8 tradotto in atti concreti a totale vantaggio dei cittadini sempre pi\u00f9 bisognosi di tutele e rappresentanza.<\/p>\n<p>La scelta della Uil di radicarsi nel territorio con la presenza sempre pi\u00f9 diffusa di sedi e servizi va in questa direzione.<\/p>\n<p>Molto ancora si pu\u00f2 fare nella direzione della maggiori tutele e nell\u2019implementazione dei servizi in questo ambito la camera sindacale territoriale UIL rinnova il suo impegno con sempre maggiore determinazione e con la presenza di ulteriori professionalit\u00e0.<\/p>\n<p>A conclusione dei lavori del Congresso sono state nominate le nuove strutture statutarie che vedono riconfermato Nicolazzo Cosimo alla guida della Camera sindacale Comunale Uil in veste di responsabile affiancato dai componenti del direttivo che risulta composto da:<\/p>\n<p>\uf0fc Adesso Corrado<br \/>\n\uf0fc Cataldi Giuseppe<br \/>\n\uf0fc D\u2019Abramo Carlos<br \/>\n\uf0fc Portoghese Nerea<\/p>\n<p>Sindaci revisori:<\/p>\n<p>\uf0fc Chirizzi Cosima<br \/>\n\uf0fc Cusani Ubaldo<br \/>\n\uf0fc Sciscio Giuseppe<\/p>\n<p>&nbsp;<\/p>\n<p><strong>COMUNICATO STAMPA UIL BRINDISI<\/strong><\/p>\n","protected":false},"excerpt":{"rendered":"<p>Si \u00e8 tenuto in data 12 Marzo u.s., presso la sala conferenze di \u201cPalazzo Virgilio\u201d, il Congresso della Camera sindacale Comunale Uil di Brindisi. Presenti all\u2019importante appuntamento, dinanzi ad una folta presenza di cittadini, il responsabile della struttura, Nicolazzo Cosimo, il Segretario generale della C.S.T. UIL di Brindisi, Licchello Antonio, il Segretario della Uil Pensionati, Tindaro Giunta oltre ai responsabili dei servizi Ital, Capodieci Giancarlo, ADOC, Zippo Giuseppe ed Uniat, Curti Raffaele. Ha aperto i lavori del Congresso il responsabile della Camera sindacale Comunale UIL di Brindisi, Nicolazzo Cosimo, che nella sua relazione ha voluto ripercorrere gli anni di intenso e proficuo lavoro svolto dalla struttura grazie anche al contributo determinate dei propri collaboratori. Un lavoro, quello svolto, incentrato sulle tutele dei cittadini e finalizzato ad una maggiore crescita del territorio sia in termini di servizi che in termini di vivibilit\u00e0. Un\u2019attenzione particolare \u00e8 stata rivolta alle categorie pi\u00f9 deboli: gli anziani, i diversamente abili, le famiglie in difficolt\u00e0, gli immigrati. Una politica che ha avuto al centro dei propri&#8230;<\/p>\n","protected":false},"author":2,"featured_media":2470,"comment_status":"open","ping_status":"open","sticky":false,"template":"","format":"standard","meta":{"footnotes":""},"categories":[7],"tags":[1362,500],"class_list":["post-8019","post","type-post","status-publish","format-standard","has-post-thumbnail","hentry","category-news","tag-nicolazzo","tag-uil"],"_links":{"self":[{"href":"https:\/\/www.brundisium.net\/index.php\/wp-json\/wp\/v2\/posts\/8019","targetHints":{"allow":["GET"]}}],"collection":[{"href":"https:\/\/www.brundisium.net\/index.php\/wp-json\/wp\/v2\/posts"}],"about":[{"href":"https:\/\/www.brundisium.net\/index.php\/wp-json\/wp\/v2\/types\/post"}],"author":[{"embeddable":true,"href":"https:\/\/www.brundisium.net\/index.php\/wp-json\/wp\/v2\/users\/2"}],"replies":[{"embeddable":true,"href":"https:\/\/www.brundisium.net\/index.php\/wp-json\/wp\/v2\/comments?post=8019"}],"version-history":[{"count":1,"href":"https:\/\/www.brundisium.net\/index.php\/wp-json\/wp\/v2\/posts\/8019\/revisions"}],"predecessor-version":[{"id":8020,"href":"https:\/\/www.brundisium.net\/index.php\/wp-json\/wp\/v2\/posts\/8019\/revisions\/8020"}],"wp:featuredmedia":[{"embeddable":true,"href":"https:\/\/www.brundisium.net\/index.php\/wp-json\/wp\/v2\/media\/2470"}],"wp:attachment":[{"href":"https:\/\/www.brundisium.net\/index.php\/wp-json\/wp\/v2\/media?parent=8019"}],"wp:term":[{"taxonomy":"category","embeddable":true,"href":"https:\/\/www.brundisium.net\/index.php\/wp-json\/wp\/v2\/categories?post=8019"},{"taxonomy":"post_tag","embeddable":true,"href":"https:\/\/www.brundisium.net\/index.php\/wp-json\/wp\/v2\/tags?post=8019"}],"curies":[{"name":"wp","href":"https:\/\/api.w.org\/{rel}","templated":true}]}}