{"id":8021,"date":"2014-03-15T10:30:33","date_gmt":"2014-03-15T09:30:33","guid":{"rendered":"http:\/\/www.brundisium.net\/brun\/?p=8021"},"modified":"2014-03-15T12:17:13","modified_gmt":"2014-03-15T11:17:13","slug":"tares-francavilla-camarda-noi-ci-siamo-tutto-da-rifare","status":"publish","type":"post","link":"https:\/\/www.brundisium.net\/index.php\/tares-francavilla-camarda-noi-ci-siamo-tutto-da-rifare\/","title":{"rendered":"Tares Francavilla, Camarda (Noi ci siamo): &#8220;tutto da rifare&#8221;"},"content":{"rendered":"<p>Ieri, gioved\u00ec 13 marzo 2014, si \u00e8 tenuta la prevista assemblea <b>del movimento civico \u201cNOI CI SIAMO<\/b>\u201d, dedicata alla vertenza \u201cTARES 2013\u201d che registra la sofferenza di molte famiglie, tantissime imprese, commerciali e industriali, oltre che delle parrocchie, per l\u2019aumento sproporzionato della tassa che, per l\u2019anno 2013 era destinato a coprire il costo del solo servizio di raccolta e smaltimento dei rifiuti.<\/p>\n<p>A seguito dell\u2019assemblea, molto partecipata, NOI CI SIAMO ha deciso di richiedere al Comune di rifare tutto il piano finanziario del servizio rifiuti ed i conteggi della tassa considerando, quindi, le cartelle inviate per il 2013 a solo titolo provvisorio. Ci\u00f2 alla luce, in particolare, della delibera di C. C. 60 del 28-12-2012 \u2013 sospetta in quanto ai tempi &#8211; che ha stravolto il costo del servizio facendolo passare da 4,7 milioni di euro ad euro 5,3 facendo passare Francavilla F.na per un Comune senza copertura del costo del servizio, nonostante che sin dal 2010 i cittadini pagassero il 100% dei 4,7 milioni di euro con la TARSU.<\/p>\n<p>Unendosi alla richiesta dei cittadini presenti, NOI CI SIAMO ha deciso di aderire allo sciopero cittadino proclamato dal \u201cComitato Civico TARES. Azzera i rifiuti = azzera la tassa\u201d che si terr\u00e0 alla fine del corrente mese di marzo. Il Movimento invita le realt\u00e0 parrocchiali ed ecclesiali ad unirsi alla manifestazione del Comitato Civico poich\u00e9 il problema della tassazione dei luoghi di culto non si risolve a s\u00e8 stante ma solo correggendo gli errori che sono stati fatti in passato e rivedendo nell\u2019insieme tutta la tassazione ed il servizio.<\/p>\n<p>Infine, il coordinatore Antonio Camarda ha sottolineato come appare strumentale la difesa \u201cad personam\u201d di un parroco, sia pure persona autorevole, per l\u2019addebito di importi abnormi di TARES pretendendo di affrontare e risolvere solo ci\u00f2 che riguarda la tassazione sui luoghi di culto e lasciando inalterato quanto \u00e8 stato fatto negli anni scorsi e che ha prodotto l\u2019attuale grave situazione. Si ignora, quindi, che gli aumenti hanno messo in crisi anche le famiglie e le imprese. Questa, da parte del candidato sindaco in pectore Attanasi e di qualche altro sodale, \u00e8 una palese strumentalizzazione elettorale che difende gli errori del passato lasciando in realt\u00e0 inalterata tutta la tassazione.<\/p>\n<p>IL Movimento ritiene, invece, che correggendo gli errori commessi, si possa diminuire la tassazione di non meno del 20%, forbice entro la quale troverebbe soluzione anche la tassazione dei luoghi di culto e della Caritas.<\/p>\n<p>&nbsp;<\/p>\n<p><strong>COMUNICATO STAMPA NOI CI SIAMO<\/strong><\/p>\n<p align=\"right\"><b>\u00a0\u00a0\u00a0\u00a0\u00a0\u00a0\u00a0\u00a0\u00a0\u00a0\u00a0\u00a0\u00a0\u00a0\u00a0\u00a0\u00a0\u00a0\u00a0\u00a0\u00a0\u00a0\u00a0\u00a0\u00a0\u00a0\u00a0\u00a0\u00a0\u00a0\u00a0\u00a0\u00a0\u00a0\u00a0\u00a0\u00a0\u00a0\u00a0\u00a0\u00a0\u00a0\u00a0\u00a0\u00a0\u00a0\u00a0\u00a0\u00a0\u00a0\u00a0\u00a0\u00a0\u00a0\u00a0\u00a0\u00a0\u00a0\u00a0\u00a0\u00a0\u00a0 \u00a0\u00a0\u00a0\u00a0\u00a0\u00a0\u00a0\u00a0\u00a0\u00a0\u00a0\u00a0\u00a0\u00a0\u00a0\u00a0\u00a0\u00a0\u00a0\u00a0\u00a0\u00a0\u00a0\u00a0\u00a0\u00a0\u00a0\u00a0\u00a0\u00a0<\/b><\/p>\n","protected":false},"excerpt":{"rendered":"<p>Ieri, gioved\u00ec 13 marzo 2014, si \u00e8 tenuta la prevista assemblea del movimento civico \u201cNOI CI SIAMO\u201d, dedicata alla vertenza \u201cTARES 2013\u201d che registra la sofferenza di molte famiglie, tantissime imprese, commerciali e industriali, oltre che delle parrocchie, per l\u2019aumento sproporzionato della tassa che, per l\u2019anno 2013 era destinato a coprire il costo del solo servizio di raccolta e smaltimento dei rifiuti. A seguito dell\u2019assemblea, molto partecipata, NOI CI SIAMO ha deciso di richiedere al Comune di rifare tutto il piano finanziario del servizio rifiuti ed i conteggi della tassa considerando, quindi, le cartelle inviate per il 2013 a solo titolo provvisorio. Ci\u00f2 alla luce, in particolare, della delibera di C. C. 60 del 28-12-2012 \u2013 sospetta in quanto ai tempi &#8211; che ha stravolto il costo del servizio facendolo passare da 4,7 milioni di euro ad euro 5,3 facendo passare Francavilla F.na per un Comune senza copertura del costo del servizio, nonostante che sin dal 2010 i cittadini pagassero il 100% dei 4,7 milioni di euro con la TARSU&#8230;.<\/p>\n","protected":false},"author":2,"featured_media":8022,"comment_status":"open","ping_status":"open","sticky":false,"template":"","format":"standard","meta":{"footnotes":""},"categories":[7],"tags":[1363,866,394],"class_list":["post-8021","post","type-post","status-publish","format-standard","has-post-thumbnail","hentry","category-news","tag-camarda","tag-noi-ci-siamo","tag-tares"],"_links":{"self":[{"href":"https:\/\/www.brundisium.net\/index.php\/wp-json\/wp\/v2\/posts\/8021","targetHints":{"allow":["GET"]}}],"collection":[{"href":"https:\/\/www.brundisium.net\/index.php\/wp-json\/wp\/v2\/posts"}],"about":[{"href":"https:\/\/www.brundisium.net\/index.php\/wp-json\/wp\/v2\/types\/post"}],"author":[{"embeddable":true,"href":"https:\/\/www.brundisium.net\/index.php\/wp-json\/wp\/v2\/users\/2"}],"replies":[{"embeddable":true,"href":"https:\/\/www.brundisium.net\/index.php\/wp-json\/wp\/v2\/comments?post=8021"}],"version-history":[{"count":1,"href":"https:\/\/www.brundisium.net\/index.php\/wp-json\/wp\/v2\/posts\/8021\/revisions"}],"predecessor-version":[{"id":8023,"href":"https:\/\/www.brundisium.net\/index.php\/wp-json\/wp\/v2\/posts\/8021\/revisions\/8023"}],"wp:featuredmedia":[{"embeddable":true,"href":"https:\/\/www.brundisium.net\/index.php\/wp-json\/wp\/v2\/media\/8022"}],"wp:attachment":[{"href":"https:\/\/www.brundisium.net\/index.php\/wp-json\/wp\/v2\/media?parent=8021"}],"wp:term":[{"taxonomy":"category","embeddable":true,"href":"https:\/\/www.brundisium.net\/index.php\/wp-json\/wp\/v2\/categories?post=8021"},{"taxonomy":"post_tag","embeddable":true,"href":"https:\/\/www.brundisium.net\/index.php\/wp-json\/wp\/v2\/tags?post=8021"}],"curies":[{"name":"wp","href":"https:\/\/api.w.org\/{rel}","templated":true}]}}