{"id":80796,"date":"2016-09-02T07:52:10","date_gmt":"2016-09-02T05:52:10","guid":{"rendered":"http:\/\/www.brundisium.net\/brun\/?p=80796"},"modified":"2016-09-02T07:41:50","modified_gmt":"2016-09-02T05:41:50","slug":"montalbano-folk-fest-fervono-i-preparativi-per-la-serata-in-onore-di-fabrizio-de-andre","status":"publish","type":"post","link":"https:\/\/www.brundisium.net\/index.php\/montalbano-folk-fest-fervono-i-preparativi-per-la-serata-in-onore-di-fabrizio-de-andre\/","title":{"rendered":"Montalbano Folk Fest: fervono i preparativi per la serata in onore di Fabrizio De Andr\u00e8"},"content":{"rendered":"<p>Fervono i preparativi per il Montalbano Folk Fest.<\/p>\n<p>Come noto, per la VI edizione della kermesse, il sodalizio presieduto da Biagio Convertini ha programmato un unico evento gratuito per gioved\u00ec 8 settembre, alle ore 21,00, in piazza della Libert\u00e0 a Montalbano.<\/p>\n<p>Ci\u00f2, in attesa di valutare l\u2019attenzione che intorno alla rassegna si registrer\u00e0 da parte delle istituzioni e da parte di quelle attivit\u00e0 che traggono un indubitabile ricavo da qualsiasi iniziativa che porta pubblico in piazza della Libert\u00e0, specie se numeroso.<\/p>\n<p>Nello specifico, la piazza di Montalbano, il prossimo 8 settembre, ospiter\u00e0 \u201cIl Concerto di Fabrizio de Andr\u00e9\u201d, la continuazione ideale del tour interrotto nel luglio 1998 \u201c, ha dichiarato Massimo Vinale, direttore artistico della rassegna.<br \/>\n\u201cNon si tratta di un tributo, di un omaggio, di una serata cover o di altre iniziative simili \u2013 ha spiegato Vinale\u00a0&#8211; , ma di coltivare un piccolo sogno: aggiungere nuove date a quella tourn\u00e9e interrotta 18 anni fa. Ci auguriamo, dunque &#8211; ha proseguito il Direttore artistico del Montalbano Folk Fest\u00a0&#8211; , che, dopo il nostro, altri concerti in altre piazze e teatri si possano tenere con lo stesso spirito, cos\u00ec da restituire linfa vitale, e giammai esercizio commemorativo, alla poesia e alla musica di Fabrizio De Andr\u00e9, che certamente sono sopravvissute all\u201911 gennaio 1999. Di qui il proposito &#8220;ha concluso&#8221; di rimettere insieme, per quanto possibile, la sua band \u201c.<\/p>\n<p>&nbsp;<\/p>\n<p>Non a caso, dunque, l\u2019associazione \u201cA Sud \u2013 La Compagnia dei Sognatori\u201d ha gi\u00e0 ottenuto il patrocinio del Comune di Fasano, della Provincia di Brindisi e della Regione Puglia; mentre a giorni, salvo imprevisti, dovrebbe arrivare quello della \u201cFondazione De Andr\u00e8\u201d.<\/p>\n<p>I \u201cSognatori di a Sud\u201d fanno, inoltre, sapere che marted\u00ec 6 settembre, alle ore 11,00, a Palazzo di Citt\u00e0 a Fasano, presente il Sindaco Francesco Zaccaria e gli Assessori Anna Rita Angelini e Gianluca Cisternino, si terr\u00e0 la conferenza stampa di presentazione dell\u2019evento canoro, a cui parteciper\u00e0 il chitarrista di Fabrizio De Andr\u00e9,&#8221; \u201cbelin&#8221; Michele<br \/>\nAscolese \u201c, in qualit\u00e0 di direttore musicale.<\/p>\n<p>A tal proposito, Massimo Vinale ha precisato che la scaletta del concerto riflette quella del Teatro Brancaccio di Roma del \u201998, cos\u00ec gli arrangiamenti.<\/p>\n<p>Se la musica di Fabrizio De Andr\u00e9, per l\u20198 settembre, rester\u00e0 nelle ottime mani dei Bandini, Cordini, Arcari, Ascolese ecc., le sue parole cariche di poesia e filosofia pratica saranno affidate alla voce del M\u00b0 Mimmo De Tullio, il cui impasto vocale non mancher\u00e0 di mettere i brividi al numeroso pubblico. Cos\u00ec Massimo Vinale: \u201c\u201dFiume Sand Creek\u201d, sar\u00e0 l\u2019alveo del regno dei regni \u201cSe ti tagliassero a pezzetti\u201d per \u201cQuello che non ho\u201d. In direzione \u201cRimini\u201d e \u201cA Cimma\u201d, invece, incontreremo il vestito gessato marrone di \u201cDon Raffa\u00e9\u201d, con cui, tutt\u2019insieme, canteremo \u201cAmore che vieni\u201d e \u201cBocca di Rosa\u201d, per poi angosciarci un po\u2019 con \u201cLa Canzone dell\u2019Amore perduto\u201d.<\/p>\n<p>La seconda parte de \u201cIl Concerto di Fabrizio De Andr\u00e9\u201d sar\u00e0 introdotta dalla meravigliosa \u201cCreuza de Ma\u2019\u201d, per poi andare in \u201cVia del Campo\u201d e in \u201cHotel Supramonte\u201d, dove \u201cLa guerra di Piero\u201d con \u201cSidun\u201d e \u201cMarinella\u201d ci consentir\u00e0 di aprire \u201cIl testamento di Tito\u201d e ereditare \u201cLa citt\u00e0 vecchia\u201d. L\u00ec \u201cIl Pescatore\u201d \u201cVolta la carta\u201d, mentre \u201cAndrea\u201d si \u00e8 perso per inseguire \u201cIl Gorilla\u201d. Buon Fabrizio De Andr\u00e9 a tutti \u201c.<\/p>\n<p>&nbsp;<\/p>\n<p>Chiosa finale: prima del concerto saranno consegnati il \u201cPremio Socio dell\u2019Anno\u201d, il \u201cPremio Dolmen 2015\u201d e il \u201cPremio Dolmen 2016\u201d. Sipario, ore 20,30.<\/p>\n","protected":false},"excerpt":{"rendered":"<p>Fervono i preparativi per il Montalbano Folk Fest. Come noto, per la VI edizione della kermesse, il sodalizio presieduto da Biagio Convertini ha programmato un unico evento gratuito per gioved\u00ec 8 settembre, alle ore 21,00, in piazza della Libert\u00e0 a Montalbano. Ci\u00f2, in attesa di valutare l\u2019attenzione che intorno alla rassegna si registrer\u00e0 da parte delle istituzioni e da parte di quelle attivit\u00e0 che traggono un indubitabile ricavo da qualsiasi iniziativa che porta pubblico in piazza della Libert\u00e0, specie se numeroso. Nello specifico, la piazza di Montalbano, il prossimo 8 settembre, ospiter\u00e0 \u201cIl Concerto di Fabrizio de Andr\u00e9\u201d, la continuazione ideale del tour interrotto nel luglio 1998 \u201c, ha dichiarato Massimo Vinale, direttore artistico della rassegna. \u201cNon si tratta di un tributo, di un omaggio, di una serata cover o di altre iniziative simili \u2013 ha spiegato Vinale\u00a0&#8211; , ma di coltivare un piccolo sogno: aggiungere nuove date a quella tourn\u00e9e interrotta 18 anni fa. Ci auguriamo, dunque &#8211; ha proseguito il Direttore artistico del Montalbano Folk Fest\u00a0&#8211; , che,&#8230;<\/p>\n","protected":false},"author":2,"featured_media":80797,"comment_status":"open","ping_status":"closed","sticky":false,"template":"","format":"standard","meta":{"footnotes":""},"categories":[189,7],"tags":[],"class_list":["post-80796","post","type-post","status-publish","format-standard","has-post-thumbnail","hentry","category-musica-2","category-news"],"_links":{"self":[{"href":"https:\/\/www.brundisium.net\/index.php\/wp-json\/wp\/v2\/posts\/80796","targetHints":{"allow":["GET"]}}],"collection":[{"href":"https:\/\/www.brundisium.net\/index.php\/wp-json\/wp\/v2\/posts"}],"about":[{"href":"https:\/\/www.brundisium.net\/index.php\/wp-json\/wp\/v2\/types\/post"}],"author":[{"embeddable":true,"href":"https:\/\/www.brundisium.net\/index.php\/wp-json\/wp\/v2\/users\/2"}],"replies":[{"embeddable":true,"href":"https:\/\/www.brundisium.net\/index.php\/wp-json\/wp\/v2\/comments?post=80796"}],"version-history":[{"count":1,"href":"https:\/\/www.brundisium.net\/index.php\/wp-json\/wp\/v2\/posts\/80796\/revisions"}],"predecessor-version":[{"id":80798,"href":"https:\/\/www.brundisium.net\/index.php\/wp-json\/wp\/v2\/posts\/80796\/revisions\/80798"}],"wp:featuredmedia":[{"embeddable":true,"href":"https:\/\/www.brundisium.net\/index.php\/wp-json\/wp\/v2\/media\/80797"}],"wp:attachment":[{"href":"https:\/\/www.brundisium.net\/index.php\/wp-json\/wp\/v2\/media?parent=80796"}],"wp:term":[{"taxonomy":"category","embeddable":true,"href":"https:\/\/www.brundisium.net\/index.php\/wp-json\/wp\/v2\/categories?post=80796"},{"taxonomy":"post_tag","embeddable":true,"href":"https:\/\/www.brundisium.net\/index.php\/wp-json\/wp\/v2\/tags?post=80796"}],"curies":[{"name":"wp","href":"https:\/\/api.w.org\/{rel}","templated":true}]}}