{"id":8224,"date":"2014-03-17T03:45:10","date_gmt":"2014-03-17T02:45:10","guid":{"rendered":"http:\/\/www.brundisium.net\/brun\/?p=8224"},"modified":"2014-03-17T07:36:41","modified_gmt":"2014-03-17T06:36:41","slug":"pesimena-fi-sulle-proposte-dei-commercianti-di-campo-di-mare","status":"publish","type":"post","link":"https:\/\/www.brundisium.net\/index.php\/pesimena-fi-sulle-proposte-dei-commercianti-di-campo-di-mare\/","title":{"rendered":"Pesimena (FI) sulle proposte dei commercianti di Campo di Mare"},"content":{"rendered":"<p>Riportiamo integralmente una dichiarazione di Luca Pesimena, componente del coordinamento comunale PdL-Forza Italia San Pietro Vernotico, su un incontro dell&#8217;associazione commercianti di Campo di Mare.<\/p>\n<p>&nbsp;<\/p>\n<p><em>Sabato 15 marzo 2014 presso la Sala Consiliare del Comune di San Pietro Vernotico si \u00e8 svolta una conferenza stampa dell\u2019associazione commercianti Campo di Mare dove si \u00e8 parlato principalmente di affluenza e turismo nella nostra marina.<\/em><\/p>\n<p><em> Personalmente non ho notato alcun tipo di progetto rilevante per portare ad un livello superiore la nostra bella localit\u00e0 balneare.<\/em><\/p>\n<p><em> Chi \u00e8 intervenuto ha chiaramente detto che non vi \u00e8 per adesso un progetto predefinito ed hanno espresso la volont\u00e0 di voler creare una card che possa essere utilizzata nei vari locali per cercare di aumentare l\u2019affluenza, e di voler creare con l\u2019aiuto di privati una rete di affitti settimanali di abitazioni.<\/em><\/p>\n<p><em>\u00a0Credo che questa sia davvero una strada che porter\u00e0 ben poco.<\/em><\/p>\n<p><em> Il mio pensiero \u00e8 che il punto di partenza per innescare il meccanismo della ripresa debba partire sincronicamente dall\u2019amministrazione comunale e dagli imprenditori locali, perch\u00e9 poter crescere ci deve essere collaborazione tra essi per attuare due cose importanti che aumenteranno senza ombra di dubbio la movida e conseguentemente l\u2019economia locale. <\/em><\/p>\n<p><em>Prima di parlare di progetti bisogna osservare tutta la zona, dove si potr\u00e0 costatare ci\u00f2 che l\u2019amministrazione del Sindaco Rizzo ha portato fin\u2019ora, cio\u00e8 macerie e cumuli di rifiuti sparsi ovunque, strade dissestate, bagni vandalizzati, erbe alte che invadono i marciapiedi e le strade, segnaletiche stradali mancanti e gravemente danneggiate, alcune zone completamente abbandonate ecc. Come \u00e8 possibile, e per quale motivo quest\u2019amministrazione ha portato al totale abbandono indecente e degradante la nostra bellissima marina? <\/em><\/p>\n<p><em>Come \u00e8 possibile che per stessa ammissione dell\u2019amministrazione non si possa portare in alcune zone la corrente elettrica per la musica e per tanti altri servizi necessari alla valorizzazione della zona marittima, sostenendo che non si possono stendere dei cavi elettrici volanti e scoperti. <\/em><\/p>\n<p><em>Beh caro Sindaco Rizzo le svelo un segreto, \u00e8 giusto che per ragioni di sicurezza i cavi elettrici non possano essere volanti ma \u00e8 altrettanto vero che se si vuole davvero valorizzare la zona esistono dei sistemi per interrarli e farli arrivare dove si vuole. Se si vuole migliorare e valorizzare il territorio marittimo si pu\u00f2 fare tutto, non esiste l\u2019impossibile, ci deve essere solo la volont\u00e0 di affrontare e migliorare le esigenze create dalla modernit\u00e0 ed il progresso, che sono costanti ed inesorabili, e per la nostra economia noi non possiamo rimanere indietro!!! Il suo vicesindaco ha promesso che i lavori saranno ultimati per l\u2019inizio di aprile, ci auguriamo davvero che sia cos\u00ec perch\u00e9 \u00e8 gi\u00e0 tardi e queste cose non devono accadere.<\/em><\/p>\n<p><em> Per quanto riguarda gli imprenditori e commercianti, mi riferisco in primis ai gestori dei stabilimenti balneari: iniziate ad aprite gli stabilimenti almeno nei weekend, dal pomeriggio alla sera, da fine aprile a maggio, per poi in seguito rimanere aperti tutti i giorni, organizzate delle serate (happy hour) fin dall\u2019inizio, in giorni fissi e stabiliti, (almeno 2 giorni a settimana) ad ingresso gratuito (perch\u00e8 soprattutto d\u2019estate il guadagno ce l\u2019avrete nelle consumazioni di alcolici ed analcolici), con musica da discoteca possibilmente differenziata per portare un ventaglio di giovani un po\u2019 pi\u00f9 ampio.<\/em><\/p>\n<p><em> Le feste ovviamente dovranno proseguire fino a fine estate, e soprattutto ricordatevi che l\u2019estate non finisce il 15 di agosto e le feste devono continuare fino a settembre!!! (Bisogna abituare le persone). Prima delle feste iniziate il pre-serata con gli aperitivi e relativa musica soft per aperitivo. Nelle sere in cui non ci sono gli happy organizzate delle cene, dei ritrovi, dei tornei a quote fisse ad esempio di carte con vincite in prodotti alimentari e addirittura delle serate con maestri di ballo. (si possono fare tante cose). Gli altri commercianti invece devono collaborare per creare degli eventi nelle loro attivit\u00e0 che portino un misto di generazioni di giovani e meno giovani, devono essere supportati nella piazza da un palco serale, che deve essere sempre fisso e attivo, dove si potranno e dovranno organizzare serate di musica, cabaret, sfilate e tanti altri tipi di eventi che porteranno affluenza!!! Ci deve essere almeno una volta a settimana un mercatino serale che duri fino alla mezzanotte.<\/em><\/p>\n<p><em> Solo creando questi tipi di eventi si potr\u00e0 poi pensare, e si render\u00e0 necessario, attuare la creazione di una serie di altre strutture per il divertimento come ristoranti discoteche pub bed end breakfast ecc. L\u2019amministrazione comunale d\u2019altro canto deve necessariamente dare le autorizzazioni per questi eventi ed aiutarli quanto pi\u00f9 possibile per lo sviluppo. Deve far si che arrivi l\u2019energia elettrica dove vergognosamente non c\u2019\u00e8 ancora, deve avere l\u2019onere di regolamentare tutte feste, che dovranno svolgersi nei giorni e negli orari stabiliti, deve creare spazi per i parcheggi deve tenere regolarmente puliti i luoghi pubblici, deve per quanto possibile dare un minimo di servizi igienici deve eliminare le macerie, le erbacce e l\u2019immondizia che sono disseminate e sparse dappertutto, dovr\u00e0 collaborare con le forze dell\u2019ordine affinch\u00e9 siano presenti per la tutela del territorio e sistemare tutti gli altri inconvenienti che ci potranno essere. <\/em><\/p>\n<p><em>Solo se ci sar\u00e0 questo impegno e collaborazione tra comune e commercianti-imprenditori, si potr\u00e0 creare qualcosa di valido ed importante che porter\u00e0 il progresso e valorizzazione del nostro meraviglioso territorio marittimo, che potr\u00e0 essere finalmente l\u2019orgoglio per il nostro comune. Infine tutto ci\u00f2 porter\u00e0 anche pi\u00f9 ricchezza, perch\u00e9 se questo si realizzer\u00e0 ci sar\u00e0 sicuramente anche pi\u00f9 lavoro estivo per i cittadini, perch\u00e9 creando queste iniziative valide ci sar\u00e0 la necessit\u00e0 di baristi, di bagnini, degli operatori di spiaggia di buttafuori per i locali di dj e musicisti, di artigiani e di altre categorie di lavoratori oltre a nuovi imprenditori che vorranno investire nella nostra localit\u00e0. <\/em><\/p>\n<p><em>Se il comune di San Pietro Vernotico, ed i suoi cittadini vogliono davvero lo sviluppo della loro marina di Campo di Mare e creare un punto di partenza per un maggior benessere, bisogna partire da qui, perch\u00e9 solo cos\u00ec si potr\u00e0 innescare il meccanismo della ripresa, che porter\u00e0 lavoro per tantissime categorie e prestigio per il nostro comune. Caro Sindaco la sua amministrazione ha avuto diversi anni per poter valorizzare il nostro territorio con risultato inconcludente che ha portando il degrado di una zona marittima che poteva essere il fiore all\u2019occhiello della provincia. Ed infine la sua amministrazione come risponde alla nota-ultimatum della regione che ci metter\u00e0 all\u2019angolo commissariandoci per il vostro immobilismo sui piani di tutela e difesa delle coste di competenza, che mette in discussione anche il turismo. <\/em><\/p>\n<p><em>Rischiamo il commissariamento se entro 60 giorni non si adotteranno dei piani comunali!!! La vostra amministrazione ha fallito, portando ancor pi\u00f9 nel ridicolo una situazione gi\u00e0 allo stremo, dove i commercianti e cittadini devono fare enormi sacrifici per cercare di andare avanti! <\/em><\/p>\n<p><strong><em>Luca Pesimena Componente del coordinamento comunale PdL-Forza Italia San Pietro Vernotico<\/em><\/strong><\/p>\n","protected":false},"excerpt":{"rendered":"<p>Riportiamo integralmente una dichiarazione di Luca Pesimena, componente del coordinamento comunale PdL-Forza Italia San Pietro Vernotico, su un incontro dell&#8217;associazione commercianti di Campo di Mare. &nbsp; Sabato 15 marzo 2014 presso la Sala Consiliare del Comune di San Pietro Vernotico si \u00e8 svolta una conferenza stampa dell\u2019associazione commercianti Campo di Mare dove si \u00e8 parlato principalmente di affluenza e turismo nella nostra marina. Personalmente non ho notato alcun tipo di progetto rilevante per portare ad un livello superiore la nostra bella localit\u00e0 balneare. Chi \u00e8 intervenuto ha chiaramente detto che non vi \u00e8 per adesso un progetto predefinito ed hanno espresso la volont\u00e0 di voler creare una card che possa essere utilizzata nei vari locali per cercare di aumentare l\u2019affluenza, e di voler creare con l\u2019aiuto di privati una rete di affitti settimanali di abitazioni. \u00a0Credo che questa sia davvero una strada che porter\u00e0 ben poco. Il mio pensiero \u00e8 che il punto di partenza per innescare il meccanismo della ripresa debba partire sincronicamente dall\u2019amministrazione comunale e dagli imprenditori locali,&#8230;<\/p>\n","protected":false},"author":2,"featured_media":8225,"comment_status":"open","ping_status":"open","sticky":false,"template":"","format":"standard","meta":{"footnotes":""},"categories":[7],"tags":[1375,1376,259],"class_list":["post-8224","post","type-post","status-publish","format-standard","has-post-thumbnail","hentry","category-news","tag-campo-di-mare","tag-pasimena","tag-san-pietro-vernotico"],"_links":{"self":[{"href":"https:\/\/www.brundisium.net\/index.php\/wp-json\/wp\/v2\/posts\/8224","targetHints":{"allow":["GET"]}}],"collection":[{"href":"https:\/\/www.brundisium.net\/index.php\/wp-json\/wp\/v2\/posts"}],"about":[{"href":"https:\/\/www.brundisium.net\/index.php\/wp-json\/wp\/v2\/types\/post"}],"author":[{"embeddable":true,"href":"https:\/\/www.brundisium.net\/index.php\/wp-json\/wp\/v2\/users\/2"}],"replies":[{"embeddable":true,"href":"https:\/\/www.brundisium.net\/index.php\/wp-json\/wp\/v2\/comments?post=8224"}],"version-history":[{"count":1,"href":"https:\/\/www.brundisium.net\/index.php\/wp-json\/wp\/v2\/posts\/8224\/revisions"}],"predecessor-version":[{"id":8226,"href":"https:\/\/www.brundisium.net\/index.php\/wp-json\/wp\/v2\/posts\/8224\/revisions\/8226"}],"wp:featuredmedia":[{"embeddable":true,"href":"https:\/\/www.brundisium.net\/index.php\/wp-json\/wp\/v2\/media\/8225"}],"wp:attachment":[{"href":"https:\/\/www.brundisium.net\/index.php\/wp-json\/wp\/v2\/media?parent=8224"}],"wp:term":[{"taxonomy":"category","embeddable":true,"href":"https:\/\/www.brundisium.net\/index.php\/wp-json\/wp\/v2\/categories?post=8224"},{"taxonomy":"post_tag","embeddable":true,"href":"https:\/\/www.brundisium.net\/index.php\/wp-json\/wp\/v2\/tags?post=8224"}],"curies":[{"name":"wp","href":"https:\/\/api.w.org\/{rel}","templated":true}]}}