{"id":82629,"date":"2016-09-24T00:41:07","date_gmt":"2016-09-23T22:41:07","guid":{"rendered":"http:\/\/www.brundisium.net\/?p=82629"},"modified":"2016-09-29T07:33:12","modified_gmt":"2016-09-29T05:33:12","slug":"no-alle-olimpiadi-del-mattone-di-guido-giampietro","status":"publish","type":"post","link":"https:\/\/www.brundisium.net\/index.php\/no-alle-olimpiadi-del-mattone-di-guido-giampietro\/","title":{"rendered":"No alle Olimpiadi del mattone. Di Guido Giampietro"},"content":{"rendered":"<p><strong><a href=\"http:\/\/www.brundisium.net\/brun\/wp-content\/uploads\/2016\/09\/raggi-no-olimpiadi.jpg\"><img loading=\"lazy\" decoding=\"async\" class=\"alignright size-medium wp-image-82630\" src=\"http:\/\/www.brundisium.net\/brun\/wp-content\/uploads\/2016\/09\/raggi-no-olimpiadi-300x168.jpg\" alt=\"raggi-no-olimpiadi\" width=\"300\" height=\"168\" srcset=\"https:\/\/www.brundisium.net\/brun\/wp-content\/uploads\/2016\/09\/raggi-no-olimpiadi-300x168.jpg 300w, https:\/\/www.brundisium.net\/brun\/wp-content\/uploads\/2016\/09\/raggi-no-olimpiadi.jpg 680w\" sizes=\"auto, (max-width: 300px) 100vw, 300px\" \/><\/a>No alle Olimpiadi del mattone<\/strong><\/p>\n<p><strong>\u00a0<\/strong><\/p>\n<p>Cos\u00ec ha detto Virginia Raggi nel corso dell\u2019incontro con Giovanni Malag\u00f2, il numero uno del CONI: \u00abNo alle Olimpiadi del mattone\u2026 Niente soldi alle lobby\u2026\u00bb. E il mio cuore si \u00e8 riempito di gioia per l\u2019annuncio che da tanto aspettavo. E mi sono anche un po\u2019 inorgoglito perch\u00e9 in tempi non sospetti (7 luglio 2015), su questa testata avevo scritto \u201cOlimpiadi? No grazie\u201d.<\/p>\n<p>&nbsp;<\/p>\n<p>Ebbene s\u00ec, anche se per un solo momento, mi ha accarezzato l\u2019idea che la Raggi abbia potuto leggere l\u2019accorato invito rivoltole affinch\u00e9 non recedesse dalla promessa di non appoggiare la candidatura di Roma.<\/p>\n<p>&nbsp;<\/p>\n<p>L\u2019amarezza, invece, \u00e8 giunta poco dopo nel leggere l\u2019articolo di Sergio Rizzo sul Corriere della Sera del 22 settembre u.s. Premesso che Rizzo \u00e8 uno dei giornalisti che pi\u00f9 apprezzo, non ho digerito il contenuto del suo articolo \u201cGiochi, occasione che Roma ha perso\u201d.<\/p>\n<p>&nbsp;<\/p>\n<p>Soprattutto quando afferma che \u201cle Olimpiadi avrebbero potuto essere una prova di estrema maturit\u00e0. La dimostrazione che gli appalti pubblici si possono fare anche senza corrompere e rubare, che le infrastrutture si possono realizzare senza sprechi inutili, che organizzare un grande evento non necessariamente equivale a inondare di cemento inutile la citt\u00e0 e arricchire gli speculatori, che il disperato bisogno di normalit\u00e0 di questo Paese pu\u00f2 finalmente tradursi in realt\u00e0, che Mafia capitale \u00e8 morta e sepolta\u2026\u201d.<\/p>\n<p>&nbsp;<\/p>\n<p>Eh no, caro Rizzo, non \u00e8 cos\u00ec. Non mi risulta che i faldoni dove sono raccolte tutte le schifezze di Mafia capitale siano stati archiviati. E non credo che, con tutti i controlli di questo mondo, possa per incanto cambiare la mentalit\u00e0 degli italiani, quella \u201cconclamata permeabilit\u00e0 alla corruzione\u201d che prima dei Giochi di Rio un giornalista contestava a Malag\u00f2.<\/p>\n<p>&nbsp;<\/p>\n<p>N\u00e9 possono essere cambiate le opinioni del presidente del Comitato promotore Roma 2024 Luca Cordero di Montezemolo, e dei membri italiani del CIO Pescante e Carraro, e del segretario generale del CONI Fabbricini, e dello stesso Premier. Il Renzi che, per \u201cdovere istituzionale\u201d \u00e8 volato a Rio, con tutta la famiglia al seguito, per perorare la candidatura di Roma, ricevendo dal presidente del CIO, Thomas Bach, una copia della torcia ed un\u2019altra pi\u00f9 piccola, in miniatura, per il figlio Emanuele!<\/p>\n<p>&nbsp;<\/p>\n<p><a href=\"http:\/\/www.brundisium.net\/brun\/wp-content\/uploads\/2016\/08\/olimpiadi-roma.jpg\"><img loading=\"lazy\" decoding=\"async\" class=\"size-medium wp-image-79089 alignleft\" src=\"http:\/\/www.brundisium.net\/brun\/wp-content\/uploads\/2016\/08\/olimpiadi-roma-300x138.jpg\" alt=\"olimpiadi roma\" width=\"300\" height=\"138\" srcset=\"https:\/\/www.brundisium.net\/brun\/wp-content\/uploads\/2016\/08\/olimpiadi-roma-300x138.jpg 300w, https:\/\/www.brundisium.net\/brun\/wp-content\/uploads\/2016\/08\/olimpiadi-roma-768x354.jpg 768w, https:\/\/www.brundisium.net\/brun\/wp-content\/uploads\/2016\/08\/olimpiadi-roma-1024x472.jpg 1024w\" sizes=\"auto, (max-width: 300px) 100vw, 300px\" \/><\/a>Insomma, vi chiederete, perch\u00e9 sono fortemente contrario alle Olimpiadi romane? Preciso che non la penso come il giornalista Roberto Cotroneo quando afferma che \u201clo sport \u00e8 un surrogato della guerra\u201d. E nemmeno, sia ben chiaro, per motivi strettamente legati al partito della Raggi. Sono contrario per ragioni che ho ribadito nel mio pi\u00f9 recente articolo di agosto (\u201cOlimpiadi bugiarde) e che la sindaca di Roma ha aggiornato nella conferenza del 21 settembre.<\/p>\n<p>&nbsp;<\/p>\n<p>La Raggi ha infatti citato le conclusioni di uno studio condotto dall\u2019Universit\u00e0 di Oxford nel quale si certifica che ben 19 citt\u00e0 (comprese quelle dove si sono svolte le Olimpiadi invernali) hanno sforato di oltre il cinquanta per cento il budget preventivato al momento della candidatura. Addirittura Montreal ha registrato uno sforamento del 720%! E ha concluso che le Olimpiadi, allo stato dei fatti e non delle chiacchiere, sono \u201cun assegno in bianco che firmano le citt\u00e0 ospitanti\u201d.<\/p>\n<p>&nbsp;<\/p>\n<p>Naturalmente Malag\u00f2 ha parlato di dati falsi, ma l\u2019ha fatto in strada, non in conferenza. E ha lasciato intendere che quanto meno chieder\u00e0 ragione del danno erariale subito dal Comitato. Non \u00e8 detto per\u00f2 che non vada a fondo alla questione. Non si possono perdere tanti miliardi solo perch\u00e9 a un progetto di tal fatta si oppone una sindaca giovane e con solo qualche mese di anzianit\u00e0.<\/p>\n<p>&nbsp;<\/p>\n<p>Per quanto mi riguarda continuo a insistere sul fatto che non \u00e8 il caso d\u2019impiegare ingenti risorse nella costruzione di opere faraoniche che non vengono nemmeno terminate o che, subito dopo l\u2019evento, vengono abbandonate. Abbiamo invece il dovere di pensare alla manutenzione del nostro vastissimo patrimonio ambientale e artistico. Importanti siti archeologici continuano a cadere pezzo dopo pezzo, musei e biblioteche di prestigio internazionale (e non solo) chiudono, il dissesto idrogeologico sta riducendo il Paese un colabrodo e qui si pensa a costruire ancora e ancora. Come diceva Oscar Wilde: \u00abSiamo tutti immersi nel fango, ma alcuni di noi guardano le stelle\u00bb.<\/p>\n<p>&nbsp;<\/p>\n<p><a href=\"http:\/\/www.brundisium.net\/brun\/wp-content\/uploads\/2016\/09\/valadier-pincio.jpg\"><img loading=\"lazy\" decoding=\"async\" class=\"size-medium wp-image-82632 alignleft\" src=\"http:\/\/www.brundisium.net\/brun\/wp-content\/uploads\/2016\/09\/valadier-pincio-300x225.jpg\" alt=\"valadier-pincio\" width=\"300\" height=\"225\" srcset=\"https:\/\/www.brundisium.net\/brun\/wp-content\/uploads\/2016\/09\/valadier-pincio-300x225.jpg 300w, https:\/\/www.brundisium.net\/brun\/wp-content\/uploads\/2016\/09\/valadier-pincio.jpg 656w\" sizes=\"auto, (max-width: 300px) 100vw, 300px\" \/><\/a>\u00a0 Una dimostrazione del degrado in cui si trova la Capitale? Qualche giorno fa, navigando in Rete, sono incappato in un servizio sul Pincio, il giardino dei romani. E sono rimasto basito. Anche perch\u00e9 quel luogo mi riporta a un tempo lontano, molto lontano, quando vi passeggiavo con una fidanzatina romana. Ebbene, ho visto la statua del Valadier, l\u2019architetto che progett\u00f2 il colle, decapitata e con la targa oscurata da funghi e smog. Cos\u00ec come senza testa sono anche le statue di Plinio senior e dell\u2019Ariosto, mentre quella di Pompeo \u00e8 senza naso. Per non parlare delle panchine divelte, delle fontanine senz\u2019acqua, del famoso orologio fermo da chiss\u00e0 quanto tempo\u2026 E si badi bene che solo una scalinata divide il Pincio da piazza del Popolo e dal centro di Roma!<\/p>\n<p>&nbsp;<\/p>\n<p>E pensare che in un altro articolo del 2013 (\u201cIl Pincio a Brindisi\u201d) avevo suggerito che il Parco XIX Maggio (pi\u00f9 noto come Parco del Cillarese) sarebbe potuto diventare una sorta di Pincio, arricchendolo con le statue dei tanti brindisini illustri e dei tanti personaggi storici che da qui sono transitati. Occorrono penne di maggiore peso perch\u00e9 certe proposte fatte per il bene della citt\u00e0 vengano accolte e portate avanti. Ma questa, come direbbe Kipling, \u00e8 un\u2019altra storia. Che per\u00f2, prima o poi, affronter\u00f2.<\/p>\n<p>&nbsp;<\/p>\n<p>E ora avanti con le \u201cpriorit\u00e0\u201d di Roma, altrimenti questa rinuncia non sar\u00e0 servita a nulla!<\/p>\n<p>&nbsp;<\/p>\n<p><strong>Guido Giampietro<\/strong><\/p>\n","protected":false},"excerpt":{"rendered":"<p>No alle Olimpiadi del mattone \u00a0 Cos\u00ec ha detto Virginia Raggi nel corso dell\u2019incontro con Giovanni Malag\u00f2, il numero uno del CONI: \u00abNo alle Olimpiadi del mattone\u2026 Niente soldi alle lobby\u2026\u00bb. E il mio cuore si \u00e8 riempito di gioia per l\u2019annuncio che da tanto aspettavo. E mi sono anche un po\u2019 inorgoglito perch\u00e9 in tempi non sospetti (7 luglio 2015), su questa testata avevo scritto \u201cOlimpiadi? No grazie\u201d. &nbsp; Ebbene s\u00ec, anche se per un solo momento, mi ha accarezzato l\u2019idea che la Raggi abbia potuto leggere l\u2019accorato invito rivoltole affinch\u00e9 non recedesse dalla promessa di non appoggiare la candidatura di Roma. &nbsp; L\u2019amarezza, invece, \u00e8 giunta poco dopo nel leggere l\u2019articolo di Sergio Rizzo sul Corriere della Sera del 22 settembre u.s. Premesso che Rizzo \u00e8 uno dei giornalisti che pi\u00f9 apprezzo, non ho digerito il contenuto del suo articolo \u201cGiochi, occasione che Roma ha perso\u201d. &nbsp; Soprattutto quando afferma che \u201cle Olimpiadi avrebbero potuto essere una prova di estrema maturit\u00e0. La dimostrazione che gli appalti pubblici si&#8230;<\/p>\n","protected":false},"author":2,"featured_media":82631,"comment_status":"open","ping_status":"closed","sticky":false,"template":"","format":"standard","meta":{"footnotes":""},"categories":[3129],"tags":[],"class_list":["post-82629","post","type-post","status-publish","format-standard","has-post-thumbnail","hentry","category-guido-giampietro"],"_links":{"self":[{"href":"https:\/\/www.brundisium.net\/index.php\/wp-json\/wp\/v2\/posts\/82629","targetHints":{"allow":["GET"]}}],"collection":[{"href":"https:\/\/www.brundisium.net\/index.php\/wp-json\/wp\/v2\/posts"}],"about":[{"href":"https:\/\/www.brundisium.net\/index.php\/wp-json\/wp\/v2\/types\/post"}],"author":[{"embeddable":true,"href":"https:\/\/www.brundisium.net\/index.php\/wp-json\/wp\/v2\/users\/2"}],"replies":[{"embeddable":true,"href":"https:\/\/www.brundisium.net\/index.php\/wp-json\/wp\/v2\/comments?post=82629"}],"version-history":[{"count":1,"href":"https:\/\/www.brundisium.net\/index.php\/wp-json\/wp\/v2\/posts\/82629\/revisions"}],"predecessor-version":[{"id":82633,"href":"https:\/\/www.brundisium.net\/index.php\/wp-json\/wp\/v2\/posts\/82629\/revisions\/82633"}],"wp:featuredmedia":[{"embeddable":true,"href":"https:\/\/www.brundisium.net\/index.php\/wp-json\/wp\/v2\/media\/82631"}],"wp:attachment":[{"href":"https:\/\/www.brundisium.net\/index.php\/wp-json\/wp\/v2\/media?parent=82629"}],"wp:term":[{"taxonomy":"category","embeddable":true,"href":"https:\/\/www.brundisium.net\/index.php\/wp-json\/wp\/v2\/categories?post=82629"},{"taxonomy":"post_tag","embeddable":true,"href":"https:\/\/www.brundisium.net\/index.php\/wp-json\/wp\/v2\/tags?post=82629"}],"curies":[{"name":"wp","href":"https:\/\/api.w.org\/{rel}","templated":true}]}}