{"id":83101,"date":"2016-09-28T19:21:37","date_gmt":"2016-09-28T17:21:37","guid":{"rendered":"http:\/\/www.brundisium.net\/?p=83101"},"modified":"2016-09-30T07:07:17","modified_gmt":"2016-09-30T05:07:17","slug":"vendemmia-solidale-la-felicita-dei-ragazzi-di-oltre-lorizzonte-ospiti-delle-tenute-lu-spada","status":"publish","type":"post","link":"https:\/\/www.brundisium.net\/index.php\/vendemmia-solidale-la-felicita-dei-ragazzi-di-oltre-lorizzonte-ospiti-delle-tenute-lu-spada\/","title":{"rendered":"Vendemmia Solidale: la felicit\u00e0 dei ragazzi di &#8220;Oltre l&#8217;Orizzonte&#8221; ospiti delle tenute &#8220;Lu Spada&#8221;"},"content":{"rendered":"<p>Oggi un gruppo di ragazzi diversamente abili della Cooperativa Oltre l\u2019Orizzonte sono stati ospiti delle Tenute Agricole Lu Spada.<\/p>\n<p>I ragazzi sono stati coinvolti nell\u2019attivit\u00e0 della Vendemmia, una delle pi\u00f9 gioiose, suggestive e antiche pratiche delle attivit\u00e0 agricole.<\/p>\n<p>&nbsp;<\/p>\n\n\t\t<style type=\"text\/css\">\n\t\t\t#gallery-1 {\n\t\t\t\tmargin: auto;\n\t\t\t}\n\t\t\t#gallery-1 .gallery-item {\n\t\t\t\tfloat: left;\n\t\t\t\tmargin-top: 10px;\n\t\t\t\ttext-align: center;\n\t\t\t\twidth: 25%;\n\t\t\t}\n\t\t\t#gallery-1 img {\n\t\t\t\tborder: 2px solid #cfcfcf;\n\t\t\t}\n\t\t\t#gallery-1 .gallery-caption {\n\t\t\t\tmargin-left: 0;\n\t\t\t}\n\t\t\t\/* see gallery_shortcode() in wp-includes\/media.php *\/\n\t\t<\/style>\n\t\t<div id='gallery-1' class='gallery galleryid-83101 gallery-columns-4 gallery-size-thumbnail'><dl class='gallery-item'>\n\t\t\t<dt class='gallery-icon landscape'>\n\t\t\t\t<a href='https:\/\/www.brundisium.net\/index.php\/da-enzo-tortora-a-catena-fiorello-parte-il-25-ottobre-la-nuova-attesa-rassegna-cultura-spettacolo-e-della-taberna-libraria-di-latiano\/vendemmia-solidale-lu-spada-8\/'><img loading=\"lazy\" decoding=\"async\" width=\"150\" height=\"150\" src=\"https:\/\/www.brundisium.net\/brun\/wp-content\/uploads\/2016\/09\/vendemmia-solidale-lu-spada-8-150x150.jpg\" class=\"attachment-thumbnail size-thumbnail\" alt=\"\" srcset=\"https:\/\/www.brundisium.net\/brun\/wp-content\/uploads\/2016\/09\/vendemmia-solidale-lu-spada-8-150x150.jpg 150w, https:\/\/www.brundisium.net\/brun\/wp-content\/uploads\/2016\/09\/vendemmia-solidale-lu-spada-8-60x60.jpg 60w\" sizes=\"auto, (max-width: 150px) 100vw, 150px\" \/><\/a>\n\t\t\t<\/dt><\/dl><dl class='gallery-item'>\n\t\t\t<dt class='gallery-icon landscape'>\n\t\t\t\t<a href='https:\/\/www.brundisium.net\/index.php\/da-enzo-tortora-a-catena-fiorello-parte-il-25-ottobre-la-nuova-attesa-rassegna-cultura-spettacolo-e-della-taberna-libraria-di-latiano\/vendemmia-solidale-lu-spada-5\/'><img loading=\"lazy\" decoding=\"async\" width=\"150\" height=\"150\" src=\"https:\/\/www.brundisium.net\/brun\/wp-content\/uploads\/2016\/09\/vendemmia-solidale-lu-spada-5-150x150.jpg\" class=\"attachment-thumbnail size-thumbnail\" alt=\"\" srcset=\"https:\/\/www.brundisium.net\/brun\/wp-content\/uploads\/2016\/09\/vendemmia-solidale-lu-spada-5-150x150.jpg 150w, https:\/\/www.brundisium.net\/brun\/wp-content\/uploads\/2016\/09\/vendemmia-solidale-lu-spada-5-60x60.jpg 60w\" sizes=\"auto, (max-width: 150px) 100vw, 150px\" \/><\/a>\n\t\t\t<\/dt><\/dl><dl class='gallery-item'>\n\t\t\t<dt class='gallery-icon landscape'>\n\t\t\t\t<a href='https:\/\/www.brundisium.net\/index.php\/da-enzo-tortora-a-catena-fiorello-parte-il-25-ottobre-la-nuova-attesa-rassegna-cultura-spettacolo-e-della-taberna-libraria-di-latiano\/vendemmia-solidale-lu-spada-4\/'><img loading=\"lazy\" decoding=\"async\" width=\"150\" height=\"150\" src=\"https:\/\/www.brundisium.net\/brun\/wp-content\/uploads\/2016\/09\/vendemmia-solidale-lu-spada-4-150x150.jpg\" class=\"attachment-thumbnail size-thumbnail\" alt=\"\" srcset=\"https:\/\/www.brundisium.net\/brun\/wp-content\/uploads\/2016\/09\/vendemmia-solidale-lu-spada-4-150x150.jpg 150w, https:\/\/www.brundisium.net\/brun\/wp-content\/uploads\/2016\/09\/vendemmia-solidale-lu-spada-4-60x60.jpg 60w\" sizes=\"auto, (max-width: 150px) 100vw, 150px\" \/><\/a>\n\t\t\t<\/dt><\/dl><dl class='gallery-item'>\n\t\t\t<dt class='gallery-icon landscape'>\n\t\t\t\t<a href='https:\/\/www.brundisium.net\/index.php\/da-enzo-tortora-a-catena-fiorello-parte-il-25-ottobre-la-nuova-attesa-rassegna-cultura-spettacolo-e-della-taberna-libraria-di-latiano\/vendemmia-solidale-lu-spada-3\/'><img loading=\"lazy\" decoding=\"async\" width=\"150\" height=\"150\" src=\"https:\/\/www.brundisium.net\/brun\/wp-content\/uploads\/2016\/09\/vendemmia-solidale-lu-spada-3-150x150.jpg\" class=\"attachment-thumbnail size-thumbnail\" alt=\"\" srcset=\"https:\/\/www.brundisium.net\/brun\/wp-content\/uploads\/2016\/09\/vendemmia-solidale-lu-spada-3-150x150.jpg 150w, https:\/\/www.brundisium.net\/brun\/wp-content\/uploads\/2016\/09\/vendemmia-solidale-lu-spada-3-60x60.jpg 60w\" sizes=\"auto, (max-width: 150px) 100vw, 150px\" \/><\/a>\n\t\t\t<\/dt><\/dl><br style=\"clear: both\" \/>\n\t\t<\/div>\n\n<p>&nbsp;<\/p>\n<p>Nel nostro territorio, la raccolta dell\u2019uva e la produzione del vino, sta ritornando ad essere uno dei momenti pi\u00f9 significativi da cui traggono origine vini che rappresentano ormai un eccellenza e la Citt\u00e0 di Brindisi ha rappresentato nella sua lunga storia un territorio vocato alla vitivinicoltura.<\/p>\n<p>&nbsp;<\/p>\n<p>Le Tenute agricole Lu Spada ha iniziato quest\u2019anno la sua avventura vitivinicola con l\u2019intento di dare con umilt\u00e0 il suo piccolo contributo nel settore.<\/p>\n<p>&nbsp;<\/p>\n\n\t\t<style type=\"text\/css\">\n\t\t\t#gallery-2 {\n\t\t\t\tmargin: auto;\n\t\t\t}\n\t\t\t#gallery-2 .gallery-item {\n\t\t\t\tfloat: left;\n\t\t\t\tmargin-top: 10px;\n\t\t\t\ttext-align: center;\n\t\t\t\twidth: 25%;\n\t\t\t}\n\t\t\t#gallery-2 img {\n\t\t\t\tborder: 2px solid #cfcfcf;\n\t\t\t}\n\t\t\t#gallery-2 .gallery-caption {\n\t\t\t\tmargin-left: 0;\n\t\t\t}\n\t\t\t\/* see gallery_shortcode() in wp-includes\/media.php *\/\n\t\t<\/style>\n\t\t<div id='gallery-2' class='gallery galleryid-83101 gallery-columns-4 gallery-size-thumbnail'><dl class='gallery-item'>\n\t\t\t<dt class='gallery-icon landscape'>\n\t\t\t\t<a href='https:\/\/www.brundisium.net\/index.php\/da-enzo-tortora-a-catena-fiorello-parte-il-25-ottobre-la-nuova-attesa-rassegna-cultura-spettacolo-e-della-taberna-libraria-di-latiano\/vendemmia-solidale-lu-spada-2\/'><img loading=\"lazy\" decoding=\"async\" width=\"150\" height=\"150\" src=\"https:\/\/www.brundisium.net\/brun\/wp-content\/uploads\/2016\/09\/vendemmia-solidale-lu-spada-2-150x150.jpg\" class=\"attachment-thumbnail size-thumbnail\" alt=\"\" srcset=\"https:\/\/www.brundisium.net\/brun\/wp-content\/uploads\/2016\/09\/vendemmia-solidale-lu-spada-2-150x150.jpg 150w, https:\/\/www.brundisium.net\/brun\/wp-content\/uploads\/2016\/09\/vendemmia-solidale-lu-spada-2-60x60.jpg 60w\" sizes=\"auto, (max-width: 150px) 100vw, 150px\" \/><\/a>\n\t\t\t<\/dt><\/dl><dl class='gallery-item'>\n\t\t\t<dt class='gallery-icon landscape'>\n\t\t\t\t<a href='https:\/\/www.brundisium.net\/index.php\/da-enzo-tortora-a-catena-fiorello-parte-il-25-ottobre-la-nuova-attesa-rassegna-cultura-spettacolo-e-della-taberna-libraria-di-latiano\/vendemmia-solidale-lu-spada-15\/'><img loading=\"lazy\" decoding=\"async\" width=\"150\" height=\"150\" src=\"https:\/\/www.brundisium.net\/brun\/wp-content\/uploads\/2016\/09\/vendemmia-solidale-lu-spada-15-150x150.jpg\" class=\"attachment-thumbnail size-thumbnail\" alt=\"\" srcset=\"https:\/\/www.brundisium.net\/brun\/wp-content\/uploads\/2016\/09\/vendemmia-solidale-lu-spada-15-150x150.jpg 150w, https:\/\/www.brundisium.net\/brun\/wp-content\/uploads\/2016\/09\/vendemmia-solidale-lu-spada-15-60x60.jpg 60w\" sizes=\"auto, (max-width: 150px) 100vw, 150px\" \/><\/a>\n\t\t\t<\/dt><\/dl><dl class='gallery-item'>\n\t\t\t<dt class='gallery-icon landscape'>\n\t\t\t\t<a href='https:\/\/www.brundisium.net\/index.php\/da-enzo-tortora-a-catena-fiorello-parte-il-25-ottobre-la-nuova-attesa-rassegna-cultura-spettacolo-e-della-taberna-libraria-di-latiano\/vendemmia-solidale-lu-spada-14\/'><img loading=\"lazy\" decoding=\"async\" width=\"150\" height=\"150\" src=\"https:\/\/www.brundisium.net\/brun\/wp-content\/uploads\/2016\/09\/vendemmia-solidale-lu-spada-14-150x150.jpg\" class=\"attachment-thumbnail size-thumbnail\" alt=\"\" srcset=\"https:\/\/www.brundisium.net\/brun\/wp-content\/uploads\/2016\/09\/vendemmia-solidale-lu-spada-14-150x150.jpg 150w, https:\/\/www.brundisium.net\/brun\/wp-content\/uploads\/2016\/09\/vendemmia-solidale-lu-spada-14-60x60.jpg 60w\" sizes=\"auto, (max-width: 150px) 100vw, 150px\" \/><\/a>\n\t\t\t<\/dt><\/dl><dl class='gallery-item'>\n\t\t\t<dt class='gallery-icon landscape'>\n\t\t\t\t<a href='https:\/\/www.brundisium.net\/index.php\/da-enzo-tortora-a-catena-fiorello-parte-il-25-ottobre-la-nuova-attesa-rassegna-cultura-spettacolo-e-della-taberna-libraria-di-latiano\/vendemmia-solidale-lu-spada-13\/'><img loading=\"lazy\" decoding=\"async\" width=\"150\" height=\"150\" src=\"https:\/\/www.brundisium.net\/brun\/wp-content\/uploads\/2016\/09\/vendemmia-solidale-lu-spada-13-150x150.jpg\" class=\"attachment-thumbnail size-thumbnail\" alt=\"\" srcset=\"https:\/\/www.brundisium.net\/brun\/wp-content\/uploads\/2016\/09\/vendemmia-solidale-lu-spada-13-150x150.jpg 150w, https:\/\/www.brundisium.net\/brun\/wp-content\/uploads\/2016\/09\/vendemmia-solidale-lu-spada-13-60x60.jpg 60w\" sizes=\"auto, (max-width: 150px) 100vw, 150px\" \/><\/a>\n\t\t\t<\/dt><\/dl><br style=\"clear: both\" \/>\n\t\t<\/div>\n\n<p>Oltre l\u2019Orizzonte, \u00e8 vincitrice di un Bando \u201cOrizzonti Solidali\u201d, promosso dalla Fondazione Megamark, realizzato in collaborazione con i supermercati A&amp;o, Dok, Famila elperfamila e con il patrocinio della Regione Puglia e del suo Assessorato al Welfare. Il progetto finanziato dal Bando si chiama NaturAbile, ch\u00e8 iniziato a Aprile 2016 e si concluder\u00e0 a Novembre, e vede coinvolti dei giovani diversamente abili, in attivit\u00e0 a stretto contatto con la natura, come Ortoterapia, Agricoltura, Pet Therapy.<\/p>\n<p>&nbsp;<\/p>\n<p>&nbsp;<\/p>\n<p>&nbsp;<\/p>\n<p>L\u2019iniziativa odierna ha rappresentato per la Cooperativa &#8220;Oltre l&#8217;Orizzonte&#8221; un connubio importante tra mondi che apparentemente sembrano distanti, Agricoltura e Servizi Sociali.<br \/>\nIl successo di oggi ha per\u00f2 dimostrato che, con una visione innovativa di Welfare, possono mettersi in piedi attivit\u00e0 ed interventi concreti e di sicuro impatto sociale, superando una logica puramente assistenziale.<\/p>\n<p>&nbsp;<\/p>\n\n\t\t<style type=\"text\/css\">\n\t\t\t#gallery-3 {\n\t\t\t\tmargin: auto;\n\t\t\t}\n\t\t\t#gallery-3 .gallery-item {\n\t\t\t\tfloat: left;\n\t\t\t\tmargin-top: 10px;\n\t\t\t\ttext-align: center;\n\t\t\t\twidth: 25%;\n\t\t\t}\n\t\t\t#gallery-3 img {\n\t\t\t\tborder: 2px solid #cfcfcf;\n\t\t\t}\n\t\t\t#gallery-3 .gallery-caption {\n\t\t\t\tmargin-left: 0;\n\t\t\t}\n\t\t\t\/* see gallery_shortcode() in wp-includes\/media.php *\/\n\t\t<\/style>\n\t\t<div id='gallery-3' class='gallery galleryid-83101 gallery-columns-4 gallery-size-thumbnail'><dl class='gallery-item'>\n\t\t\t<dt class='gallery-icon landscape'>\n\t\t\t\t<a href='https:\/\/www.brundisium.net\/index.php\/da-enzo-tortora-a-catena-fiorello-parte-il-25-ottobre-la-nuova-attesa-rassegna-cultura-spettacolo-e-della-taberna-libraria-di-latiano\/vendemmia-solidale-lu-spada-11\/'><img loading=\"lazy\" decoding=\"async\" width=\"150\" height=\"150\" src=\"https:\/\/www.brundisium.net\/brun\/wp-content\/uploads\/2016\/09\/vendemmia-solidale-lu-spada-11-150x150.jpg\" class=\"attachment-thumbnail size-thumbnail\" alt=\"\" srcset=\"https:\/\/www.brundisium.net\/brun\/wp-content\/uploads\/2016\/09\/vendemmia-solidale-lu-spada-11-150x150.jpg 150w, https:\/\/www.brundisium.net\/brun\/wp-content\/uploads\/2016\/09\/vendemmia-solidale-lu-spada-11-60x60.jpg 60w\" sizes=\"auto, (max-width: 150px) 100vw, 150px\" \/><\/a>\n\t\t\t<\/dt><\/dl><dl class='gallery-item'>\n\t\t\t<dt class='gallery-icon landscape'>\n\t\t\t\t<a href='https:\/\/www.brundisium.net\/index.php\/da-enzo-tortora-a-catena-fiorello-parte-il-25-ottobre-la-nuova-attesa-rassegna-cultura-spettacolo-e-della-taberna-libraria-di-latiano\/vendemmia-solidale-lu-spada-10\/'><img loading=\"lazy\" decoding=\"async\" width=\"150\" height=\"150\" src=\"https:\/\/www.brundisium.net\/brun\/wp-content\/uploads\/2016\/09\/vendemmia-solidale-lu-spada-10-150x150.jpg\" class=\"attachment-thumbnail size-thumbnail\" alt=\"\" srcset=\"https:\/\/www.brundisium.net\/brun\/wp-content\/uploads\/2016\/09\/vendemmia-solidale-lu-spada-10-150x150.jpg 150w, https:\/\/www.brundisium.net\/brun\/wp-content\/uploads\/2016\/09\/vendemmia-solidale-lu-spada-10-60x60.jpg 60w\" sizes=\"auto, (max-width: 150px) 100vw, 150px\" \/><\/a>\n\t\t\t<\/dt><\/dl><dl class='gallery-item'>\n\t\t\t<dt class='gallery-icon landscape'>\n\t\t\t\t<a href='https:\/\/www.brundisium.net\/index.php\/da-enzo-tortora-a-catena-fiorello-parte-il-25-ottobre-la-nuova-attesa-rassegna-cultura-spettacolo-e-della-taberna-libraria-di-latiano\/vendemmia-solidale-lu-spada-1\/'><img loading=\"lazy\" decoding=\"async\" width=\"150\" height=\"150\" src=\"https:\/\/www.brundisium.net\/brun\/wp-content\/uploads\/2016\/09\/vendemmia-solidale-lu-spada-1-150x150.jpg\" class=\"attachment-thumbnail size-thumbnail\" alt=\"\" srcset=\"https:\/\/www.brundisium.net\/brun\/wp-content\/uploads\/2016\/09\/vendemmia-solidale-lu-spada-1-150x150.jpg 150w, https:\/\/www.brundisium.net\/brun\/wp-content\/uploads\/2016\/09\/vendemmia-solidale-lu-spada-1-60x60.jpg 60w\" sizes=\"auto, (max-width: 150px) 100vw, 150px\" \/><\/a>\n\t\t\t<\/dt><\/dl><dl class='gallery-item'>\n\t\t\t<dt class='gallery-icon landscape'>\n\t\t\t\t<a href='https:\/\/www.brundisium.net\/index.php\/da-enzo-tortora-a-catena-fiorello-parte-il-25-ottobre-la-nuova-attesa-rassegna-cultura-spettacolo-e-della-taberna-libraria-di-latiano\/vendemmia-solidale-lu-spada-12\/'><img loading=\"lazy\" decoding=\"async\" width=\"150\" height=\"150\" src=\"https:\/\/www.brundisium.net\/brun\/wp-content\/uploads\/2016\/09\/vendemmia-solidale-lu-spada-12-150x150.jpg\" class=\"attachment-thumbnail size-thumbnail\" alt=\"\" srcset=\"https:\/\/www.brundisium.net\/brun\/wp-content\/uploads\/2016\/09\/vendemmia-solidale-lu-spada-12-150x150.jpg 150w, https:\/\/www.brundisium.net\/brun\/wp-content\/uploads\/2016\/09\/vendemmia-solidale-lu-spada-12-60x60.jpg 60w\" sizes=\"auto, (max-width: 150px) 100vw, 150px\" \/><\/a>\n\t\t\t<\/dt><\/dl><br style=\"clear: both\" \/>\n\t\t<\/div>\n\n<p>&nbsp;<\/p>\n<p>La grande partecipazione dei ragazzi \u00e8 stata tangibile. Tutti hanno ascoltato con attenzione l&#8217;illustrazione della raccolta e la vinificazione delle uve curata da Liuzzi Pizzolante, l\u2019enologo delle tenute che vinificher\u00e0 le uve raccolte nel corso della giornata.<\/p>\n<p>&nbsp;<\/p>\n<p>L\u2019azienda &#8220;Lu Spada&#8221;, diretta da Carmine Dipietrangelo, come segno di riconoscimento della partecipazione della cooperativa, doner\u00e0 le prime 100 Bottiglie del nuovo Negramaro doc BRINDISI.<\/p>\n<p>&nbsp;<\/p>\n<p>&nbsp;<\/p>\n","protected":false},"excerpt":{"rendered":"<p>Oggi un gruppo di ragazzi diversamente abili della Cooperativa Oltre l\u2019Orizzonte sono stati ospiti delle Tenute Agricole Lu Spada. I ragazzi sono stati coinvolti nell\u2019attivit\u00e0 della Vendemmia, una delle pi\u00f9 gioiose, suggestive e antiche pratiche delle attivit\u00e0 agricole. &nbsp; &nbsp; Nel nostro territorio, la raccolta dell\u2019uva e la produzione del vino, sta ritornando ad essere uno dei momenti pi\u00f9 significativi da cui traggono origine vini che rappresentano ormai un eccellenza e la Citt\u00e0 di Brindisi ha rappresentato nella sua lunga storia un territorio vocato alla vitivinicoltura. &nbsp; Le Tenute agricole Lu Spada ha iniziato quest\u2019anno la sua avventura vitivinicola con l\u2019intento di dare con umilt\u00e0 il suo piccolo contributo nel settore. &nbsp; Oltre l\u2019Orizzonte, \u00e8 vincitrice di un Bando \u201cOrizzonti Solidali\u201d, promosso dalla Fondazione Megamark, realizzato in collaborazione con i supermercati A&amp;o, Dok, Famila elperfamila e con il patrocinio della Regione Puglia e del suo Assessorato al Welfare. Il progetto finanziato dal Bando si chiama NaturAbile, ch\u00e8 iniziato a Aprile 2016 e si concluder\u00e0 a Novembre, e vede coinvolti dei&#8230;<\/p>\n","protected":false},"author":2,"featured_media":83091,"comment_status":"open","ping_status":"closed","sticky":false,"template":"","format":"standard","meta":{"footnotes":""},"categories":[7,389],"tags":[],"class_list":["post-83101","post","type-post","status-publish","format-standard","has-post-thumbnail","hentry","category-news","category-territorio"],"_links":{"self":[{"href":"https:\/\/www.brundisium.net\/index.php\/wp-json\/wp\/v2\/posts\/83101","targetHints":{"allow":["GET"]}}],"collection":[{"href":"https:\/\/www.brundisium.net\/index.php\/wp-json\/wp\/v2\/posts"}],"about":[{"href":"https:\/\/www.brundisium.net\/index.php\/wp-json\/wp\/v2\/types\/post"}],"author":[{"embeddable":true,"href":"https:\/\/www.brundisium.net\/index.php\/wp-json\/wp\/v2\/users\/2"}],"replies":[{"embeddable":true,"href":"https:\/\/www.brundisium.net\/index.php\/wp-json\/wp\/v2\/comments?post=83101"}],"version-history":[{"count":1,"href":"https:\/\/www.brundisium.net\/index.php\/wp-json\/wp\/v2\/posts\/83101\/revisions"}],"predecessor-version":[{"id":83102,"href":"https:\/\/www.brundisium.net\/index.php\/wp-json\/wp\/v2\/posts\/83101\/revisions\/83102"}],"wp:featuredmedia":[{"embeddable":true,"href":"https:\/\/www.brundisium.net\/index.php\/wp-json\/wp\/v2\/media\/83091"}],"wp:attachment":[{"href":"https:\/\/www.brundisium.net\/index.php\/wp-json\/wp\/v2\/media?parent=83101"}],"wp:term":[{"taxonomy":"category","embeddable":true,"href":"https:\/\/www.brundisium.net\/index.php\/wp-json\/wp\/v2\/categories?post=83101"},{"taxonomy":"post_tag","embeddable":true,"href":"https:\/\/www.brundisium.net\/index.php\/wp-json\/wp\/v2\/tags?post=83101"}],"curies":[{"name":"wp","href":"https:\/\/api.w.org\/{rel}","templated":true}]}}