{"id":8365,"date":"2014-03-18T13:26:21","date_gmt":"2014-03-18T12:26:21","guid":{"rendered":"http:\/\/www.brundisium.net\/brun\/?p=8365"},"modified":"2014-03-18T13:26:21","modified_gmt":"2014-03-18T12:26:21","slug":"xix-giornata-della-memoria-e-dellimpegno-in-ricordo-delle-vittime-innocenti-delle-mafie","status":"publish","type":"post","link":"https:\/\/www.brundisium.net\/index.php\/xix-giornata-della-memoria-e-dellimpegno-in-ricordo-delle-vittime-innocenti-delle-mafie\/","title":{"rendered":"XIX giornata della Memoria e dell&#8217;Impegno in ricordo delle vittime innocenti delle mafie"},"content":{"rendered":"<p>Il 21 marzo, primo giorno di primavera, si celebra la XIX giornata della Memoria e dell&#8217;Impegno in ricordo delle vittime innocenti delle mafie.<\/p>\n<p>Non \u00e8 un evento n\u00e8 la solita routine, \u00e8 invece un&#8217;occasione per rafforzare o svegliare le coscienze, per rinnovare l&#8217;impegno a fronteggiare l&#8217;infiltrazione e la cultura mafiosa, quotidianamente. per essere vicini ai familiari delle vittime innocenti delle mafie, per trasmettere una memoria viva alle nuove generazioni.<\/p>\n<p>Per sensibilizzare e mobilitare la cittadinanza tutta, la Scuola di formazione politica Antonino Caponnetto, Proteo fare sapere, la CGIL e L&#8217;Amministrazione provinciale di Brindisi, promuovono le seguenti iniziative:<\/p>\n<p>-18 marzo, ore 18,00, presso l&#8217;auditorium della Scuola Media G. Salvemini-Via Castello 2, proiezione del film MAR PICCOLO. Introduce  il regista Simone Salvemini;<\/p>\n<p>-20 marzo, ore 17,30, presso l&#8217;auditorium del Liceo Scient. Fermi-Monticelli-Via N.Brandi 22,<br \/>\n Adozione da parte del Liceo di M. Maniglio quale vittima di mafia.<\/p>\n<p>-21 marzo, ore 17,30, nel salone di rappresentanza della Provincia di Brindisi, Via De Leo 2, lettura dei nomi delle vittime innocenti delle mafie;<\/p>\n<p>-25 marzo, ore 18,00,presso l&#8217;auditorium della Scuola Media G.Salvemini-via Castello,2, proiezione del film<br \/>\n Una vita tranquilla. Introduce il regista Simone Salvemini;<\/p>\n<p>-28 marzo, ore 18,00, presso l&#8217;auditorium della Scuola Media G. Salvemini-Via Castello, 2, proiezione del film<br \/>\n L&#8217;Aria Salata. Introduce il regista Simone Salvemini.<\/p>\n<p>La programmazione e la proiezione dei film \u00e8 fatta in collaborazione con l&#8217;Associazione Aiace di Brindisi.<\/p>\n","protected":false},"excerpt":{"rendered":"<p>Il 21 marzo, primo giorno di primavera, si celebra la XIX giornata della Memoria e dell&#8217;Impegno in ricordo delle vittime innocenti delle mafie. Non \u00e8 un evento n\u00e8 la solita routine, \u00e8 invece un&#8217;occasione per rafforzare o svegliare le coscienze, per rinnovare l&#8217;impegno a fronteggiare l&#8217;infiltrazione e la cultura mafiosa, quotidianamente. per essere vicini ai familiari delle vittime innocenti delle mafie, per trasmettere una memoria viva alle nuove generazioni. Per sensibilizzare e mobilitare la cittadinanza tutta, la Scuola di formazione politica Antonino Caponnetto, Proteo fare sapere, la CGIL e L&#8217;Amministrazione provinciale di Brindisi, promuovono le seguenti iniziative: -18 marzo, ore 18,00, presso l&#8217;auditorium della Scuola Media G. Salvemini-Via Castello 2, proiezione del film MAR PICCOLO. Introduce il regista Simone Salvemini; -20 marzo, ore 17,30, presso l&#8217;auditorium del Liceo Scient. Fermi-Monticelli-Via N.Brandi 22, Adozione da parte del Liceo di M. Maniglio quale vittima di mafia. -21 marzo, ore 17,30, nel salone di rappresentanza della Provincia di Brindisi, Via De Leo 2, lettura dei nomi delle vittime innocenti delle mafie; -25 marzo,&#8230;<\/p>\n","protected":false},"author":2,"featured_media":8366,"comment_status":"open","ping_status":"open","sticky":false,"template":"","format":"standard","meta":{"footnotes":""},"categories":[7],"tags":[],"class_list":["post-8365","post","type-post","status-publish","format-standard","has-post-thumbnail","hentry","category-news"],"_links":{"self":[{"href":"https:\/\/www.brundisium.net\/index.php\/wp-json\/wp\/v2\/posts\/8365","targetHints":{"allow":["GET"]}}],"collection":[{"href":"https:\/\/www.brundisium.net\/index.php\/wp-json\/wp\/v2\/posts"}],"about":[{"href":"https:\/\/www.brundisium.net\/index.php\/wp-json\/wp\/v2\/types\/post"}],"author":[{"embeddable":true,"href":"https:\/\/www.brundisium.net\/index.php\/wp-json\/wp\/v2\/users\/2"}],"replies":[{"embeddable":true,"href":"https:\/\/www.brundisium.net\/index.php\/wp-json\/wp\/v2\/comments?post=8365"}],"version-history":[{"count":1,"href":"https:\/\/www.brundisium.net\/index.php\/wp-json\/wp\/v2\/posts\/8365\/revisions"}],"predecessor-version":[{"id":8367,"href":"https:\/\/www.brundisium.net\/index.php\/wp-json\/wp\/v2\/posts\/8365\/revisions\/8367"}],"wp:featuredmedia":[{"embeddable":true,"href":"https:\/\/www.brundisium.net\/index.php\/wp-json\/wp\/v2\/media\/8366"}],"wp:attachment":[{"href":"https:\/\/www.brundisium.net\/index.php\/wp-json\/wp\/v2\/media?parent=8365"}],"wp:term":[{"taxonomy":"category","embeddable":true,"href":"https:\/\/www.brundisium.net\/index.php\/wp-json\/wp\/v2\/categories?post=8365"},{"taxonomy":"post_tag","embeddable":true,"href":"https:\/\/www.brundisium.net\/index.php\/wp-json\/wp\/v2\/tags?post=8365"}],"curies":[{"name":"wp","href":"https:\/\/api.w.org\/{rel}","templated":true}]}}