{"id":8432,"date":"2014-03-19T10:23:43","date_gmt":"2014-03-19T09:23:43","guid":{"rendered":"http:\/\/www.brundisium.net\/brun\/?p=8432"},"modified":"2014-03-19T12:30:01","modified_gmt":"2014-03-19T11:30:01","slug":"domani-don-raffaele-bruno-allistituto-ferdinando-di-mesagne","status":"publish","type":"post","link":"https:\/\/www.brundisium.net\/index.php\/domani-don-raffaele-bruno-allistituto-ferdinando-di-mesagne\/","title":{"rendered":"Domani Don Raffaele Bruno all&#8217;Istituto Ferdinando di Mesagne"},"content":{"rendered":"<p>Gioved\u00ec 20 marzo 2014, alle ore 16.00 presso l\u2019auditorium dell\u2019I.I.S.S. \u201cEpifanio Ferdinando\u201d, nell\u2019ambito degli interventi del progetto PON \u201cLa legalit\u00e0 per la difesa dell\u2019ambiente\u201d, interverr\u00e0 il sacerdote Don Raffaele Bruno, presidente della cooperativa \u201cIl bruco\u201d, che relazioner\u00e0 sulle attivit\u00e0 delle associazioni che operano sul territorio brindisino a favore della legalit\u00e0.<br \/>\nIl progetto \u00e8 curato dagli alunni della sezione commerciale e della sezione scientifica, insieme ai docenti esperti prof. Francesco D\u2019Alonzo e dott.ssa Daniela De Fazio e i tutor prof.ssa Rosalba Diviggiano e prof. Francesco Galasso.<\/p>\n<p>Avvier\u00e0 i lavori il Dirigente Scolastico prof. Vincenzo Antonio Micia dell\u2019I.I.S.S. \u201cEpifanio Ferdinando\u201d, sede del progetto.<\/p>\n<p>&nbsp;<\/p>\n<p>C.S.<\/p>\n","protected":false},"excerpt":{"rendered":"<p>Gioved\u00ec 20 marzo 2014, alle ore 16.00 presso l\u2019auditorium dell\u2019I.I.S.S. \u201cEpifanio Ferdinando\u201d, nell\u2019ambito degli interventi del progetto PON \u201cLa legalit\u00e0 per la difesa dell\u2019ambiente\u201d, interverr\u00e0 il sacerdote Don Raffaele Bruno, presidente della cooperativa \u201cIl bruco\u201d, che relazioner\u00e0 sulle attivit\u00e0 delle associazioni che operano sul territorio brindisino a favore della legalit\u00e0. Il progetto \u00e8 curato dagli alunni della sezione commerciale e della sezione scientifica, insieme ai docenti esperti prof. Francesco D\u2019Alonzo e dott.ssa Daniela De Fazio e i tutor prof.ssa Rosalba Diviggiano e prof. Francesco Galasso. Avvier\u00e0 i lavori il Dirigente Scolastico prof. Vincenzo Antonio Micia dell\u2019I.I.S.S. \u201cEpifanio Ferdinando\u201d, sede del progetto. &nbsp; C.S.<\/p>\n","protected":false},"author":2,"featured_media":8433,"comment_status":"open","ping_status":"open","sticky":false,"template":"","format":"standard","meta":{"footnotes":""},"categories":[7],"tags":[1270,210],"class_list":["post-8432","post","type-post","status-publish","format-standard","has-post-thumbnail","hentry","category-news","tag-don-bruno","tag-mesagne"],"_links":{"self":[{"href":"https:\/\/www.brundisium.net\/index.php\/wp-json\/wp\/v2\/posts\/8432","targetHints":{"allow":["GET"]}}],"collection":[{"href":"https:\/\/www.brundisium.net\/index.php\/wp-json\/wp\/v2\/posts"}],"about":[{"href":"https:\/\/www.brundisium.net\/index.php\/wp-json\/wp\/v2\/types\/post"}],"author":[{"embeddable":true,"href":"https:\/\/www.brundisium.net\/index.php\/wp-json\/wp\/v2\/users\/2"}],"replies":[{"embeddable":true,"href":"https:\/\/www.brundisium.net\/index.php\/wp-json\/wp\/v2\/comments?post=8432"}],"version-history":[{"count":1,"href":"https:\/\/www.brundisium.net\/index.php\/wp-json\/wp\/v2\/posts\/8432\/revisions"}],"predecessor-version":[{"id":8434,"href":"https:\/\/www.brundisium.net\/index.php\/wp-json\/wp\/v2\/posts\/8432\/revisions\/8434"}],"wp:featuredmedia":[{"embeddable":true,"href":"https:\/\/www.brundisium.net\/index.php\/wp-json\/wp\/v2\/media\/8433"}],"wp:attachment":[{"href":"https:\/\/www.brundisium.net\/index.php\/wp-json\/wp\/v2\/media?parent=8432"}],"wp:term":[{"taxonomy":"category","embeddable":true,"href":"https:\/\/www.brundisium.net\/index.php\/wp-json\/wp\/v2\/categories?post=8432"},{"taxonomy":"post_tag","embeddable":true,"href":"https:\/\/www.brundisium.net\/index.php\/wp-json\/wp\/v2\/tags?post=8432"}],"curies":[{"name":"wp","href":"https:\/\/api.w.org\/{rel}","templated":true}]}}