{"id":84943,"date":"2016-10-17T16:11:19","date_gmt":"2016-10-17T14:11:19","guid":{"rendered":"http:\/\/www.brundisium.net\/?p=84943"},"modified":"2016-10-17T16:03:25","modified_gmt":"2016-10-17T14:03:25","slug":"libriamo-al-castello-di-ceglie-lettere-a-francesca-di-enzo-tortora","status":"publish","type":"post","link":"https:\/\/www.brundisium.net\/index.php\/libriamo-al-castello-di-ceglie-lettere-a-francesca-di-enzo-tortora\/","title":{"rendered":"Libriamo: al Castello di Ceglie &#8220;Lettere a Francesca di Enzo Tortora&#8221;"},"content":{"rendered":"<p><a href=\"http:\/\/www.brundisium.net\/brun\/wp-content\/uploads\/2016\/10\/enzo-tortora.jpg\"><img loading=\"lazy\" decoding=\"async\" class=\"alignleft size-medium wp-image-84944\" src=\"http:\/\/www.brundisium.net\/brun\/wp-content\/uploads\/2016\/10\/enzo-tortora-247x300.jpg\" alt=\"enzo-tortora\" width=\"247\" height=\"300\" srcset=\"https:\/\/www.brundisium.net\/brun\/wp-content\/uploads\/2016\/10\/enzo-tortora-247x300.jpg 247w, https:\/\/www.brundisium.net\/brun\/wp-content\/uploads\/2016\/10\/enzo-tortora.jpg 272w\" sizes=\"auto, (max-width: 247px) 100vw, 247px\" \/><\/a><\/p>\n<p>\u201cGuarda per me il mare, baciami un fiore\u201d. Tra la rabbia, l\u2019umiliazione e l\u2019indignazione, il famoso conduttore televisivo Enzo Tortora, detenuto ingiustamente nel carcere di Regina Coeli, nelle lettere alla compagna Francesca riesce a stento ad esprimere qualche desiderio che commuove e ci riporta indietro, a quel fallimento giudiziario tutto italiano.<\/p>\n<p>&nbsp;<br \/>\nEd \u00e8 proprio per non dimenticare che mercoled\u00ec 26 ottobre alle 17:30 nel Salone del Castello Ducale di Ceglie Messapica si svolger\u00e0 la presentazione del libro \u201cEnzo Tortora. Lettere a Francesca\u201d (Pacini Editore) un volume che raccoglie la corrispondenza che il giornalista ebbe, durante i sette mesi di permanenza in cella, con la sua compagna. \u00c8 da qui che potremmo disegnare la geografia dei sentimenti di Tortora, accusato di essere un camorrista e costretto a vivere in pochi metri quadri con altri detenuti, senza ora d\u2019aria per paura dei reporter nascosti sui tetti, accaniti sostenitori di una colpevolezza mancata.<br \/>\n\u201cLa lotta fra me, innocente, e l\u2019accusa, impegnatissima a dover dimostrare il contrario (un altro aspetto di questa farsa italiana), durer\u00e0 a lungo\u201d scrive. Una consapevolezza che \u00e8 solo una delle quarantacinque dichiarazioni di innocenza, che descrivono i suoi stati d&#8217;animo, ma anche le sue condizioni fisiche.<\/p>\n<p>&nbsp;<br \/>\n<a href=\"http:\/\/www.brundisium.net\/brun\/wp-content\/uploads\/2016\/10\/lettere-a-francesca.jpg\"><img loading=\"lazy\" decoding=\"async\" class=\"size-medium wp-image-84946 alignright\" src=\"http:\/\/www.brundisium.net\/brun\/wp-content\/uploads\/2016\/10\/lettere-a-francesca-188x300.jpg\" alt=\"lettere-a-francesca\" width=\"188\" height=\"300\" srcset=\"https:\/\/www.brundisium.net\/brun\/wp-content\/uploads\/2016\/10\/lettere-a-francesca-188x300.jpg 188w, https:\/\/www.brundisium.net\/brun\/wp-content\/uploads\/2016\/10\/lettere-a-francesca.jpg 500w\" sizes=\"auto, (max-width: 188px) 100vw, 188px\" \/><\/a>Un incontro d&#8217;autore unico, il primo dei quattro appuntamenti in programma nell&#8217;ambito della II edizione della Rassegna Letteraria \u201cLibriamo\u201d, organizzato dall&#8217;Associazione di promozione sociale \u201cGioia\u201d, in collaborazione con l&#8217;Associazione Nazionale Giovani Avvocati, sezione di Brindisi, Taberna Libraria di Latiano (BR) e con il Patrocinio del Comune di Ceglie Messapica.<\/p>\n<p>&nbsp;<br \/>\nMedia Partner: Idea Radio<\/p>\n<p>&nbsp;<\/p>\n<p>&nbsp;<\/p>\n<p>Saluti<br \/>\nAvv. Stefania Ester Spina &#8211; Presidente A.I.G.A. Brindisi<br \/>\nGrazia Gioia &#8211; Presidente A.P.S. GIOIA<br \/>\nAvv. Mariangela Leporale &#8211; Assessore alla Cultura Comune di Ceglie M.ca<\/p>\n<p>&nbsp;<\/p>\n<p>&nbsp;<\/p>\n<p>Introduce e modera<br \/>\nAvv. Alessandra Galetta, del Foro di Brindisi \u2013 Consigliere Nazionale AI.G.A.<\/p>\n<p>&nbsp;<\/p>\n<p>&nbsp;<\/p>\n<p><a href=\"http:\/\/www.brundisium.net\/brun\/wp-content\/uploads\/2016\/10\/francesca-scopelliti.jpg\"><img loading=\"lazy\" decoding=\"async\" class=\"size-medium wp-image-84945 alignright\" src=\"http:\/\/www.brundisium.net\/brun\/wp-content\/uploads\/2016\/10\/francesca-scopelliti-300x200.jpg\" alt=\"Francesca Scopelliti durante la presentazione del libro su Enzo Tortora dal titolo &quot;Lettere a Francesca&quot;. Roma, 4 luglio 2016. ANSA\/CLAUDIO PERI\" width=\"300\" height=\"200\" srcset=\"https:\/\/www.brundisium.net\/brun\/wp-content\/uploads\/2016\/10\/francesca-scopelliti-300x200.jpg 300w, https:\/\/www.brundisium.net\/brun\/wp-content\/uploads\/2016\/10\/francesca-scopelliti.jpg 640w\" sizes=\"auto, (max-width: 300px) 100vw, 300px\" \/><\/a>Interventi<br \/>\nSen. Francesca Scopelliti &#8211; Presidente della Fondazione Internazionale per la Giustizia &#8220;E. Tortora\u201d<br \/>\nAvv. Domenico Attanasi, del Foro di Brindisi \u2013 Componente di Giunta Nazionale A.I.G.A.<br \/>\nDott. Vincenzo Sparviero &#8211; Capo Redattore Gazzetta del Mezzogiorno<\/p>\n<p>&nbsp;<\/p>\n<p>&nbsp;<\/p>\n","protected":false},"excerpt":{"rendered":"<p>\u201cGuarda per me il mare, baciami un fiore\u201d. Tra la rabbia, l\u2019umiliazione e l\u2019indignazione, il famoso conduttore televisivo Enzo Tortora, detenuto ingiustamente nel carcere di Regina Coeli, nelle lettere alla compagna Francesca riesce a stento ad esprimere qualche desiderio che commuove e ci riporta indietro, a quel fallimento giudiziario tutto italiano. &nbsp; Ed \u00e8 proprio per non dimenticare che mercoled\u00ec 26 ottobre alle 17:30 nel Salone del Castello Ducale di Ceglie Messapica si svolger\u00e0 la presentazione del libro \u201cEnzo Tortora. Lettere a Francesca\u201d (Pacini Editore) un volume che raccoglie la corrispondenza che il giornalista ebbe, durante i sette mesi di permanenza in cella, con la sua compagna. \u00c8 da qui che potremmo disegnare la geografia dei sentimenti di Tortora, accusato di essere un camorrista e costretto a vivere in pochi metri quadri con altri detenuti, senza ora d\u2019aria per paura dei reporter nascosti sui tetti, accaniti sostenitori di una colpevolezza mancata. \u201cLa lotta fra me, innocente, e l\u2019accusa, impegnatissima a dover dimostrare il contrario (un altro aspetto di questa farsa&#8230;<\/p>\n","protected":false},"author":2,"featured_media":84947,"comment_status":"open","ping_status":"closed","sticky":false,"template":"","format":"standard","meta":{"footnotes":""},"categories":[224,7],"tags":[],"class_list":["post-84943","post","type-post","status-publish","format-standard","has-post-thumbnail","hentry","category-libri","category-news"],"_links":{"self":[{"href":"https:\/\/www.brundisium.net\/index.php\/wp-json\/wp\/v2\/posts\/84943","targetHints":{"allow":["GET"]}}],"collection":[{"href":"https:\/\/www.brundisium.net\/index.php\/wp-json\/wp\/v2\/posts"}],"about":[{"href":"https:\/\/www.brundisium.net\/index.php\/wp-json\/wp\/v2\/types\/post"}],"author":[{"embeddable":true,"href":"https:\/\/www.brundisium.net\/index.php\/wp-json\/wp\/v2\/users\/2"}],"replies":[{"embeddable":true,"href":"https:\/\/www.brundisium.net\/index.php\/wp-json\/wp\/v2\/comments?post=84943"}],"version-history":[{"count":1,"href":"https:\/\/www.brundisium.net\/index.php\/wp-json\/wp\/v2\/posts\/84943\/revisions"}],"predecessor-version":[{"id":84948,"href":"https:\/\/www.brundisium.net\/index.php\/wp-json\/wp\/v2\/posts\/84943\/revisions\/84948"}],"wp:featuredmedia":[{"embeddable":true,"href":"https:\/\/www.brundisium.net\/index.php\/wp-json\/wp\/v2\/media\/84947"}],"wp:attachment":[{"href":"https:\/\/www.brundisium.net\/index.php\/wp-json\/wp\/v2\/media?parent=84943"}],"wp:term":[{"taxonomy":"category","embeddable":true,"href":"https:\/\/www.brundisium.net\/index.php\/wp-json\/wp\/v2\/categories?post=84943"},{"taxonomy":"post_tag","embeddable":true,"href":"https:\/\/www.brundisium.net\/index.php\/wp-json\/wp\/v2\/tags?post=84943"}],"curies":[{"name":"wp","href":"https:\/\/api.w.org\/{rel}","templated":true}]}}