{"id":8538,"date":"2014-03-20T12:32:09","date_gmt":"2014-03-20T11:32:09","guid":{"rendered":"http:\/\/www.brundisium.net\/brun\/?p=8538"},"modified":"2014-03-20T12:32:09","modified_gmt":"2014-03-20T11:32:09","slug":"galiano-ncd-ormai-la-misura-e-colma","status":"publish","type":"post","link":"https:\/\/www.brundisium.net\/index.php\/galiano-ncd-ormai-la-misura-e-colma\/","title":{"rendered":"Galiano, NCD &#8220;Ormai la misura \u00e8 colma!&#8221;"},"content":{"rendered":"<p>&#8220;Ormai la misura \u00e8 colma: non \u00e8 pi\u00f9 tollerabile assistere supinamente allo stazionamento quotidiano, ormai da settimane,  da parte di ex amministratori comunali all&#8217;interno degli Uffici del Comune di Francavilla F.na&#8221;.<br \/>\n\u00c8 cos\u00ec che esordisce l&#8217;Avv. Luigi Galiano, Pres. del Circolo dell&#8217;NCD di Francavilla F.na, nel segnalare quello che lui stesso definisce &#8220;un malcostume&#8221; che si protrae ormai da anni all&#8217;interno del Comune.<br \/>\n&#8220;Non \u00e9 possibile, n\u00e9 normale, che il Comune sia presidiato a 360* da persone che non hanno alcun titolo per stare l\u00ec dentro e che, evidentemente, altro non stanno facendo che campagna elettorale in un luogo assolutamente non preposto a tale fine. Capisco che molti di questi &#8220;ex&#8221; non hanno nulla da fare tutto il giorno, per\u00f2 comprendano anche loro che il proprio status di disoccupazione lavorativa\/politica non pu\u00f2 di certo tramutarsi in una simile situazione&#8221;.<br \/>\nEd ancora tuona l&#8217;ex candidato sindaco alle amministrative del 2009 &#8211; &#8220;Ritengo di aver fatto questa doverosa segnalazione con il massimo garbo nei confronti di tutti i colori politici, senza offenderne nessuno, anzi al solo scopo di porre fine a questo malcostume tipico della politica francavillese, o di parte di essa. In caso contrario, sar\u00f2 costretto, mio malgrado, ad informare direttamente sua Eccellenza il Prefetto di Brindisi con tanto di dovizia di particolari, circostanze, giorni ed orari, nomi degli interessati e dei testimoni, nonch\u00e9 di altri incresciosi episodi (decisamente ancor pi\u00f9 gravi, sic!) che hanno visto protagonisti, proprio questa settimana, alcuni importanti esponenti politici locali.<br \/>\nLa politica stia lontana dal Palazzo di Citt\u00e0 sino alla proclamazione del vincitore delle prossime elezioni!&#8221;<\/p>\n","protected":false},"excerpt":{"rendered":"<p>&#8220;Ormai la misura \u00e8 colma: non \u00e8 pi\u00f9 tollerabile assistere supinamente allo stazionamento quotidiano, ormai da settimane, da parte di ex amministratori comunali all&#8217;interno degli Uffici del Comune di Francavilla F.na&#8221;. \u00c8 cos\u00ec che esordisce l&#8217;Avv. Luigi Galiano, Pres. del Circolo dell&#8217;NCD di Francavilla F.na, nel segnalare quello che lui stesso definisce &#8220;un malcostume&#8221; che si protrae ormai da anni all&#8217;interno del Comune. &#8220;Non \u00e9 possibile, n\u00e9 normale, che il Comune sia presidiato a 360* da persone che non hanno alcun titolo per stare l\u00ec dentro e che, evidentemente, altro non stanno facendo che campagna elettorale in un luogo assolutamente non preposto a tale fine. Capisco che molti di questi &#8220;ex&#8221; non hanno nulla da fare tutto il giorno, per\u00f2 comprendano anche loro che il proprio status di disoccupazione lavorativa\/politica non pu\u00f2 di certo tramutarsi in una simile situazione&#8221;. Ed ancora tuona l&#8217;ex candidato sindaco alle amministrative del 2009 &#8211; &#8220;Ritengo di aver fatto questa doverosa segnalazione con il massimo garbo nei confronti di tutti i colori politici, senza offenderne&#8230;<\/p>\n","protected":false},"author":4,"featured_media":2128,"comment_status":"open","ping_status":"open","sticky":false,"template":"","format":"standard","meta":{"footnotes":""},"categories":[7],"tags":[274,251],"class_list":["post-8538","post","type-post","status-publish","format-standard","has-post-thumbnail","hentry","category-news","tag-galiano","tag-ncd"],"_links":{"self":[{"href":"https:\/\/www.brundisium.net\/index.php\/wp-json\/wp\/v2\/posts\/8538","targetHints":{"allow":["GET"]}}],"collection":[{"href":"https:\/\/www.brundisium.net\/index.php\/wp-json\/wp\/v2\/posts"}],"about":[{"href":"https:\/\/www.brundisium.net\/index.php\/wp-json\/wp\/v2\/types\/post"}],"author":[{"embeddable":true,"href":"https:\/\/www.brundisium.net\/index.php\/wp-json\/wp\/v2\/users\/4"}],"replies":[{"embeddable":true,"href":"https:\/\/www.brundisium.net\/index.php\/wp-json\/wp\/v2\/comments?post=8538"}],"version-history":[{"count":1,"href":"https:\/\/www.brundisium.net\/index.php\/wp-json\/wp\/v2\/posts\/8538\/revisions"}],"predecessor-version":[{"id":8539,"href":"https:\/\/www.brundisium.net\/index.php\/wp-json\/wp\/v2\/posts\/8538\/revisions\/8539"}],"wp:featuredmedia":[{"embeddable":true,"href":"https:\/\/www.brundisium.net\/index.php\/wp-json\/wp\/v2\/media\/2128"}],"wp:attachment":[{"href":"https:\/\/www.brundisium.net\/index.php\/wp-json\/wp\/v2\/media?parent=8538"}],"wp:term":[{"taxonomy":"category","embeddable":true,"href":"https:\/\/www.brundisium.net\/index.php\/wp-json\/wp\/v2\/categories?post=8538"},{"taxonomy":"post_tag","embeddable":true,"href":"https:\/\/www.brundisium.net\/index.php\/wp-json\/wp\/v2\/tags?post=8538"}],"curies":[{"name":"wp","href":"https:\/\/api.w.org\/{rel}","templated":true}]}}