{"id":8638,"date":"2014-03-21T10:27:42","date_gmt":"2014-03-21T09:27:42","guid":{"rendered":"http:\/\/www.brundisium.net\/brun\/?p=8638"},"modified":"2014-03-21T12:03:16","modified_gmt":"2014-03-21T11:03:16","slug":"carmine-abate-chiude-la-rassegna-letteraria-del-turgrate-2","status":"publish","type":"post","link":"https:\/\/www.brundisium.net\/index.php\/carmine-abate-chiude-la-rassegna-letteraria-del-turgrate-2\/","title":{"rendered":"Carmine Abate chiude la Rassegna Letteraria del Turgrate 2"},"content":{"rendered":"<p>Lo scrittore <b>Carmine Abate<\/b>, chiuder\u00e0 giorno <b>27 Marzo alle ore 18,00<\/b> presso l\u2019Auditorium del Castello, la rassegna letteraria del TurGrate 2 con la presentazione del suo ultimo libro \u201cIl bacio del pane\u201d (Mondadori), organizzata dalla Libreria La Carica dei 101.<\/p>\n<p>&nbsp;<\/p>\n<p>Finisce con l\u2019autore vincitore del premio Campiello 2012 il percorso organizzato dall\u2019Amministrazione comunale in quattro tappe: quattro incontri letterari per promuovere la riflessione sull\u2019incontro tra culture ma anche sulla riscoperta delle radici e delle tradizioni della nostra terra. Valore aggiunto di ogni appuntamento \u00e8 stata la collaborazione con le librerie <b>Lettera 22 \u00a0<\/b>e<b> La Carica dei 101<\/b> che hanno scelto gli autori da incontrare e fatto da regia allo svolgimento di ogni appuntamento.<\/p>\n<p>&nbsp;<\/p>\n<p>Dopo Antonio Verri e la storia delle riviste letterarie salentine, si \u00e8 parlato di viaggio e scambio con Goffredo Fofi, e infine di paesologia con Franco Arminio, narratore dei piccoli paesi d&#8217;Italia. La rassegna intitolata \u201cDel leggere e dello scrivere su radici, scambio e viaggio\u201d si colloca tra gli eventi culturali del Progetto IPA Adriatico TurGrate 2 &#8211; \u201cInteGRATEd actions to promote sustainable ToURist development\u201d che negli ultimi due anni ha promosso i diversi aspetti dell\u2019espressione artistica, partendo dalle arti visive sino alla musica, per approdare infine alla letteratura.<\/p>\n<p>&nbsp;<\/p>\n<p>L\u2019epilogo dell\u2019iniziativa \u00e8 dunque affidato ad un autore italiano di numerosi racconti, romanzi e saggi prevalentemente incentrati sui temi dei migranti e degli incontri tra le culture che con le sue storie, apprezzate a livello internazionale ed anche in America, ha sempre raccontato come la reciproca conoscenza e lo scambio possono essere vissuti come un arricchimento personale e una speranza collettiva da realizzare.<\/p>\n<p>&nbsp;<\/p>\n<p>\u201c<i>E tra la nostalgia di chi parte e quella di chi resta, la difficile ricerca dell\u2019identit\u00e0. Infine la comprensione che emigrare non \u00e8 solo strappo, ferita, ma \u00e8 soprattutto ricchezza. Che non \u00e8 inevitabile sentirsi lacerati tra due o pi\u00f9 mondi. Che si pu\u00f2 vivere, consapevolmente, per addizione.<\/i>\u201d (Carmine Abate, Vivere per addizione e altri viaggi).<\/p>\n","protected":false},"excerpt":{"rendered":"<p>Lo scrittore Carmine Abate, chiuder\u00e0 giorno 27 Marzo alle ore 18,00 presso l\u2019Auditorium del Castello, la rassegna letteraria del TurGrate 2 con la presentazione del suo ultimo libro \u201cIl bacio del pane\u201d (Mondadori), organizzata dalla Libreria La Carica dei 101. &nbsp; Finisce con l\u2019autore vincitore del premio Campiello 2012 il percorso organizzato dall\u2019Amministrazione comunale in quattro tappe: quattro incontri letterari per promuovere la riflessione sull\u2019incontro tra culture ma anche sulla riscoperta delle radici e delle tradizioni della nostra terra. Valore aggiunto di ogni appuntamento \u00e8 stata la collaborazione con le librerie Lettera 22 \u00a0e La Carica dei 101 che hanno scelto gli autori da incontrare e fatto da regia allo svolgimento di ogni appuntamento. &nbsp; Dopo Antonio Verri e la storia delle riviste letterarie salentine, si \u00e8 parlato di viaggio e scambio con Goffredo Fofi, e infine di paesologia con Franco Arminio, narratore dei piccoli paesi d&#8217;Italia. La rassegna intitolata \u201cDel leggere e dello scrivere su radici, scambio e viaggio\u201d si colloca tra gli eventi culturali del Progetto IPA Adriatico&#8230;<\/p>\n","protected":false},"author":2,"featured_media":8639,"comment_status":"open","ping_status":"open","sticky":false,"template":"","format":"standard","meta":{"footnotes":""},"categories":[7],"tags":[1434,1435],"class_list":["post-8638","post","type-post","status-publish","format-standard","has-post-thumbnail","hentry","category-news","tag-carmine-abate","tag-turgarate"],"_links":{"self":[{"href":"https:\/\/www.brundisium.net\/index.php\/wp-json\/wp\/v2\/posts\/8638","targetHints":{"allow":["GET"]}}],"collection":[{"href":"https:\/\/www.brundisium.net\/index.php\/wp-json\/wp\/v2\/posts"}],"about":[{"href":"https:\/\/www.brundisium.net\/index.php\/wp-json\/wp\/v2\/types\/post"}],"author":[{"embeddable":true,"href":"https:\/\/www.brundisium.net\/index.php\/wp-json\/wp\/v2\/users\/2"}],"replies":[{"embeddable":true,"href":"https:\/\/www.brundisium.net\/index.php\/wp-json\/wp\/v2\/comments?post=8638"}],"version-history":[{"count":1,"href":"https:\/\/www.brundisium.net\/index.php\/wp-json\/wp\/v2\/posts\/8638\/revisions"}],"predecessor-version":[{"id":8640,"href":"https:\/\/www.brundisium.net\/index.php\/wp-json\/wp\/v2\/posts\/8638\/revisions\/8640"}],"wp:featuredmedia":[{"embeddable":true,"href":"https:\/\/www.brundisium.net\/index.php\/wp-json\/wp\/v2\/media\/8639"}],"wp:attachment":[{"href":"https:\/\/www.brundisium.net\/index.php\/wp-json\/wp\/v2\/media?parent=8638"}],"wp:term":[{"taxonomy":"category","embeddable":true,"href":"https:\/\/www.brundisium.net\/index.php\/wp-json\/wp\/v2\/categories?post=8638"},{"taxonomy":"post_tag","embeddable":true,"href":"https:\/\/www.brundisium.net\/index.php\/wp-json\/wp\/v2\/tags?post=8638"}],"curies":[{"name":"wp","href":"https:\/\/api.w.org\/{rel}","templated":true}]}}