{"id":86539,"date":"2016-11-05T10:25:04","date_gmt":"2016-11-05T09:25:04","guid":{"rendered":"http:\/\/www.brundisium.net\/?p=86539"},"modified":"2016-11-05T10:56:34","modified_gmt":"2016-11-05T09:56:34","slug":"m5s-incontrano-lass-silvestre-ci-hanno-chiesto-proposte-per-risolvere-il-problema-dei-rifiuti","status":"publish","type":"post","link":"https:\/\/www.brundisium.net\/index.php\/m5s-incontrano-lass-silvestre-ci-hanno-chiesto-proposte-per-risolvere-il-problema-dei-rifiuti\/","title":{"rendered":"M5S incontrano l&#8217;Ass. Silvestre: &#8220;ci hanno chiesto proposte per risolvere il problema dei rifiuti&#8221;"},"content":{"rendered":"<p>Nella mattinata di ieri il Consigliere Regionale del Movimento 5 Stelle Gianluca Bozzetti insieme ai Consiglieri Comunali pentastellati di Brindisi Stefano Alparone ed Elena Giglio hanno incontrato il Vice sindaco Avv. Silvstre.<\/p>\n<p>&nbsp;<\/p>\n<p>A Tale incontro, promosso dallo stesso Vice sindaco, erano presenti anche l\u2019Assessore Dott. Carella, l\u2019Ing. Padula (Settore Controllo Risanamento Ambientale \u2013 Igiene Urbana), l\u2019Ing. Fantetti (Ufficio Servizio Igiene urbana), ed ha avuto per oggetto il tema dei rifiuti e le criticit\u00e0 di un settore oramai in uno stato di perenne emergenza nel nostro Comune ma di complessa risoluzione.<\/p>\n<p>&nbsp;<\/p>\n<p>&nbsp;<\/p>\n<p>\u201cAssolvendo in pieno ai nostri doveri istituzionali, abbiamo gradito l\u2019invito del Vice sindaco \u2010 affermano i 5 stelle \u2010 in quanto riteniamo che l\u2019emergenza rifiuti nel nostro territorio rappresenti un problema alla cui risoluzione tutti debbono fornire il proprio contributo attraverso il coinvolgimento in primis della cittadinanza.<\/p>\n<p>&nbsp;<\/p>\n<p>Nell\u2019incontro, ci \u00e8 stata chiesta la nostra posizione e le nostre proposte per iniziare e mettere finalmente a sistema un ciclo dei rifiuti che allinei Brindisi agli standard europei.<\/p>\n<p>&nbsp;<\/p>\n<p>Abbiamo pertanto illustrato -\u00ad proseguono i Consiglieri M5S -\u00ad i principi cardine da seguire per iniziare ad impostare un ciclo dei rifiuti in osservanza alla direttiva europea in materia, suggerendo di porre particolare attenzione alla stesura della gara decennale per la raccolta dei rifiuti, in cui dovr\u00e0 essere stringente e particolareggiato quello che il Comune chieder\u00e0 di fare e gli obiettivi da raggiungere in merito alla raccolta differenziata secondo la metodologia di un \u201cporta a porta\u201d finalmente spinto ma soprattutto ben organizzato, nel quale un ruolo principale deve essere giocato dalla puntuale e corretta informazione del cittadino.<\/p>\n<p>&nbsp;<\/p>\n<p>Un percorso che dovr\u00e0 in maniera ineluttabile prevedere la presenza di una tariffazione puntuale che sia da stimolo non solo ad un corretto conferimento ma anche e soprattutto ad una riduzione dei rifiuti.<\/p>\n<p>&nbsp;<\/p>\n<p>Una particolare attenzione \u2013 proseguono i 5 stelle \u2013 l\u2019abbiamo posta nell\u2019illustrare l\u2019importanza del trattamento della frazione umida, attraverso la creazione di centri di compostaggio di prossimit\u00e0 e non certo facendo ricorso a mega impianti.<\/p>\n<p>&nbsp;<\/p>\n<p>Si \u00e8 discusso dell\u2019importanza della riduzione dei rifiuti, in cui molto incisiva dovr\u00e0 essere l\u2019azione dell\u2019Amministrazione, come fondamentale sar\u00e0 stimolare la pratica del riuso, attraverso la creazione di appositi spazi che non solo diminuiranno il volume dei conferimenti ma porterebbero a stimolare anche la creazione di nuove professionalit\u00e0.<\/p>\n<p>&nbsp;<\/p>\n<p>Per rendere concreto il tutto \u2013 concludono i 5 stelle \u2013 abbiamo inviato al Vice sindaco la Proposta di Legge Regionale del MoVimento 5 Stelle: &#8220;Verso un\u2019economia circolare a rifiuti zero&#8221; cos\u00ec da poter prenderne visione e ci auguriamo anche spunto.<\/p>\n<p>Ancora una volta abbiamo dimostrato che il senso di responsabilit\u00e0 nei confronti dei nostri concittadini va al di l\u00e0 dei simboli o delle appartenenze politiche, la nostra speranza per\u00f2 \u00e8 che tale buon senso non sia sempre e solo a senso unico.\u201d<\/p>\n<p>&nbsp;<\/p>\n<p>&nbsp;<\/p>\n<p><strong>MoVimento 5 Stelle Brindisi<\/strong><\/p>\n","protected":false},"excerpt":{"rendered":"<p>Nella mattinata di ieri il Consigliere Regionale del Movimento 5 Stelle Gianluca Bozzetti insieme ai Consiglieri Comunali pentastellati di Brindisi Stefano Alparone ed Elena Giglio hanno incontrato il Vice sindaco Avv. Silvstre. &nbsp; A Tale incontro, promosso dallo stesso Vice sindaco, erano presenti anche l\u2019Assessore Dott. Carella, l\u2019Ing. Padula (Settore Controllo Risanamento Ambientale \u2013 Igiene Urbana), l\u2019Ing. Fantetti (Ufficio Servizio Igiene urbana), ed ha avuto per oggetto il tema dei rifiuti e le criticit\u00e0 di un settore oramai in uno stato di perenne emergenza nel nostro Comune ma di complessa risoluzione. &nbsp; &nbsp; \u201cAssolvendo in pieno ai nostri doveri istituzionali, abbiamo gradito l\u2019invito del Vice sindaco \u2010 affermano i 5 stelle \u2010 in quanto riteniamo che l\u2019emergenza rifiuti nel nostro territorio rappresenti un problema alla cui risoluzione tutti debbono fornire il proprio contributo attraverso il coinvolgimento in primis della cittadinanza. &nbsp; Nell\u2019incontro, ci \u00e8 stata chiesta la nostra posizione e le nostre proposte per iniziare e mettere finalmente a sistema un ciclo dei rifiuti che allinei Brindisi agli standard europei&#8230;.<\/p>\n","protected":false},"author":2,"featured_media":80352,"comment_status":"open","ping_status":"closed","sticky":false,"template":"","format":"standard","meta":{"footnotes":""},"categories":[450,7],"tags":[],"class_list":["post-86539","post","type-post","status-publish","format-standard","has-post-thumbnail","hentry","category-formazione-e-lavoro","category-news"],"_links":{"self":[{"href":"https:\/\/www.brundisium.net\/index.php\/wp-json\/wp\/v2\/posts\/86539","targetHints":{"allow":["GET"]}}],"collection":[{"href":"https:\/\/www.brundisium.net\/index.php\/wp-json\/wp\/v2\/posts"}],"about":[{"href":"https:\/\/www.brundisium.net\/index.php\/wp-json\/wp\/v2\/types\/post"}],"author":[{"embeddable":true,"href":"https:\/\/www.brundisium.net\/index.php\/wp-json\/wp\/v2\/users\/2"}],"replies":[{"embeddable":true,"href":"https:\/\/www.brundisium.net\/index.php\/wp-json\/wp\/v2\/comments?post=86539"}],"version-history":[{"count":3,"href":"https:\/\/www.brundisium.net\/index.php\/wp-json\/wp\/v2\/posts\/86539\/revisions"}],"predecessor-version":[{"id":86702,"href":"https:\/\/www.brundisium.net\/index.php\/wp-json\/wp\/v2\/posts\/86539\/revisions\/86702"}],"wp:featuredmedia":[{"embeddable":true,"href":"https:\/\/www.brundisium.net\/index.php\/wp-json\/wp\/v2\/media\/80352"}],"wp:attachment":[{"href":"https:\/\/www.brundisium.net\/index.php\/wp-json\/wp\/v2\/media?parent=86539"}],"wp:term":[{"taxonomy":"category","embeddable":true,"href":"https:\/\/www.brundisium.net\/index.php\/wp-json\/wp\/v2\/categories?post=86539"},{"taxonomy":"post_tag","embeddable":true,"href":"https:\/\/www.brundisium.net\/index.php\/wp-json\/wp\/v2\/tags?post=86539"}],"curies":[{"name":"wp","href":"https:\/\/api.w.org\/{rel}","templated":true}]}}