{"id":8707,"date":"2014-03-22T00:00:12","date_gmt":"2014-03-21T23:00:12","guid":{"rendered":"http:\/\/www.brundisium.net\/brun\/?p=8707"},"modified":"2016-07-04T18:02:15","modified_gmt":"2016-07-04T16:02:15","slug":"la-poesia-dellacqua-di-guido-giampietro","status":"publish","type":"post","link":"https:\/\/www.brundisium.net\/index.php\/la-poesia-dellacqua-di-guido-giampietro\/","title":{"rendered":"La poesia dell\u2019acqua. Di Guido Giampietro"},"content":{"rendered":"<p>Il 22 marzo di ogni anno ricorre la Giornata Mondiale dell\u2019Acqua, istituita dalle Nazioni Unite fin dal 1992.<\/p>\n<p>In aggiunta agli Stati membri una serie di Ong (Organizzazioni non governative)\u00a0 hanno utilizzato questa giornata per sensibilizzare l\u2019attenzione del pubblico sulla critica questione dell\u2019acqua nella nostra era.<\/p>\n<p>Infatti, a causa della crescita delle attivit\u00e0 umane dovuta ad un modello di sviluppo non sostenibile (basti pensare alle proliferazione delle piscine anche nella Puglia che Orazio, fin dal 42 a.C., aveva definito \u201csiticulosa\u201d, senza fiumi, spogliata di boschi\u2026), la disponibilit\u00e0 di acqua potabile per persona sta diminuendo.<\/p>\n<p>La conseguenza \u00e8 che, gi\u00e0 nel 2004, l\u2019organizzazione umanitaria britannica \u201cWaterAid\u201d parl\u00f2 della morte di un bambino ogni 15 secondi per via di malattie facilmente prevenibili, contratte a causa della scarsit\u00e0 di acqua pulita.<\/p>\n<p>Nel 2006 si sono calcolate trentamila persone morte ogni giorno nel mondo per cause riconducibili alla mancanza di acqua. Tanto che Ismail Serageldin, vice Presidente della banca mondiale, nel 1995 aveva affermato: \u00abSe le guerre del Ventesimo secolo sono state combattute per il petrolio, quelle del Ventunesimo avranno come oggetto del contendere l\u2019acqua\u00bb.<\/p>\n<p>&nbsp;<\/p>\n<p>Eppure il diritto all\u2019acqua risulta quale estensione del diritto alla vita affermato dalla Dichiarazione Universale dei Diritti Umani: \u201c<em>\u00c8 ormai tempo di considerare l\u2019accesso all\u2019acqua potabile e ai servizi sanitari nel novero dei diritti umani, definito come il diritto uguale per tutti, senza discriminazione, all\u2019accesso ad una sufficiente quantit\u00e0 di acqua potabile per uso personale e domestico \u02d7 per bere, lavarsi, lavare i vestiti, cucinare e pulire se stessi e la casa \u02d7 allo scopo di migliorare la qualit\u00e0 della vita e la salute<\/em>.<\/p>\n<p><em>Gli Stati nazionali dovrebbero dare priorit\u00e0 all\u2019uso personale e domestico dell\u2019acqua al di sopra di ogni altro uso e dovrebbero fare i passi necessari per assicurare che questa quantit\u00e0 sufficiente sia di buona qualit\u00e0, accessibile economicamente a tutti e che ciascuno la possa raccogliere a una distanza ragionevole dalla propria casa<\/em>\u201d.<\/p>\n<p>&nbsp;<\/p>\n<p><a href=\"http:\/\/www.brundisium.net\/brun\/wp-content\/uploads\/2014\/03\/Water_ITbg1.jpg\"><img loading=\"lazy\" decoding=\"async\" class=\"alignleft size-medium wp-image-8709\" alt=\"acqua diritto umano\" src=\"http:\/\/www.brundisium.net\/brun\/wp-content\/uploads\/2014\/03\/Water_ITbg1-259x300.jpg\" width=\"259\" height=\"300\" data-id=\"8709\" srcset=\"https:\/\/www.brundisium.net\/brun\/wp-content\/uploads\/2014\/03\/Water_ITbg1-259x300.jpg 259w, https:\/\/www.brundisium.net\/brun\/wp-content\/uploads\/2014\/03\/Water_ITbg1-887x1024.jpg 887w, https:\/\/www.brundisium.net\/brun\/wp-content\/uploads\/2014\/03\/Water_ITbg1.jpg 1535w\" sizes=\"auto, (max-width: 259px) 100vw, 259px\" \/><\/a>La Risoluzione ONU del 28 luglio 2010 dichiara, per la prima volta nella storia, il diritto all\u2019acqua un diritto umano universale e fondamentale. Purtroppo essa non \u00e8 vincolante, ovvero afferma un principio che ancora raccomanda (non obbliga) gli Stati ad attuare iniziative per garantire a tutti un\u2019acqua potabile di qualit\u00e0, accessibile, a prezzi economici.<\/p>\n<p>\u00c8 stata approvata all\u2019Assemblea Generale con 122 voti favorevoli, 41 astensioni e nessun contrario. Altri documenti dell\u2019ONU avevano affermato il diritto all\u2019acqua come diritto di alcune categorie di persone (minorenni, disabili), mai come un diritto universale.<\/p>\n<p>&nbsp;<\/p>\n<p>Ma l\u2019acqua, a parte queste aride (\u00e8 il caso di dire) cifre, \u00e8 stata da sempre nella mente e nel cuore di tanti poeti che dell\u2019umanit\u00e0 rappresentano la parte pi\u00f9 sensibile. E, in quanto tali, i pi\u00f9 riconoscenti nei riguardi di un elemento che si identifica con la vita stessa.<\/p>\n<p>&nbsp;<\/p>\n<p>Come non ricordare l\u2019\u201cacqua divina\u201d di <strong>Alceo<\/strong>? \u201c<em>Ebro \u02d7 dice il poeta greco \u02d7, bellissimo tu tra i fiumi, sfoci presso Eno, nel mare agitato, rumoreggiando per la terra tracia\u2026 ti frequentano molte fanciulle; e tu sei gioia per le mani delicate lungo le cosce belle. Sono ammaliate dalla tua acqua che \u00e8 come unguento\u2026<\/em>\u201d.<\/p>\n<p><strong>Catullo<\/strong>, nel carme 70, cos\u00ec si lamenta delle promesse vacue delle donne: \u201c<em>La mia donna dice che mai sposerebbe nessuno \/ se non a me, nemmeno se Giove in persona lo chiedesse. \/ Lo dice: ma ci\u00f2 che la donna dice al bramoso amante \/ scrivilo nel vento e nell\u2019acqua che scorre\u2026<\/em>\u201d.<\/p>\n<p>Ne \u201cIl Cantico delle Creature\u201d cos\u00ec <strong>San Francesco<\/strong> inneggia all\u2019acqua: \u201c<em>Laudato si\u2019, mi\u2019 Signore, per sor\u2019acqua \/ la quale \u00e8 molto utile et umile et preziosa et casta<\/em>\u201d.<\/p>\n<p>In \u201c<em>Chiare fresche et dolci acque, ove le belle membra pose colei che solo a me par donna\u2026<\/em>\u201d (la canzone n. 126 del Canzoniere del <strong>Petrarca<\/strong>) \u00e8 l\u2019acqua che al poeta sembra recare ancora l\u2019impronta di Laura.<\/p>\n<p><strong>John Keats<\/strong> la richiam\u00f2 addirittura nell\u2019epigrafe: \u201c<em>Qui giace un uomo il cui nome \u00e8 scritto sull\u2019acqua<\/em>\u201d.<\/p>\n<p><strong>D\u2019Annunzio<\/strong> cos\u00ec la descrive ne \u201cL\u2019onda\u201d: \u201c<em>\u2026 Sciacqua, sciaborda,\/ scroscia, schianta, \/ romba, ride, canta, \/ accorda, discorda, tutte accoglie e fonde \/ le dissonanze acute \/ nelle sue volute \/ profonde\u2026\u201d. E, in \u201cAcqua\u201d, le riconosce una funzione vitale: \u201cAcqua di monte \/ acqua di fonte \/ acqua che squilli \/ acqua che brilli \/ acqua che canti e piangi \/ acqua che ridi e muggi \/ Tu sei la vita \/ e sempre fuggi<\/em>\u201d.<\/p>\n<p>E che dire dei versi struggenti del poeta indiano <strong>Tagore<\/strong>? \u201c<em>Quando sarai questa sorgente, \/ quando incontrerai quest\u2019acqua, \/ quando riempirai questa brocca, quando irrigherai questo mondo, quando toglierai questa sete, \/ allora mi potr\u00f2 sedere<\/em>\u201d\u2026<\/p>\n<p><strong>Aldo Palazzeschi<\/strong>, ne \u201cLa fontana malata\u201d, ne ruba addirittura il suono: \u201c<em>Clof, clop, cloch, \/ cloffete \/ cloppete, \/ chchch\u2026<\/em>\u201d.<\/p>\n<p><strong>Fernando Pessoa<\/strong> confessa: \u201c<em>\u2026 Il mio cuore, il mio cuore, \u00a0\u00e8 un lago disseccato dalla morte \/ E sugli argini delle tristi rive del lago morto \/ Si trattiene, per sognare un castello medievale\u2026<\/em>\u201d.<\/p>\n<p><strong>Garc\u00eda Lorca<\/strong> ne fa un inno: \u201c<em>La canzone dell\u2019acqua \/\u00e8 cosa eterna. \/ \u00c8 linfa nascosta \/ che fa vivere i campi. \/ \u00c8 sangue di poeti \/ che persero l\u2019anima \/ sulle vie \/ della Natura. \/ Che armonia diffonde \/ sgorgando dalla roccia! \/ Si concede agli uomini \/ con le sue dolci movenze. \/\u2026 e cogliamo da amore amore \/ quando beviamo acqua\u2026 Essa porta via segreti \/ dalle bocche degli uomini \/ perch\u00e9 tutti la baciamo \/ per spegnere la nostra sete\u2026<\/em>\u201d.<\/p>\n<p>&nbsp;<\/p>\n<p><a href=\"http:\/\/www.brundisium.net\/brun\/wp-content\/uploads\/2014\/03\/acquedotto.jpg\"><img loading=\"lazy\" decoding=\"async\" class=\"alignleft size-medium wp-image-7097\" alt=\"acquedotto pugliese\" src=\"http:\/\/www.brundisium.net\/brun\/wp-content\/uploads\/2014\/03\/acquedotto-300x194.jpg\" width=\"300\" height=\"194\" data-id=\"7097\" srcset=\"https:\/\/www.brundisium.net\/brun\/wp-content\/uploads\/2014\/03\/acquedotto-300x194.jpg 300w, https:\/\/www.brundisium.net\/brun\/wp-content\/uploads\/2014\/03\/acquedotto.jpg 807w\" sizes=\"auto, (max-width: 300px) 100vw, 300px\" \/><\/a>E tantissimi altri sono i poeti e gli scrittori che hanno dato risalto pi\u00f9 che all\u2019elemento materiale dell\u2019acqua alla sua essenza.<\/p>\n<p>Per cui parlare \u02d7 cosa che sarebbe stata abbastanza naturale nel contesto della Giornata Internazionale dell\u2019Acqua \u02d7 del tanto chiacchierato <strong>Acquedotto Pugliese<\/strong>, cio\u00e8 di quei 15mila km di lunghezza e della sua portata complessiva teorica (visto che ne perde quasi la met\u00e0 lungo il tragitto\u2026) di 19mila litri al secondo, mi parrebbe ora come profferire una bestemmia in chiesa!<\/p>\n<p>Rimane comunque tutto il rimpianto per un\u2019opera che, se mantenuta nelle dovute forme, oltre a non far mancare l\u2019acqua al profondo Salento, sarebbe il vero fiore all\u2019occhiello della Puglia e dell\u2019Italia tutta.<\/p>\n<p>&nbsp;<\/p>\n<p><a href=\"http:\/\/www.brundisium.net\/brun\/wp-content\/uploads\/2014\/03\/H2O-e1395242483101.jpg\"><img loading=\"lazy\" decoding=\"async\" class=\"alignleft size-medium wp-image-8446\" alt=\"Layout 1\" src=\"http:\/\/www.brundisium.net\/brun\/wp-content\/uploads\/2014\/03\/H2O-e1395242483101-300x224.jpg\" width=\"300\" height=\"224\" data-id=\"8446\" srcset=\"https:\/\/www.brundisium.net\/brun\/wp-content\/uploads\/2014\/03\/H2O-e1395242483101-300x224.jpg 300w, https:\/\/www.brundisium.net\/brun\/wp-content\/uploads\/2014\/03\/H2O-e1395242483101.jpg 668w\" sizes=\"auto, (max-width: 300px) 100vw, 300px\" \/><\/a>Mi pare invece appropriato, nella Giornata dedicata all\u2019acqua, accennare alle iniziative intese a celebrarla. In modo particolare a quella che l\u2019attivissima Presidente del <strong>Club UNESCO di Brindisi<\/strong> \u02d7 la dott.ssa <strong>Clori Ostillio Palazzo<\/strong> \u02d7 ha organizzato, proprio per il 22 marzo, nel Palazzo Granafei Nervegna.<\/p>\n<p>Si tratta di \u201c<strong>H2O in Mostra<\/strong>\u201d che, \u201coltre ad essere una rassegna di opere d\u2019arte contemporanea, rappresenta anche un contributo personale di creativit\u00e0, originalit\u00e0 ed impegno sul tema\u201d.<\/p>\n<p>Inoltre una sezione della mostra \u00e8 dedicata alla presentazione di un modello d\u2019impianti (in scala), relativo al progetto S.E.WA.T (Sustainable Energy by Wave Trap), per lo sfruttamento dell\u2019energia delle onde marine di piccola taglia, realizzato dall\u2019I.T.S. Logistica e Trasporti Nautico e Aeronautico \u201cCarnaro\u201d di Brindisi.<\/p>\n<p>In occasione dell\u2019inaugurazione (sabato 22, ore 17,30), Marcantonio Gallo declamer\u00e0 un suo breve monologo dal titolo \u201cLa Memoria dell\u2019Acqua\u201d.<\/p>\n<p>&nbsp;<\/p>\n<p>Cin cin, dunque, con un bicchiere di \u201cvin di nuvoli\u201d, il vino delle nuvole, alias l\u2019acqua, come dicono i toscani.<\/p>\n<p>&nbsp;<\/p>\n<p><strong>Guido Giampietro<\/strong><\/p>\n","protected":false},"excerpt":{"rendered":"<p>Il 22 marzo di ogni anno ricorre la Giornata Mondiale dell\u2019Acqua, istituita dalle Nazioni Unite fin dal 1992. In aggiunta agli Stati membri una serie di Ong (Organizzazioni non governative)\u00a0 hanno utilizzato questa giornata per sensibilizzare l\u2019attenzione del pubblico sulla critica questione dell\u2019acqua nella nostra era. Infatti, a causa della crescita delle attivit\u00e0 umane dovuta ad un modello di sviluppo non sostenibile (basti pensare alle proliferazione delle piscine anche nella Puglia che Orazio, fin dal 42 a.C., aveva definito \u201csiticulosa\u201d, senza fiumi, spogliata di boschi\u2026), la disponibilit\u00e0 di acqua potabile per persona sta diminuendo. La conseguenza \u00e8 che, gi\u00e0 nel 2004, l\u2019organizzazione umanitaria britannica \u201cWaterAid\u201d parl\u00f2 della morte di un bambino ogni 15 secondi per via di malattie facilmente prevenibili, contratte a causa della scarsit\u00e0 di acqua pulita. Nel 2006 si sono calcolate trentamila persone morte ogni giorno nel mondo per cause riconducibili alla mancanza di acqua. Tanto che Ismail Serageldin, vice Presidente della banca mondiale, nel 1995 aveva affermato: \u00abSe le guerre del Ventesimo secolo sono state combattute per&#8230;<\/p>\n","protected":false},"author":2,"featured_media":8708,"comment_status":"open","ping_status":"open","sticky":false,"template":"","format":"standard","meta":{"footnotes":""},"categories":[3129,9],"tags":[18],"class_list":["post-8707","post","type-post","status-publish","format-standard","has-post-thumbnail","hentry","category-guido-giampietro","category-interventi","tag-guido-giampietro"],"_links":{"self":[{"href":"https:\/\/www.brundisium.net\/index.php\/wp-json\/wp\/v2\/posts\/8707","targetHints":{"allow":["GET"]}}],"collection":[{"href":"https:\/\/www.brundisium.net\/index.php\/wp-json\/wp\/v2\/posts"}],"about":[{"href":"https:\/\/www.brundisium.net\/index.php\/wp-json\/wp\/v2\/types\/post"}],"author":[{"embeddable":true,"href":"https:\/\/www.brundisium.net\/index.php\/wp-json\/wp\/v2\/users\/2"}],"replies":[{"embeddable":true,"href":"https:\/\/www.brundisium.net\/index.php\/wp-json\/wp\/v2\/comments?post=8707"}],"version-history":[{"count":1,"href":"https:\/\/www.brundisium.net\/index.php\/wp-json\/wp\/v2\/posts\/8707\/revisions"}],"predecessor-version":[{"id":8710,"href":"https:\/\/www.brundisium.net\/index.php\/wp-json\/wp\/v2\/posts\/8707\/revisions\/8710"}],"wp:featuredmedia":[{"embeddable":true,"href":"https:\/\/www.brundisium.net\/index.php\/wp-json\/wp\/v2\/media\/8708"}],"wp:attachment":[{"href":"https:\/\/www.brundisium.net\/index.php\/wp-json\/wp\/v2\/media?parent=8707"}],"wp:term":[{"taxonomy":"category","embeddable":true,"href":"https:\/\/www.brundisium.net\/index.php\/wp-json\/wp\/v2\/categories?post=8707"},{"taxonomy":"post_tag","embeddable":true,"href":"https:\/\/www.brundisium.net\/index.php\/wp-json\/wp\/v2\/tags?post=8707"}],"curies":[{"name":"wp","href":"https:\/\/api.w.org\/{rel}","templated":true}]}}