{"id":87164,"date":"2016-11-10T19:09:49","date_gmt":"2016-11-10T18:09:49","guid":{"rendered":"http:\/\/www.brundisium.net\/?p=87164"},"modified":"2016-11-10T19:09:49","modified_gmt":"2016-11-10T18:09:49","slug":"tutto-pronto-per-la-rassegna-letteraria-ilsgnalibro-punto-di-lettura","status":"publish","type":"post","link":"https:\/\/www.brundisium.net\/index.php\/tutto-pronto-per-la-rassegna-letteraria-ilsgnalibro-punto-di-lettura\/","title":{"rendered":"Tutto pronto per la rassegna letteraria \u201cIlSgnalibro \u2013 punto di lettura\u201d"},"content":{"rendered":"<p><a href=\"http:\/\/www.brundisium.net\/brun\/wp-content\/uploads\/2016\/11\/locandina-ilSegnalibro.jpg\"><img loading=\"lazy\" decoding=\"async\" class=\"alignright size-medium wp-image-87168\" src=\"http:\/\/www.brundisium.net\/brun\/wp-content\/uploads\/2016\/11\/locandina-ilSegnalibro-210x300.jpg\" alt=\"locandina-ilsegnalibro\" width=\"210\" height=\"300\" srcset=\"https:\/\/www.brundisium.net\/brun\/wp-content\/uploads\/2016\/11\/locandina-ilSegnalibro-210x300.jpg 210w, https:\/\/www.brundisium.net\/brun\/wp-content\/uploads\/2016\/11\/locandina-ilSegnalibro.jpg 480w\" sizes=\"auto, (max-width: 210px) 100vw, 210px\" \/><\/a>Si \u00e8 svolta questa mattina, presso la Feltrinelli point Brindisi, in corso Umberto I n. 113, la conferenza stampa di presentazione della rassegna letteraria \u201cilSegnalibro- punto di lettura\u201d Inverno 2016; sette appuntamenti dal 13 novembre al 16 dicembre con scrittori, giornalisti e musicisti di fama nazionale. Nel corso della conferenza il direttore della Feltrinelli point Brindisi Francesco Carlucci ha illustrato il programma degli eventi di questa quarta edizione della rassegna che in poco tempo \u00e8 diventata un punto di riferimento per l\u2019offerta culturale della citt\u00e0 di Brindisi. Le presentazioni si terranno tutte alle ore 19.00 presso la Sala Universit\u00e0 di Palazzo Nervegna a Brindisi in via Duomo (ingresso libero).<\/p>\n<p>&nbsp;<br \/>\nIl primo appuntamento \u00e8 fissato per domenica 13 novembre, con il direttore di RaiSport Gabriele Romagnoli che presenta il libro \u201cCoraggio!\u201d edito da Feltrinelli. A dialogare con l\u2019autore il giornalista Fabio Mollica. In questo libro Romagnoli percorre le strade del coraggio a partire dal senso caldo dell\u2019esortazione che spesso abbiamo conosciuto nella vita: il coraggio che, da piccoli, ci sprona a camminare, pedalare, pattinare, quello che ci invita a non avere paura, o ad alzare la testa.<\/p>\n<p>&nbsp;<br \/>\nSabato 19 novembre, appuntamento dedicato alla musica con la presentazione del nuovo cd del pianista e compositore Arturo St\u00e0lteri che presenta &#8220;Pr\u00e8ludes&#8221; per l&#8217;etichetta Felmay. A dialogare con St\u00e0lteri il giornalista Francesco Spadafora. In questo disco Arturo St\u00e0lteri (tra le sue collaborazioni ricordiamo quelle con Franco Battiato, Rino Gaetano, David Sylvian) propone ventitre composizioni inedite in forma di preludio presentate per la maggior parte in piano solo o in duo, con diversi compagni di viaggio.<\/p>\n<p>&nbsp;<br \/>\nMercoled\u00ec 23 novembre Giovanni Caccamo, il cantautore scoperto da Franco Battiato e prodotto da Caterina Caselli, presenta il libro \u201cDialogo con mia madre\u201d (ed.Rizzoli) una lunga lettera in cui genitore e figlio si raccontano l\u2019un l\u2019altro per conoscersi in profondit\u00e0, mettendo a nudo le proprie anime. A dialogare con l&#8217;autore la giornalista Maria Di Filippo.<\/p>\n<p>&nbsp;<br \/>\nVenerd\u00ec 25 novembre Franco la Torre presenta \u201cSulle ginocchia\u201d edito da Melampo, un libro che<br \/>\nvuole contribuire a ridare la giusta memoria a Pio La Torre, il dirigente politico la cui vita \u00e8 stata dedicata alla lotta alla mafia, pagata poi con la vita. E lo fa attraverso un testimone d&#8217;eccezione, il figlio Franco. Una memoria insieme commovente e asciutta, che racconta un leader politico con gli occhi del bambino e dell&#8217;adolescente ma anche con la consapevolezza di chi oggi \u00e8 dirigente dell&#8217;associazione Libera. A dialogare con l\u2019autore Raffaella Argentieri, presidente della Fondazione \u201cDi Giulio\u201d e l\u2019avvocato Roberto Fusco.<\/p>\n<p>&nbsp;<br \/>\nDomenica 27 novembre sar\u00e0 presentato il libro di Giulia Innocenzi \u201cTritacarne\u201d edito da Rizzoli. La giornalista, che ha lavorato con Michele Santoro a Annozero e Servizio pubblico e ha condotto il talk politico Announo su La7, ha pubblicato una vera e propria inchiesta sull&#8217;industria italiana della carne e dei formaggi dell&#8217;eccellenza &#8220;Made in Italy&#8221;, affiancando animalisti, veterinari e allevatori per svelare un mondo oscuro in cui gli animali sopravvivono a malapena in spazi microscopici, sporchi, senz&#8217;aria; costretti a vere e proprie torture, malati e imbottiti di antibiotici che finiscono sulle nostre tavole. Modera il giornalista Salvatore Vetrugno.<\/p>\n<p>&nbsp;<br \/>\nDomenica 11 dicembre il giornalista e conduttore televisivo Andrea Scanzi, una delle firme di punta del\u201cFatto Quotidiano\u201d, presenta \u201cI migliori di noi\u201d edito da Rizzoli, un romanzo folgorante sull\u2019amicizia e sull\u2019amore, sul tempo che ci scivola addosso, sulle cose che lasciamo andare, e su quello che abbiamo salvato. Modera la Giornalista Valeria Cordella Arcangeli.<br \/>\nInfine, venerd\u00ec 16 dicembre Corrado Formigli (giornalista e conduttore di Piazzapulita su La7) presenta\u201dIll falso nemico\u201d ed. Rizzoli, che racconta quali incredibili complicit\u00e0 e quanta occidentale sapienza si nascondano sotto la maschera dei nuovi terroristi dell\u2019Isis che si sono formati sotto gli occhi delle grandi potenze, riprendono le esecuzioni come nei film di Hollywood, hanno connessioni internet ultraveloci e autostrade su cui sfrecciano indisturbati trasportando armi fabbricate in Occidente. A dialogare con l&#8217;autore la giornalista Paola Moscardino.<br \/>\n\u201cilSegnalibro- punto di lettura\u201d Inverno 2016 ha ricevuto il patrocinio gratuito del Comune di Brindisi ed \u00e8 stato realizzato grazie al contributo di sponsor privati quali il Rotary Club Brindisi, Brindisitime.it e Grande Albergo Internazionale.<\/p>\n","protected":false},"excerpt":{"rendered":"<p>Si \u00e8 svolta questa mattina, presso la Feltrinelli point Brindisi, in corso Umberto I n. 113, la conferenza stampa di presentazione della rassegna letteraria \u201cilSegnalibro- punto di lettura\u201d Inverno 2016; sette appuntamenti dal 13 novembre al 16 dicembre con scrittori, giornalisti e musicisti di fama nazionale. Nel corso della conferenza il direttore della Feltrinelli point Brindisi Francesco Carlucci ha illustrato il programma degli eventi di questa quarta edizione della rassegna che in poco tempo \u00e8 diventata un punto di riferimento per l\u2019offerta culturale della citt\u00e0 di Brindisi. Le presentazioni si terranno tutte alle ore 19.00 presso la Sala Universit\u00e0 di Palazzo Nervegna a Brindisi in via Duomo (ingresso libero). &nbsp; Il primo appuntamento \u00e8 fissato per domenica 13 novembre, con il direttore di RaiSport Gabriele Romagnoli che presenta il libro \u201cCoraggio!\u201d edito da Feltrinelli. A dialogare con l\u2019autore il giornalista Fabio Mollica. In questo libro Romagnoli percorre le strade del coraggio a partire dal senso caldo dell\u2019esortazione che spesso abbiamo conosciuto nella vita: il coraggio che, da piccoli, ci sprona&#8230;<\/p>\n","protected":false},"author":2,"featured_media":87167,"comment_status":"open","ping_status":"closed","sticky":false,"template":"","format":"standard","meta":{"footnotes":""},"categories":[224,7],"tags":[],"class_list":["post-87164","post","type-post","status-publish","format-standard","has-post-thumbnail","hentry","category-libri","category-news"],"_links":{"self":[{"href":"https:\/\/www.brundisium.net\/index.php\/wp-json\/wp\/v2\/posts\/87164","targetHints":{"allow":["GET"]}}],"collection":[{"href":"https:\/\/www.brundisium.net\/index.php\/wp-json\/wp\/v2\/posts"}],"about":[{"href":"https:\/\/www.brundisium.net\/index.php\/wp-json\/wp\/v2\/types\/post"}],"author":[{"embeddable":true,"href":"https:\/\/www.brundisium.net\/index.php\/wp-json\/wp\/v2\/users\/2"}],"replies":[{"embeddable":true,"href":"https:\/\/www.brundisium.net\/index.php\/wp-json\/wp\/v2\/comments?post=87164"}],"version-history":[{"count":1,"href":"https:\/\/www.brundisium.net\/index.php\/wp-json\/wp\/v2\/posts\/87164\/revisions"}],"predecessor-version":[{"id":87170,"href":"https:\/\/www.brundisium.net\/index.php\/wp-json\/wp\/v2\/posts\/87164\/revisions\/87170"}],"wp:featuredmedia":[{"embeddable":true,"href":"https:\/\/www.brundisium.net\/index.php\/wp-json\/wp\/v2\/media\/87167"}],"wp:attachment":[{"href":"https:\/\/www.brundisium.net\/index.php\/wp-json\/wp\/v2\/media?parent=87164"}],"wp:term":[{"taxonomy":"category","embeddable":true,"href":"https:\/\/www.brundisium.net\/index.php\/wp-json\/wp\/v2\/categories?post=87164"},{"taxonomy":"post_tag","embeddable":true,"href":"https:\/\/www.brundisium.net\/index.php\/wp-json\/wp\/v2\/tags?post=87164"}],"curies":[{"name":"wp","href":"https:\/\/api.w.org\/{rel}","templated":true}]}}