{"id":8794,"date":"2014-03-22T18:25:59","date_gmt":"2014-03-22T17:25:59","guid":{"rendered":"http:\/\/www.brundisium.net\/brun\/?p=8794"},"modified":"2014-03-22T18:25:59","modified_gmt":"2014-03-22T17:25:59","slug":"presentata-hortus-prima-mostra-mercato-dellorto-e-del-giardino","status":"publish","type":"post","link":"https:\/\/www.brundisium.net\/index.php\/presentata-hortus-prima-mostra-mercato-dellorto-e-del-giardino\/","title":{"rendered":"Presentata &#8220;Hortus&#8221;, prima Mostra mercato dell\u2019orto e del giardino"},"content":{"rendered":"<p>Presentato, presso il salone di rappresentanza di Palazzo Nervegna, l\u2019evento botanico che interesser\u00e0 la Citt\u00e0 di Brindisi il 25, il 26 e il 27 aprile.<br \/>\nquesta la denominazione, sar\u00e0 la prima mostraorto e del giardino e si svilupper\u00e0 nel parco urbano del \u00a0Cillarese con ingresso assolutamente gratuito. Organizzato da un gruppo di appassionati, vanta la collaborazione del Comune di Brindisi, della Regione Puglia e della Camera di Commercio di Brindisi.<\/p>\n<p>Alla conferenza Hortus, il sindaco Mimmo Consales e la signora Annamaria Titi, rappresentanteAssociazionismo locale.<\/p>\n<p>\u201cL\u2019Evento si rivolge ad un pubblico specializzato e competente, amante della natura e del suo design, del \u00a0giardinaggio e a chi del verde ne fa una sua impresa. Sono state coinvolte anche le scuole, in modo da sensibilizzare gli studenti verso un argomento importante come il rispetto per la natura\u201d, ha spiegato Pierangelo Argentieri. Durante i tre giorni della Mostra mercato si terranno conferenze, laboratori, mostre, esposizioni e concerti.<\/p>\n<p>Ai pi\u00f9 piccoli sar\u00e0 riservato uno spazio denominato &#8220;Primavera nell&#8217;Orto&#8221;, che coinvolger\u00e0 i bambini con la creazione di un piccolo orto botanico e la narrazione di fiabe e racconti a tema.<\/p>\n<p>&nbsp;<\/p>\n<p>Anche la musica avr\u00e0 un ruolo importante con esibizioni dal vivo di gruppi formati da giovani emergenti e l\u2019esibizione un coro polifonico. \u201cHortus \u00e8 attento ai temi della solidariet\u00e0 e della pace, infatti, grazie alla collaborazione di Tiziana Volta (della rivista \u201cGardenia\u201d e donna impegnata nel volontariato e nel sociale con \u201cMondo senza Guerre e senza Violenza\u201d), \u00a0porter\u00e0 a Brindisi il progetto degli alberi sopravvissuti al bombardamento di Hiroshima. Per questo, il Parco del Cillarese entro il 2015, avr\u00e0 una pianta d Hibaku Jumoku, testimone vivente della forza della natura che va oltre l\u2019incredibile devastazione nucleare\u201d, ha \u00a0aggiunto Argentiri.<\/p>\n<p>&nbsp;<\/p>\n<p>Da parte sua il sindaco Mimmo Consales si \u00e8 dettoutilizzo del Parco del Cillarese.<\/p>\n<p>\u201cSi tratta di un evento assolutamente eco-compatibile e in linea con un trend in forte crescita anche per la Citt\u00e0 di Brindisi\u201d. Il 27 aprile, giorno di chiusura, saranno premiate le scuole elementari di Brindisi impegnate nel progetto indetto da dal titolo \u201cIo l\u2019Orto lo vedo cos\u00ec\u2026\u201d.<\/p>\n","protected":false},"excerpt":{"rendered":"<p>Presentato, presso il salone di rappresentanza di Palazzo Nervegna, l\u2019evento botanico che interesser\u00e0 la Citt\u00e0 di Brindisi il 25, il 26 e il 27 aprile. questa la denominazione, sar\u00e0 la prima mostraorto e del giardino e si svilupper\u00e0 nel parco urbano del \u00a0Cillarese con ingresso assolutamente gratuito. Organizzato da un gruppo di appassionati, vanta la collaborazione del Comune di Brindisi, della Regione Puglia e della Camera di Commercio di Brindisi. Alla conferenza Hortus, il sindaco Mimmo Consales e la signora Annamaria Titi, rappresentanteAssociazionismo locale. \u201cL\u2019Evento si rivolge ad un pubblico specializzato e competente, amante della natura e del suo design, del \u00a0giardinaggio e a chi del verde ne fa una sua impresa. Sono state coinvolte anche le scuole, in modo da sensibilizzare gli studenti verso un argomento importante come il rispetto per la natura\u201d, ha spiegato Pierangelo Argentieri. Durante i tre giorni della Mostra mercato si terranno conferenze, laboratori, mostre, esposizioni e concerti. Ai pi\u00f9 piccoli sar\u00e0 riservato uno spazio denominato &#8220;Primavera nell&#8217;Orto&#8221;, che coinvolger\u00e0 i bambini con la creazione&#8230;<\/p>\n","protected":false},"author":2,"featured_media":8796,"comment_status":"open","ping_status":"open","sticky":false,"template":"","format":"standard","meta":{"footnotes":""},"categories":[7],"tags":[33,1458],"class_list":["post-8794","post","type-post","status-publish","format-standard","has-post-thumbnail","hentry","category-news","tag-brindisi","tag-hortus"],"_links":{"self":[{"href":"https:\/\/www.brundisium.net\/index.php\/wp-json\/wp\/v2\/posts\/8794","targetHints":{"allow":["GET"]}}],"collection":[{"href":"https:\/\/www.brundisium.net\/index.php\/wp-json\/wp\/v2\/posts"}],"about":[{"href":"https:\/\/www.brundisium.net\/index.php\/wp-json\/wp\/v2\/types\/post"}],"author":[{"embeddable":true,"href":"https:\/\/www.brundisium.net\/index.php\/wp-json\/wp\/v2\/users\/2"}],"replies":[{"embeddable":true,"href":"https:\/\/www.brundisium.net\/index.php\/wp-json\/wp\/v2\/comments?post=8794"}],"version-history":[{"count":1,"href":"https:\/\/www.brundisium.net\/index.php\/wp-json\/wp\/v2\/posts\/8794\/revisions"}],"predecessor-version":[{"id":8797,"href":"https:\/\/www.brundisium.net\/index.php\/wp-json\/wp\/v2\/posts\/8794\/revisions\/8797"}],"wp:featuredmedia":[{"embeddable":true,"href":"https:\/\/www.brundisium.net\/index.php\/wp-json\/wp\/v2\/media\/8796"}],"wp:attachment":[{"href":"https:\/\/www.brundisium.net\/index.php\/wp-json\/wp\/v2\/media?parent=8794"}],"wp:term":[{"taxonomy":"category","embeddable":true,"href":"https:\/\/www.brundisium.net\/index.php\/wp-json\/wp\/v2\/categories?post=8794"},{"taxonomy":"post_tag","embeddable":true,"href":"https:\/\/www.brundisium.net\/index.php\/wp-json\/wp\/v2\/tags?post=8794"}],"curies":[{"name":"wp","href":"https:\/\/api.w.org\/{rel}","templated":true}]}}