{"id":88455,"date":"2016-11-25T11:50:48","date_gmt":"2016-11-25T10:50:48","guid":{"rendered":"http:\/\/www.brundisium.net\/?p=88455"},"modified":"2016-12-02T11:25:35","modified_gmt":"2016-12-02T10:25:35","slug":"evitiamo-che-gli-eventi-culturali-si-svolgano-in-contemporanea-di-gabriele-damelj-melodia","status":"publish","type":"post","link":"https:\/\/www.brundisium.net\/index.php\/evitiamo-che-gli-eventi-culturali-si-svolgano-in-contemporanea-di-gabriele-damelj-melodia\/","title":{"rendered":"Evitiamo che gli eventi culturali si svolgano in contemporanea. Di Gabriele D\u2019Amelj Melodia"},"content":{"rendered":"<p><em><strong>MODESTA PROPOSTA<\/strong><\/em><br \/>\n<em><strong> Come, a volte, semplici accorgimenti pragmatici possono migliorare certi aspetti del vivere comune*<\/strong><\/em><br \/>\n<em><strong>\u00a0<\/strong><\/em><br \/>\nAlle volte, per ottimizzare servizi od eventi, non \u00e8 necessario ricorrere a declinare massimi sistemi e ad attuare le complesse strategie che ne derivano.<\/p>\n<p>Basta solo applicare buon senso e una generosa dose di volont\u00e0.<\/p>\n<p>&nbsp;<\/p>\n<p>Prendiamo ad esempio il caso dello svolgimento delle varie attivit\u00e0 artistico-culturali che si tengono a Brindisi in tutti i periodi dell\u2019anno, e che stanno registrando un notevole incremento quantitativo e, qualche volta, anche qualitativo.<\/p>\n<p>In genere sono eventi ben organizzati, sia dagli enti pubblici che da associazioni o gruppi privati, eppure a volte soffrono di una problematica, non gravissima, ma comunque antipatica e in parte evitabile.<\/p>\n<p>Mi riferisco all\u2019infausta contemporaneit\u00e0 di avvenimenti diversi che vengono tenuti in luoghi differenti ma al medesimo orario.<\/p>\n<p>&nbsp;<\/p>\n<p>Domenica 11 dicembre il menu offre: alle 18.00 una performance teatrale al Binario 23. Alle 19.00 c\u2019\u00e8 poi la presentazione dell\u2019ultimo libro di Andrea Scalzi a Palazzo Nervegna, mentre alle 20.00 si tiene un concerto di musica classica al Duomo.<\/p>\n<p>Pari conflitto quello del 17 dicembre, quando il duo Primo-Greco terr\u00e0 un concerto a S:Chiara alle 19,30 mentre \u201cLa vedova allegra\u201d del cartellone della \u201cNino Rota\u201d andr\u00e0 in scena alle 20,30 al Teatro Verdi.<\/p>\n<p>Ho pregato il Maestro Gabriele Greco di verificare l\u2019opportunit\u00e0 di spostare l\u2019evento ad altra data, ma mi ha risposto che ci\u00f2 non era possibile per ragioni organizzative.<\/p>\n<p>Allora mi permetto di chiedergli, questa volta pubblicamente, di voler anticipare l\u2019inizio del concerto alle ore 18,30, in maniera da consentire agli appassionati di godere di entrambi gli spettacoli.<br \/>\nInsomma, fino a quando non ci sar\u00e0 un polo di coordinamento che raccolga in un database o in un\u2019apposita app i dati relativi ai singoli eventi in fase di organizzazione, navigheremo sempre a vista continuando a produrre stati di incertezza e confusione che danneggiano sia gli artisti che il pubblico.<\/p>\n<p>&nbsp;<\/p>\n<p>Ogni gruppo o associazione che far\u00e0 riferimento a questo centro di raccolta dati, sar\u00e0 cos\u00ec in grado di verificare, in tempo reale, giorni, orari e spazi disponibili al fine di inserirsi in modo intelligente nel calendario in formazione e di evitare, per quanto possibile, casi di concomitanze e di sovrapposizioni poco gradevoli.<\/p>\n<p>E\u2019 ovvio che tutto ci\u00f2 sottende la piena disponibilit\u00e0 dei vari operatori culturali a collaborare tra loro e con lo stesso centro di coordinamento, nell\u2019interesse generale delle parti.<\/p>\n<p>Mi sembra anche logico che le attivit\u00e0 di organizzazione siano affidate a membri dello staff che collabora con l\u2019Assessora alla Cultura del Comune di Brindisi.<br \/>\nConcludo questo mio invito con un invito\u00a0rivolto alla responsabile del settore cultura del Comune a voler attivare, in parallelo con il polo di programmazione in via di definizione, anche un centro di coordinamento organizzativo, come ho appunto cercato di ipotizzare.<\/p>\n<p>&nbsp;<\/p>\n<p>L\u2019Assessora e i referenti delle associazioni varie, sono pregati anche di fare opportune riflessioni su certe \u201cabitudini \u201c locali che non favoriscono certo l\u2019ottimizzazione della fruizione dell\u2019offerta culturale da parte del pubblico. Non so per quale arcano motivo, ma nella nostra citt\u00e0 si ignora del tutto la pratica dei \u201cmatin\u00e9e\u201d domenicali.<\/p>\n<p>Mentre al \u201cPetruzzelli\u201d di Bari, all\u2019Auditorium \u201cDuni\u201d di Matera o al Cinema \u201cMassimo\u201d di Lecce, si offre alla gente l\u2019opportunit\u00e0 di poter nutrire mente e spirito con della buona musica, qui da noi questo piacere viene negato.<\/p>\n<p>&nbsp;<\/p>\n<p>Un\u2019altra moda cittadina \u00e8 quella di fissare i concerti di musica lirica o classica quasi sempre nella fascia oraria serale.<\/p>\n<p>A me risulta che in molte citt\u00e0 italiane l\u2019orario preferenziale in cui far tenere i concerti sia quello della fascia che va dalle 17.00 alle 20.00. qui da noi si sceglie sadicamente di accentrare la buona musica all\u2019ora\u2026 di cena, col poco esaltante risultato di avere spettatori indispettiti dallo stomaco vuoto e dal fatto di dover scegliere a quale concerto essere presenti.<\/p>\n<p>&nbsp;<\/p>\n<p>Mi auguro che questi miei piccoli, banali suggerimenti, possano stimolare gli attori della nostra vita culturale ad adoperarsi fattivamente per cercare di migliorare le cose.<\/p>\n<p>Buon lavoro!<\/p>\n<p>&nbsp;<\/p>\n<p><strong><em>* di Gabriele D\u2019Amelj Melodia<\/em><\/strong><\/p>\n","protected":false},"excerpt":{"rendered":"<p>MODESTA PROPOSTA Come, a volte, semplici accorgimenti pragmatici possono migliorare certi aspetti del vivere comune* \u00a0 Alle volte, per ottimizzare servizi od eventi, non \u00e8 necessario ricorrere a declinare massimi sistemi e ad attuare le complesse strategie che ne derivano. Basta solo applicare buon senso e una generosa dose di volont\u00e0. &nbsp; Prendiamo ad esempio il caso dello svolgimento delle varie attivit\u00e0 artistico-culturali che si tengono a Brindisi in tutti i periodi dell\u2019anno, e che stanno registrando un notevole incremento quantitativo e, qualche volta, anche qualitativo. In genere sono eventi ben organizzati, sia dagli enti pubblici che da associazioni o gruppi privati, eppure a volte soffrono di una problematica, non gravissima, ma comunque antipatica e in parte evitabile. Mi riferisco all\u2019infausta contemporaneit\u00e0 di avvenimenti diversi che vengono tenuti in luoghi differenti ma al medesimo orario. &nbsp; Domenica 11 dicembre il menu offre: alle 18.00 una performance teatrale al Binario 23. Alle 19.00 c\u2019\u00e8 poi la presentazione dell\u2019ultimo libro di Andrea Scalzi a Palazzo Nervegna, mentre alle 20.00 si tiene un&#8230;<\/p>\n","protected":false},"author":2,"featured_media":57134,"comment_status":"open","ping_status":"closed","sticky":false,"template":"","format":"standard","meta":{"footnotes":""},"categories":[198,9,7],"tags":[],"class_list":["post-88455","post","type-post","status-publish","format-standard","has-post-thumbnail","hentry","category-cultura-2","category-interventi","category-news"],"_links":{"self":[{"href":"https:\/\/www.brundisium.net\/index.php\/wp-json\/wp\/v2\/posts\/88455","targetHints":{"allow":["GET"]}}],"collection":[{"href":"https:\/\/www.brundisium.net\/index.php\/wp-json\/wp\/v2\/posts"}],"about":[{"href":"https:\/\/www.brundisium.net\/index.php\/wp-json\/wp\/v2\/types\/post"}],"author":[{"embeddable":true,"href":"https:\/\/www.brundisium.net\/index.php\/wp-json\/wp\/v2\/users\/2"}],"replies":[{"embeddable":true,"href":"https:\/\/www.brundisium.net\/index.php\/wp-json\/wp\/v2\/comments?post=88455"}],"version-history":[{"count":3,"href":"https:\/\/www.brundisium.net\/index.php\/wp-json\/wp\/v2\/posts\/88455\/revisions"}],"predecessor-version":[{"id":88559,"href":"https:\/\/www.brundisium.net\/index.php\/wp-json\/wp\/v2\/posts\/88455\/revisions\/88559"}],"wp:featuredmedia":[{"embeddable":true,"href":"https:\/\/www.brundisium.net\/index.php\/wp-json\/wp\/v2\/media\/57134"}],"wp:attachment":[{"href":"https:\/\/www.brundisium.net\/index.php\/wp-json\/wp\/v2\/media?parent=88455"}],"wp:term":[{"taxonomy":"category","embeddable":true,"href":"https:\/\/www.brundisium.net\/index.php\/wp-json\/wp\/v2\/categories?post=88455"},{"taxonomy":"post_tag","embeddable":true,"href":"https:\/\/www.brundisium.net\/index.php\/wp-json\/wp\/v2\/tags?post=88455"}],"curies":[{"name":"wp","href":"https:\/\/api.w.org\/{rel}","templated":true}]}}