{"id":8924,"date":"2014-03-24T12:36:34","date_gmt":"2014-03-24T11:36:34","guid":{"rendered":"http:\/\/www.brundisium.net\/brun\/?p=8924"},"modified":"2014-03-24T13:42:03","modified_gmt":"2014-03-24T12:42:03","slug":"amministrative-francavilla-ludc-sostiene-attanasi","status":"publish","type":"post","link":"https:\/\/www.brundisium.net\/index.php\/amministrative-francavilla-ludc-sostiene-attanasi\/","title":{"rendered":"Amministrative Francavilla: l&#8217;Udc sostiene Attanasi"},"content":{"rendered":"<p align=\"JUSTIFY\">Anche nelle elezioni amministrative che si terranno il 25 maggio prossimo l\u2019Udc scender\u00e0 in campo con proprie liste, non solo per confermare una tradizione storica che l\u2019ha visto da sempre protagonista, ma anche per suggellare politicamente l\u2019ansia di rinnovamento che emerge da vasti strati della pubblica opinione.<\/p>\n<p align=\"JUSTIFY\">A Francavilla Fontana, d\u2019intesa con la segreteria cittadina guidata da Gianfranco Mingolla, il partito sosterr\u00e0 la candidatura a sindaco dell\u2019avvocato Domenico Attanasi, nella consapevolezza delle qualit\u00e0 politiche ed umane di un professionista giovane ma gi\u00e0 affermato e, comunque, molto apprezzato anche all\u2019interno degli schieramenti politici avversari.<\/p>\n<p align=\"JUSTIFY\">E, d\u2019altronde, l\u2019ampia coalizione che l\u2019avvocato Attanasi \u00e8 riuscito in poco tempo a realizzare non pu\u00f2 che suonare conferma rispetto alle sue indubitabili qualit\u00e0, essenziali per il rilancio di una citt\u00e0 importante come Francavilla Fontana. Una citt\u00e0, peraltro, che vede tra i suoi pi\u00f9 importanti protagonisti il consigliere regionale Udc, Euprepio Curto, che all\u2019Udc ha sempre dato, e continua a dare, un contributo quantitativamente e qualitativamente elevato in termini d\u2019iniziativa politica sia in un ambito generale che, nello specifico, all\u2019interno dell\u2019attivit\u00e0 del Consiglio regionale.<\/p>\n<p align=\"JUSTIFY\">Nelle prossime settimane, proprio per rappresentare l\u2019attenzione che l\u2019Udc riserva alla citt\u00e0 degli Imperiali, insieme al responsabile cittadino, Gianfranco Mingolla, organizzeremo proprio a Francavilla una significativa manifestazione che vedr\u00e0 anche la presenza del coordinatore regionale, Tot\u00f2 Ruggeri e del segretario Nazionale, onorevole Lorenzo Cesa.<\/p>\n<p align=\"JUSTIFY\"><strong>COMUNICATO STAMPA UDC<\/strong><\/p>\n","protected":false},"excerpt":{"rendered":"<p>Anche nelle elezioni amministrative che si terranno il 25 maggio prossimo l\u2019Udc scender\u00e0 in campo con proprie liste, non solo per confermare una tradizione storica che l\u2019ha visto da sempre protagonista, ma anche per suggellare politicamente l\u2019ansia di rinnovamento che emerge da vasti strati della pubblica opinione. A Francavilla Fontana, d\u2019intesa con la segreteria cittadina guidata da Gianfranco Mingolla, il partito sosterr\u00e0 la candidatura a sindaco dell\u2019avvocato Domenico Attanasi, nella consapevolezza delle qualit\u00e0 politiche ed umane di un professionista giovane ma gi\u00e0 affermato e, comunque, molto apprezzato anche all\u2019interno degli schieramenti politici avversari. E, d\u2019altronde, l\u2019ampia coalizione che l\u2019avvocato Attanasi \u00e8 riuscito in poco tempo a realizzare non pu\u00f2 che suonare conferma rispetto alle sue indubitabili qualit\u00e0, essenziali per il rilancio di una citt\u00e0 importante come Francavilla Fontana. Una citt\u00e0, peraltro, che vede tra i suoi pi\u00f9 importanti protagonisti il consigliere regionale Udc, Euprepio Curto, che all\u2019Udc ha sempre dato, e continua a dare, un contributo quantitativamente e qualitativamente elevato in termini d\u2019iniziativa politica sia in un ambito generale che,&#8230;<\/p>\n","protected":false},"author":2,"featured_media":3488,"comment_status":"open","ping_status":"open","sticky":false,"template":"","format":"standard","meta":{"footnotes":""},"categories":[7],"tags":[526,655],"class_list":["post-8924","post","type-post","status-publish","format-standard","has-post-thumbnail","hentry","category-news","tag-attanasi","tag-udc"],"_links":{"self":[{"href":"https:\/\/www.brundisium.net\/index.php\/wp-json\/wp\/v2\/posts\/8924","targetHints":{"allow":["GET"]}}],"collection":[{"href":"https:\/\/www.brundisium.net\/index.php\/wp-json\/wp\/v2\/posts"}],"about":[{"href":"https:\/\/www.brundisium.net\/index.php\/wp-json\/wp\/v2\/types\/post"}],"author":[{"embeddable":true,"href":"https:\/\/www.brundisium.net\/index.php\/wp-json\/wp\/v2\/users\/2"}],"replies":[{"embeddable":true,"href":"https:\/\/www.brundisium.net\/index.php\/wp-json\/wp\/v2\/comments?post=8924"}],"version-history":[{"count":2,"href":"https:\/\/www.brundisium.net\/index.php\/wp-json\/wp\/v2\/posts\/8924\/revisions"}],"predecessor-version":[{"id":8941,"href":"https:\/\/www.brundisium.net\/index.php\/wp-json\/wp\/v2\/posts\/8924\/revisions\/8941"}],"wp:featuredmedia":[{"embeddable":true,"href":"https:\/\/www.brundisium.net\/index.php\/wp-json\/wp\/v2\/media\/3488"}],"wp:attachment":[{"href":"https:\/\/www.brundisium.net\/index.php\/wp-json\/wp\/v2\/media?parent=8924"}],"wp:term":[{"taxonomy":"category","embeddable":true,"href":"https:\/\/www.brundisium.net\/index.php\/wp-json\/wp\/v2\/categories?post=8924"},{"taxonomy":"post_tag","embeddable":true,"href":"https:\/\/www.brundisium.net\/index.php\/wp-json\/wp\/v2\/tags?post=8924"}],"curies":[{"name":"wp","href":"https:\/\/api.w.org\/{rel}","templated":true}]}}