{"id":89589,"date":"2016-12-05T22:04:03","date_gmt":"2016-12-05T21:04:03","guid":{"rendered":"http:\/\/www.brundisium.net\/?p=89589"},"modified":"2017-02-03T12:56:45","modified_gmt":"2017-02-03T11:56:45","slug":"santa-maria-del-casale-tra-realta-e-speranze-di-guido-giampietro","status":"publish","type":"post","link":"https:\/\/www.brundisium.net\/index.php\/santa-maria-del-casale-tra-realta-e-speranze-di-guido-giampietro\/","title":{"rendered":"Santa Maria del Casale: Tra realt\u00e0 e speranze. Di Guido Giampietro"},"content":{"rendered":"<p><em><a href=\"http:\/\/www.brundisium.net\/brun\/wp-content\/uploads\/2016\/12\/Facciata-S.Maria-Casale.jpg\"><img loading=\"lazy\" decoding=\"async\" class=\"size-medium wp-image-89521 alignright\" src=\"http:\/\/www.brundisium.net\/brun\/wp-content\/uploads\/2016\/12\/Facciata-S.Maria-Casale-225x300.jpg\" alt=\"S. Maria del Casale: facciata\" width=\"225\" height=\"300\" srcset=\"https:\/\/www.brundisium.net\/brun\/wp-content\/uploads\/2016\/12\/Facciata-S.Maria-Casale-225x300.jpg 225w, https:\/\/www.brundisium.net\/brun\/wp-content\/uploads\/2016\/12\/Facciata-S.Maria-Casale-768x1024.jpg 768w, https:\/\/www.brundisium.net\/brun\/wp-content\/uploads\/2016\/12\/Facciata-S.Maria-Casale-300x400.jpg 300w\" sizes=\"auto, (max-width: 225px) 100vw, 225px\" \/><\/a>Lontano dagli occhi, lontano dal cuore<\/em>, cos\u00ec cantava Sergio Endrigo nel lontano 1969. E forse sar\u00e0 questa la ragione perch\u00e9 uno degli edifici medievali pi\u00f9 importanti della Puglia non venga preso in seria considerazione dalla collettivit\u00e0 brindisina.<\/p>\n<p>Non dico quella che si arrabatta ad arrivare alla fine della giornata, ma l\u2019altra, quella che si dovrebbe preoccupare dei beni che la Storia ha lasciato alla citt\u00e0.<\/p>\n<p>&nbsp;<\/p>\n<p>Che poi quella magnifica chiesa non \u00e8 tanto lontana dagli occhi visto che, con l\u2019incremento del traffico aereo, la vediamo stagliarsi a ridosso della recinzione aeroportuale ogni volta che partiamo o rientriamo.<br \/>\nLa vediamo noi, cittadini distratti e disamorati, ma soprattutto la vedono i turisti che non potranno mai comprendere n\u00e9 tanto meno giustificare il degrado nel quale campeggia una meraviglia che, a parte i pregi architettonici, rimane il luogo dove, nel maggio del 1310, s\u2019insedi\u00f2 il tribunale che doveva procedere contro i Templari del Regno di Sicilia.<\/p>\n<p>&nbsp;<\/p>\n<p>&nbsp;<\/p>\n<p>Unica voce fuori dal coro dell\u2019apatia \u00e8 quella della Sezione brindisina di Italia Nostra.<\/p>\n<p>Questa Associazione, da tempo, ha posto all\u2019attenzione delle amministrazioni comunali che si sono via via succedute e della Soprintendenza ai Beni Architettonici di Lecce la necessit\u00e0 di riqualificare l\u2019area mettendo a punto un primo progetto di sistemazione (che avrebbe ceduto a titolo gratuito) firmato dall\u2019arch. Maria Letizia Panajotti e presentato nell\u2019ottobre 2010 in occasione di un convegno sul tema.<\/p>\n<p>&nbsp;<\/p>\n<p>&nbsp;<\/p>\n<p>A tale invito non \u00e8 seguita alcuna risposta da parte degli Enti interessati: Comune, Arcidiocesi, Soprintendenza, Aeronautica Militare, Aeroporti di Puglia e ONU!<\/p>\n<p>&nbsp;<\/p>\n<p>Questo assordante silenzio farebbe pensare che tutti i destinatari della proposta avessero letto e condiviso \u201cL\u2019arte del tacere\u201d dell\u2019abate Joseph Dinouart. Anche se c\u2019\u00e8 da dire che non sempre il silenzio \u00e8 proficuo.<\/p>\n<p>&nbsp;<\/p>\n<p>&nbsp;<\/p>\n<p><a href=\"http:\/\/www.brundisium.net\/brun\/wp-content\/uploads\/2014\/02\/parcheggio-chiesa-smcasale-e1392051761764.jpg\"><img loading=\"lazy\" decoding=\"async\" class=\"alignleft size-medium wp-image-4472\" src=\"http:\/\/www.brundisium.net\/brun\/wp-content\/uploads\/2014\/02\/parcheggio-chiesa-smcasale-e1392051761764-291x300.jpg\" alt=\"parcheggio chiesa smcasale\" width=\"291\" height=\"300\" srcset=\"https:\/\/www.brundisium.net\/brun\/wp-content\/uploads\/2014\/02\/parcheggio-chiesa-smcasale-e1392051761764-291x300.jpg 291w, https:\/\/www.brundisium.net\/brun\/wp-content\/uploads\/2014\/02\/parcheggio-chiesa-smcasale-e1392051761764-994x1024.jpg 994w, https:\/\/www.brundisium.net\/brun\/wp-content\/uploads\/2014\/02\/parcheggio-chiesa-smcasale-e1392051761764.jpg 999w\" sizes=\"auto, (max-width: 291px) 100vw, 291px\" \/><\/a><\/p>\n<p>Italia Nostra per\u00f2 non demorde e, dopo altri richiami, nel 2015 si fa promotrice di un secondo progetto (anche questo gratuito) realizzato dalla dott.ssa in architettura Elena Calderari.<\/p>\n<p>E visto che il malvezzo del silenzio continua (la Fallaci avrebbe detto che tutti \u201c<em>sono rimasti zitti come lupi sdegnosi<\/em>\u201d), nel febbraio 2016 viene chiesto un incontro urgente al Commissario Prefettizio Cesare Castelli.<\/p>\n<p>&nbsp;<\/p>\n<p>Per la cronaca va detto che, al posto delle latitanti Istituzioni, in compenso si muovono i singoli.<\/p>\n<p>Sotto le elezioni del 2012 il candidato sindaco Roberto Fusco afferma infatti che la chiesa \u00ab<em>non pu\u00f2 che essere valorizzata riqualificando l\u2019area circostante, che va ampliata, acquisendo le aree dove vi sono dei residui capannoni militari in rovina, demolendoli, e dando una migliore visibilit\u00e0 e centralit\u00e0 alla stessa chiesa che costituisce un monumento eccezionale non solo dal punto di vista architettonico, ma anche storico (crociate)\u2026<\/em>\u00bb.<br \/>\nGli fa eco Riccardo Rossi quando osserva che \u00ab<em>occorre partire da un confronto con le autorit\u00e0 militari per la riqualificazione delle aree demaniali e dei fabbricati in totale disuso e stato di abbandono\u2026<\/em>\u00bb.<\/p>\n<p>&nbsp;<\/p>\n<p><a href=\"http:\/\/www.brundisium.net\/brun\/wp-content\/uploads\/2016\/12\/Sistemazione-provvisoria-accesso-sagrato.jpg\"><img loading=\"lazy\" decoding=\"async\" class=\"size-medium wp-image-89531 alignright\" src=\"http:\/\/www.brundisium.net\/brun\/wp-content\/uploads\/2016\/12\/Sistemazione-provvisoria-accesso-sagrato-300x225.jpg\" alt=\"Sistemazione provvisoria dell'accesso al sagrato\" width=\"300\" height=\"225\" srcset=\"https:\/\/www.brundisium.net\/brun\/wp-content\/uploads\/2016\/12\/Sistemazione-provvisoria-accesso-sagrato-300x225.jpg 300w, https:\/\/www.brundisium.net\/brun\/wp-content\/uploads\/2016\/12\/Sistemazione-provvisoria-accesso-sagrato-768x576.jpg 768w, https:\/\/www.brundisium.net\/brun\/wp-content\/uploads\/2016\/12\/Sistemazione-provvisoria-accesso-sagrato-1024x768.jpg 1024w\" sizes=\"auto, (max-width: 300px) 100vw, 300px\" \/><\/a>Addirittura, nel settembre 2011, l\u2019allora direttore generale di AdP, Marco Franchini, si sbilanciava affermando che \u00ab<em>il sogno nel cassetto \u00e8 quello di collegare l\u2019aeroporto alla citt\u00e0 e al Seno di Ponente attraverso un percorso pedonale che conduca al Casale e quindi al centro storico. Tutto questo sar\u00e0 possibile quando le trattative in corso con l\u2019Aeronautica, gi\u00e0 a buon punto, ci consentiranno di liberare l\u2019area a ridosso della chiesa di Santa Maria del Casale in cui creeremo un sagrato abbattendo i vecchi residuati esistenti eccetto il capannone utilizzato all\u2019inizio del secolo per le prove motori\u2026<\/em>\u00bb.<\/p>\n<p>&nbsp;<\/p>\n<p>&nbsp;<\/p>\n<p>Ma cosa motiva l\u2019immobilismo delle Istituzioni interessate ai progetti?<\/p>\n<p>Certo non l\u2019impegno finanziario, atteso che Italia Nostra si \u00e8 preoccupata di prevedere interventi in economia, senza ricorrere a bandi nazionali o internazionali. E allora? Quien sabe!<br \/>\nPremesso che il motivo contingente dell\u2019intervento di riqualificazione \u00e8 stato dettato dall\u2019insopportabile situazione del parcheggio selvaggio tutt\u2019intorno al Santuario, in tal modo la Panajotti ha ritenuto, a suo tempo, di risolvere la questione.<br \/>\nInnanzi tutto, per quanto riguarda la strada proveniente da sud (la scorciatoia utilizzata dagli automobilisti per parcheggiare fin sotto la facciata della chiesa), la proposta \u00e8 di trasformarla in una ciclopedonale, restringendola con l\u2019inserimento di siepi di oleandri.<\/p>\n<p>&nbsp;<\/p>\n<p>In tal modo si potrebbe ripristinare, con il placet della Curia, l\u2019antica processione che, fin dall\u20198 settembre del XVII secolo (ricorrenza della Nativit\u00e0 di Maria), partendo dalla Cattedrale e traghettato il breve tratto di mare del Seno di Ponente, faceva sosta presso la chiesetta di Cristo del Passo (o del Passio, attualmente di propriet\u00e0 della famiglia Guadalupi), prima parrocchia del Casale per volont\u00e0 dell\u2019arcivescovo Tommaso Valeri.<\/p>\n<p>La processione si concludeva sul sagrato di Santa Maria del Casale, nei pressi del quale si svolgeva anche una grande fiera incentivata dalla nutrita partecipazione della popolazione che, nel corso dell\u2019anno, non aveva molte altre occasioni da dedicare allo svago.<\/p>\n<p>&nbsp;<\/p>\n<p>&nbsp;<\/p>\n<p><a href=\"http:\/\/www.brundisium.net\/brun\/wp-content\/uploads\/2016\/12\/S.Maria-Casale-Retro-abside.jpg\"><img loading=\"lazy\" decoding=\"async\" class=\"size-medium wp-image-89528 alignleft\" src=\"http:\/\/www.brundisium.net\/brun\/wp-content\/uploads\/2016\/12\/S.Maria-Casale-Retro-abside-225x300.jpg\" alt=\"S. Maria del Casale: retro abside\" width=\"225\" height=\"300\" srcset=\"https:\/\/www.brundisium.net\/brun\/wp-content\/uploads\/2016\/12\/S.Maria-Casale-Retro-abside-225x300.jpg 225w, https:\/\/www.brundisium.net\/brun\/wp-content\/uploads\/2016\/12\/S.Maria-Casale-Retro-abside-768x1024.jpg 768w, https:\/\/www.brundisium.net\/brun\/wp-content\/uploads\/2016\/12\/S.Maria-Casale-Retro-abside-300x400.jpg 300w\" sizes=\"auto, (max-width: 225px) 100vw, 225px\" \/><\/a>L\u2019intervento pi\u00f9 importante consisterebbe invece nello spostamento della strada nord, da cui si accede al parcheggio custodito, per posizionarla pi\u00f9 in basso secondo l\u2019andamento dell\u2019antica via Appia-Traiana.<\/p>\n<p>\u00ab<em>Questa operazione \u00ad commenta la Panajotti \u00ad consente d\u2019interrompere lo scorrimento delle auto davanti alla chiesa, di contenere le dimensioni del parcheggio al servizio esclusivo di fedeli e turisti, pur conservando l\u2019accesso al sagrato per particolari solennit\u00e0 e cerimonie<\/em>\u201d.<\/p>\n<p>&nbsp;<\/p>\n<p>Le aree intorno alla chiesa e al sagrato sarebbero destinate in parte a prato calpestabile o trattate con granulato stabilizzato permeabile. A chi \u00e8 capitato di dare uno sguardo a una cartolina illustrata d\u2019antan (collezione \u201cValigia delle Indie\u201d) di S. Maria del Casale si renderebbe conto che gi\u00e0 nel passato, sul sagrato, oltre alla colonna in marmo pario dell\u2019\u201cOsanna\u201d (attualmente visibile all\u2019interno della chiesa), era tutto un tripudio di verde, margheritine e perfino di rigogliosi cespugli di agavi\u2026<\/p>\n<p>&nbsp;<\/p>\n<p>La relazione dell\u2019architetto si conclude con l\u2019accenno alle cancellate che impediscono di girare intorno alla chiesa e che perci\u00f2 dovrebbero essere eliminate. E con l\u2019apposizione di un vincolo indiretto di totale inedificabilit\u00e0 per un\u2019area circolare, con centro la chiesa e raggio di 250 metri.<\/p>\n<p>&nbsp;<\/p>\n<p>A questo punto non \u00e8 ancora chiaro che si tratta di un intervento minimalista? E allora perch\u00e9 tutti tacciono, compreso il parroco che, invitato a un confronto, ha ritenuto, dopo la querelle con la Polizia municipale (che, intanto, ha inibito il transito delle auto lungo la strada sud), di non dovere pi\u00f9 manifestare il proprio pensiero al riguardo?<\/p>\n<p>&nbsp;<\/p>\n<p>&nbsp;<\/p>\n<p>Quanto spiegato nella relazione della Panajotti \u00e8 ben evidenziato nella planimetria (courtesy of Italia Nostra) allegata al progetto e dai rendering eseguiti dalla dott.ssa Calderari.<\/p>\n<p>Soprattutto, grazie a questi ultimi, ognuno, senza troppi sforzi di fantasia, pu\u00f2 rendersi conto di quanto il paesaggio cambierebbe. Ognuno, ad eccezione di quei Signori che dovrebbero adottare le decisioni del caso.<\/p>\n<p>&nbsp;<\/p>\n<p>&nbsp;<\/p>\n<p><a href=\"http:\/\/www.brundisium.net\/brun\/wp-content\/uploads\/2016\/12\/S.Maria-Casale-cartello-zona-militare.jpg\"><img loading=\"lazy\" decoding=\"async\" class=\"size-medium wp-image-89526 alignright\" src=\"http:\/\/www.brundisium.net\/brun\/wp-content\/uploads\/2016\/12\/S.Maria-Casale-cartello-zona-militare-300x225.jpg\" alt=\"S. Maria del Casale: Cartello zona militare\" width=\"300\" height=\"225\" srcset=\"https:\/\/www.brundisium.net\/brun\/wp-content\/uploads\/2016\/12\/S.Maria-Casale-cartello-zona-militare-300x225.jpg 300w, https:\/\/www.brundisium.net\/brun\/wp-content\/uploads\/2016\/12\/S.Maria-Casale-cartello-zona-militare-768x576.jpg 768w, https:\/\/www.brundisium.net\/brun\/wp-content\/uploads\/2016\/12\/S.Maria-Casale-cartello-zona-militare-1024x768.jpg 1024w\" sizes=\"auto, (max-width: 300px) 100vw, 300px\" \/><\/a>Io, per\u00f2, non mi accontento delle soluzioni minimaliste, visto che anche queste non riescono a realizzarsi.<\/p>\n<p>Cos\u00ec vado oltre gli intendimenti di Italia Nostra. Molto oltre.<\/p>\n<p>Pur avendo la Panajotti accennato all\u2019eliminazione delle cancellate ritengo opportuno chiarire il mio pensiero in proposito.<\/p>\n<p>&nbsp;<\/p>\n<p>Santa Maria del Casale \u00e8 una sorta di enclave circondata da recinti, filo spinato e cartelli di \u201cZona militare\u201d. Poco ci manca che sul sagrato compaia la scritta \u201cArbeit Macht Frei\u201d che campeggiava sul cancello d\u2019ingresso del campo di concentramento nazista di Dachau!<\/p>\n<p>&nbsp;<\/p>\n<p>&nbsp;<\/p>\n<p><a href=\"http:\/\/www.brundisium.net\/brun\/wp-content\/uploads\/2016\/12\/S.Maria-Casale-recinzione-e-cancellata.jpg\"><img loading=\"lazy\" decoding=\"async\" class=\"size-medium wp-image-89527 alignleft\" src=\"http:\/\/www.brundisium.net\/brun\/wp-content\/uploads\/2016\/12\/S.Maria-Casale-recinzione-e-cancellata-225x300.jpg\" alt=\"S. Maria del Casale:: recinzione e cancellata\" width=\"225\" height=\"300\" srcset=\"https:\/\/www.brundisium.net\/brun\/wp-content\/uploads\/2016\/12\/S.Maria-Casale-recinzione-e-cancellata-225x300.jpg 225w, https:\/\/www.brundisium.net\/brun\/wp-content\/uploads\/2016\/12\/S.Maria-Casale-recinzione-e-cancellata-768x1024.jpg 768w, https:\/\/www.brundisium.net\/brun\/wp-content\/uploads\/2016\/12\/S.Maria-Casale-recinzione-e-cancellata-300x400.jpg 300w\" sizes=\"auto, (max-width: 225px) 100vw, 225px\" \/><\/a>Il passaggio dietro la facciata posteriore \u00e8 precluso da una cancellata cosicch\u00e9 \u00e8 impossibile ammirare il finestrone dell\u2019abside e i particolari architettonici di quel lato praticamente nascosto.<\/p>\n<p>Vedo in questo una analogia con il lato oscuro della luna, del quale sappiamo poco o niente.<br \/>\nE tutto questo eccesso di sicurezza per salvaguardare un pezzetto di giardino pieno di attrezzi e materiale vario!<br \/>\nMa la cosa pi\u00f9 grave \u00e8 che, dopo la cancellata, c\u2019\u00e8 la rete di recinzione aeroportuale con tanto di filo spinato.<\/p>\n<p>Non credo che ci sia al mondo un edificio, per di pi\u00f9 un Bene d\u2019interesse artistico nazionale, che si trovi in queste condizioni!<\/p>\n<p>Ma come? Blateriamo che in Europa muri e recinzioni devono sparire e poi ce le abbiamo in casa?<br \/>\nPerch\u00e9 mi \u00e8 proibito fare il giro esterno della chiesa?<\/p>\n<p>Perch\u00e9 la Bellezza deve andare sottobraccio con i segni di un brutto passato?<\/p>\n<p>&nbsp;<\/p>\n<p><a href=\"http:\/\/www.brundisium.net\/brun\/wp-content\/uploads\/2016\/12\/Cristo-del-Passio-o-S.-Nicolicchio.jpg\"><img loading=\"lazy\" decoding=\"async\" class=\"size-medium wp-image-89520 alignright\" src=\"http:\/\/www.brundisium.net\/brun\/wp-content\/uploads\/2016\/12\/Cristo-del-Passio-o-S.-Nicolicchio-300x225.jpg\" alt=\"Cristo del Passio o San Nicolicchio\" width=\"300\" height=\"225\" srcset=\"https:\/\/www.brundisium.net\/brun\/wp-content\/uploads\/2016\/12\/Cristo-del-Passio-o-S.-Nicolicchio-300x225.jpg 300w, https:\/\/www.brundisium.net\/brun\/wp-content\/uploads\/2016\/12\/Cristo-del-Passio-o-S.-Nicolicchio-768x576.jpg 768w, https:\/\/www.brundisium.net\/brun\/wp-content\/uploads\/2016\/12\/Cristo-del-Passio-o-S.-Nicolicchio-1024x768.jpg 1024w\" sizes=\"auto, (max-width: 300px) 100vw, 300px\" \/><\/a>E che dire dei caseggiati che, tetri e anch\u2019essi protetti da una lunghissima recinzione di filo spinato, si snodano come i bungalow d\u2019un villaggio turistico lungo la stradina che portava in processione i fedeli dopo la sosta nella chiesetta di Cristo del Passio?<br \/>\nNon si comprende questa eccessiva ostentazione di sicurezza visto che l\u2019aeroporto non \u00e8 pi\u00f9 militare, ma \u201ccivile aperto al traffico militare\u201d. Naturalmente con ci\u00f2 non voglio dire che la recinzione debba essere rimossa. Ci mancherebbe. Ma spostarla di una decina metri o, meglio ancora, alle spalle delle baracche, nulla cambierebbe ai fini della sicurezza e, viceversa, darebbe pi\u00f9 \u201crespiro\u201d a tutta l\u2019area che gravita intorno alla chiesa.<\/p>\n<p>&nbsp;<\/p>\n<p>&nbsp;<\/p>\n<p><a href=\"http:\/\/www.brundisium.net\/brun\/wp-content\/uploads\/2016\/12\/Sala-prova-motori-SACA.jpg\"><img loading=\"lazy\" decoding=\"async\" class=\"size-medium wp-image-89530 alignleft\" src=\"http:\/\/www.brundisium.net\/brun\/wp-content\/uploads\/2016\/12\/Sala-prova-motori-SACA-225x300.jpg\" alt=\"Sala prova motori Saca\" width=\"225\" height=\"300\" srcset=\"https:\/\/www.brundisium.net\/brun\/wp-content\/uploads\/2016\/12\/Sala-prova-motori-SACA-225x300.jpg 225w, https:\/\/www.brundisium.net\/brun\/wp-content\/uploads\/2016\/12\/Sala-prova-motori-SACA.jpg 768w, https:\/\/www.brundisium.net\/brun\/wp-content\/uploads\/2016\/12\/Sala-prova-motori-SACA-300x400.jpg 300w\" sizes=\"auto, (max-width: 225px) 100vw, 225px\" \/><\/a>Storicamente le baracche risalgono all\u2019ottobre del 1935 allorch\u00e9 l\u2019organizzazione della SACA previde il sito di via Provinciale San Vito come \u201cCantiere di costruzione\u201d e, per l\u2019appunto, quello dell\u2019Idroscalo come \u201cCantiere di riparazione\u201d.<\/p>\n<p>In quest\u2019ultimo, tra gli altri, fu costituito un \u201cReparto Motori\u201d. Nel 1943 il complesso (all\u2019incirca 30.000 mq) fu denominato O.R.M. (Officina per la riparazione dei motori). Il fiore all\u2019occhiello era costituito dalla \u201cSala prova\u201d per i turbogetti (realizzata intorno al 1953-55), inglobandola in una struttura ad \u201cL\u201d in tufo e cemento armato, insonorizzata e dotata d\u2019ingressi ausiliari d\u2019aria.<br \/>\nPerch\u00e9 questo richiamo storico?<\/p>\n<p>Perch\u00e9 quella Sala prova motori \u00e8 un monumento di archeologia industriale, alla pari dell\u2019ex capannone Montecatini e, come tale, andrebbe salvato.<\/p>\n<p>A chi spetterebbe l\u2019onere della ristrutturazione \u00e8 cosa difficile da decidere.<\/p>\n<p>&nbsp;<\/p>\n<p>Personalmente penso che, pi\u00f9 di un onere, dovrebbe costituire un onore contribuire al salvataggio di quel manufatto. Sia che a farsene carico sia l\u2019Aeronautica Militare che il Comune, gli AdP o la stessa ONU. Ma questa, come direbbe Kipling, \u00e8 un\u2019altra storia.<br \/>\nPer le vergognose baracche, invece, il discorso \u00e8 diverso. Quelle vanno comunque abbattute, delendae sunt!<\/p>\n<p>E, insistendo su suolo demaniale, credo che non ci siano dubbi su chi debba farsi carico di questa operazione.<br \/>\nVanno abbattute perch\u00e9, con la loro sparizione, darebbero maggior risalto alla facciata della chiesa.<br \/>\nVanno abbattute perch\u00e9 da decenni non vengono utilizzate e sono solo ricettacolo di ratti e serpenti.<br \/>\nVanno abbattute perch\u00e9 c\u2019\u00e8 presenza di amianto le cui polveri vengono trasportate in citt\u00e0 dai venti di tramontana.<br \/>\nVanno abbattute perch\u00e9 sul terreno cos\u00ec liberato si potrebbero fare \u00ad cos\u00ec come prospettato dalla Panajotti \u00ad delle indagini geognostiche per verificare la presenza di resti archeologici esistenti almeno fino al XIV secolo.<\/p>\n<p>&nbsp;<\/p>\n<p>&nbsp;<\/p>\n<p><a href=\"http:\/\/www.brundisium.net\/brun\/wp-content\/uploads\/2016\/12\/S.Maria-Casale-baracche.jpg\"><img loading=\"lazy\" decoding=\"async\" class=\"size-medium wp-image-89525 alignright\" src=\"http:\/\/www.brundisium.net\/brun\/wp-content\/uploads\/2016\/12\/S.Maria-Casale-baracche-300x225.jpg\" alt=\"S. Maria del Casale: baracche\" width=\"300\" height=\"225\" srcset=\"https:\/\/www.brundisium.net\/brun\/wp-content\/uploads\/2016\/12\/S.Maria-Casale-baracche-300x225.jpg 300w, https:\/\/www.brundisium.net\/brun\/wp-content\/uploads\/2016\/12\/S.Maria-Casale-baracche-768x576.jpg 768w, https:\/\/www.brundisium.net\/brun\/wp-content\/uploads\/2016\/12\/S.Maria-Casale-baracche-1024x768.jpg 1024w\" sizes=\"auto, (max-width: 300px) 100vw, 300px\" \/><\/a>L\u2019operazione spaventa l\u2019A.M. e il Comune?<\/p>\n<p>Allora inventiamoci una soluzione all\u2019italiana.<\/p>\n<p>Chiamiamo Christo, non quello della chiesa del Passio, ma l\u2019artista che questa estate ha realizzato quel discutibile ponte sul lago d\u2019Iseo e che impacchetta gli edifici di mezzo mondo.<\/p>\n<p>Magari c\u2019impacchetta, a costo zero, quelle miserabili baracche e contribuisce cos\u00ec anche a una conoscenza globalizzata di Santa Maria del Casale.<br \/>\nUna boutade, quest\u2019ultima, che serve ad alleggerire l\u2019argomento della riqualificazione ambientale del Santuario e, ribadisco, di tutte le servit\u00f9 militari che ne offendono la bellezza.<br \/>\nPotr\u00e0 sembrare ai pi\u00f9 che coltivo una speranza impossibile? O la mia \u00e8 una professione di lucida follia?<\/p>\n<p>&nbsp;<\/p>\n<p>Con questo intervento non intendo stravolgere il programma \u201cminimalista\u201d di Italia Nostra, cui va tutta la gratitudine per la perseveranza con cui porta avanti questo problema.<\/p>\n<p>Mi auguro, al contrario, che riesca, prima o poi, a scuotere le coscienze.<\/p>\n<p>Per quanto riguarda il \u201cmio\u201d progetto, invece, se ne riparler\u00e0\u2026<\/p>\n<p>&nbsp;<\/p>\n<p><strong>Guido Giampietro<\/strong><\/p>\n<p><em>Articolo del 05\/12\/2016 ore 22.04<\/em><\/p>\n<p>&nbsp;<\/p>\n<p>&nbsp;<\/p>\n","protected":false},"excerpt":{"rendered":"<p>Lontano dagli occhi, lontano dal cuore, cos\u00ec cantava Sergio Endrigo nel lontano 1969. E forse sar\u00e0 questa la ragione perch\u00e9 uno degli edifici medievali pi\u00f9 importanti della Puglia non venga preso in seria considerazione dalla collettivit\u00e0 brindisina. Non dico quella che si arrabatta ad arrivare alla fine della giornata, ma l\u2019altra, quella che si dovrebbe preoccupare dei beni che la Storia ha lasciato alla citt\u00e0. &nbsp; Che poi quella magnifica chiesa non \u00e8 tanto lontana dagli occhi visto che, con l\u2019incremento del traffico aereo, la vediamo stagliarsi a ridosso della recinzione aeroportuale ogni volta che partiamo o rientriamo. La vediamo noi, cittadini distratti e disamorati, ma soprattutto la vedono i turisti che non potranno mai comprendere n\u00e9 tanto meno giustificare il degrado nel quale campeggia una meraviglia che, a parte i pregi architettonici, rimane il luogo dove, nel maggio del 1310, s\u2019insedi\u00f2 il tribunale che doveva procedere contro i Templari del Regno di Sicilia. &nbsp; &nbsp; Unica voce fuori dal coro dell\u2019apatia \u00e8 quella della Sezione brindisina di Italia Nostra&#8230;.<\/p>\n","protected":false},"author":2,"featured_media":3681,"comment_status":"open","ping_status":"closed","sticky":false,"template":"","format":"standard","meta":{"footnotes":""},"categories":[3129],"tags":[],"class_list":["post-89589","post","type-post","status-publish","format-standard","has-post-thumbnail","hentry","category-guido-giampietro"],"_links":{"self":[{"href":"https:\/\/www.brundisium.net\/index.php\/wp-json\/wp\/v2\/posts\/89589","targetHints":{"allow":["GET"]}}],"collection":[{"href":"https:\/\/www.brundisium.net\/index.php\/wp-json\/wp\/v2\/posts"}],"about":[{"href":"https:\/\/www.brundisium.net\/index.php\/wp-json\/wp\/v2\/types\/post"}],"author":[{"embeddable":true,"href":"https:\/\/www.brundisium.net\/index.php\/wp-json\/wp\/v2\/users\/2"}],"replies":[{"embeddable":true,"href":"https:\/\/www.brundisium.net\/index.php\/wp-json\/wp\/v2\/comments?post=89589"}],"version-history":[{"count":8,"href":"https:\/\/www.brundisium.net\/index.php\/wp-json\/wp\/v2\/posts\/89589\/revisions"}],"predecessor-version":[{"id":94400,"href":"https:\/\/www.brundisium.net\/index.php\/wp-json\/wp\/v2\/posts\/89589\/revisions\/94400"}],"wp:featuredmedia":[{"embeddable":true,"href":"https:\/\/www.brundisium.net\/index.php\/wp-json\/wp\/v2\/media\/3681"}],"wp:attachment":[{"href":"https:\/\/www.brundisium.net\/index.php\/wp-json\/wp\/v2\/media?parent=89589"}],"wp:term":[{"taxonomy":"category","embeddable":true,"href":"https:\/\/www.brundisium.net\/index.php\/wp-json\/wp\/v2\/categories?post=89589"},{"taxonomy":"post_tag","embeddable":true,"href":"https:\/\/www.brundisium.net\/index.php\/wp-json\/wp\/v2\/tags?post=89589"}],"curies":[{"name":"wp","href":"https:\/\/api.w.org\/{rel}","templated":true}]}}