{"id":9231,"date":"2014-03-27T09:20:19","date_gmt":"2014-03-27T08:20:19","guid":{"rendered":"http:\/\/www.brundisium.net\/brun\/?p=9231"},"modified":"2014-03-26T22:44:06","modified_gmt":"2014-03-26T21:44:06","slug":"laula-magna-del-giorgi-intitolata-a-paolo-borsellino","status":"publish","type":"post","link":"https:\/\/www.brundisium.net\/index.php\/laula-magna-del-giorgi-intitolata-a-paolo-borsellino\/","title":{"rendered":"L&#8217;aula Magna del Giorgi intitolata a Paolo Borsellino"},"content":{"rendered":"<p>A conclusione del progetto \u201c<b>I Tasselli della Legalit\u00e0<\/b>\u201d, L\u2019I.T.T. \u201cG. Giorgi\u201d di Brindisi dedicher\u00e0 l\u2019Aula Magna dell\u2019istituto a Paolo Borsellino.<\/p>\n<p>&nbsp;<\/p>\n<p>Grande ospite di questa giornata sar\u00e0 l\u2019europarlamentare Rita Borsellino, sorella di Paolo, che subito dopo la strage in Via D\u2019Amelio ha dato inizio al suo impegno politico, tenendo incontri e conferenze e lavorando nel sociale per costruire e rafforzare la coscienza antimafia in Sicilia e in tutto il Paese.<\/p>\n<p>&nbsp;<\/p>\n<p>Sar\u00e0 presente all\u2019evento anche il dott. Cataldo Motta, procuratore della Repubblica di Lecce. Da pi\u00f9 di venti anni in trincea nella lotta contro il crimine organizzato, \u00e8 stato tra i maggiori artefici nella delicata operazione di smantellamento della Sacra Corona Unita. Pi\u00f9 volte ospite dell\u2019istituto, il procuratore parteciper\u00e0 a questo evento, per essere testimone di come l\u2019I.T.T. \u201cGiorgi\u201d prosegue il percorso della legalit\u00e0, perch\u00e9, come scrisse Paolo Borsellino, <i>\u00a0\u00a0\u00abse la giovent\u00f9 le negher\u00e0 il consenso, anche l\u2019onnipotente e misteriosa mafia svanir\u00e0 come un incubo.\u00bb<\/i><\/p>\n<p>&nbsp;<\/p>\n<p>Gradito ospite sar\u00e0, inoltre,\u00a0 Mons. Domenico Caliandro, Arcivescovo di Brindisi.<\/p>\n<p>&nbsp;<\/p>\n<p>L\u2019appuntamento \u00e8 fissato per <b>sabato 29 marzo<\/b>, alle <b>ore 9:00<\/b> presso l\u2019I.T.T. \u201cGiorgi\u201d di Brindisi, sito in via Amalfi,6.<\/p>\n","protected":false},"excerpt":{"rendered":"<p>A conclusione del progetto \u201cI Tasselli della Legalit\u00e0\u201d, L\u2019I.T.T. \u201cG. Giorgi\u201d di Brindisi dedicher\u00e0 l\u2019Aula Magna dell\u2019istituto a Paolo Borsellino. &nbsp; Grande ospite di questa giornata sar\u00e0 l\u2019europarlamentare Rita Borsellino, sorella di Paolo, che subito dopo la strage in Via D\u2019Amelio ha dato inizio al suo impegno politico, tenendo incontri e conferenze e lavorando nel sociale per costruire e rafforzare la coscienza antimafia in Sicilia e in tutto il Paese. &nbsp; Sar\u00e0 presente all\u2019evento anche il dott. Cataldo Motta, procuratore della Repubblica di Lecce. Da pi\u00f9 di venti anni in trincea nella lotta contro il crimine organizzato, \u00e8 stato tra i maggiori artefici nella delicata operazione di smantellamento della Sacra Corona Unita. Pi\u00f9 volte ospite dell\u2019istituto, il procuratore parteciper\u00e0 a questo evento, per essere testimone di come l\u2019I.T.T. \u201cGiorgi\u201d prosegue il percorso della legalit\u00e0, perch\u00e9, come scrisse Paolo Borsellino, \u00a0\u00a0\u00abse la giovent\u00f9 le negher\u00e0 il consenso, anche l\u2019onnipotente e misteriosa mafia svanir\u00e0 come un incubo.\u00bb &nbsp; Gradito ospite sar\u00e0, inoltre,\u00a0 Mons. Domenico Caliandro, Arcivescovo di Brindisi. &nbsp; L\u2019appuntamento \u00e8 fissato&#8230;<\/p>\n","protected":false},"author":2,"featured_media":9232,"comment_status":"open","ping_status":"open","sticky":false,"template":"","format":"standard","meta":{"footnotes":""},"categories":[7],"tags":[639,1364],"class_list":["post-9231","post","type-post","status-publish","format-standard","has-post-thumbnail","hentry","category-news","tag-giorgi","tag-tasselli-di-legalita"],"_links":{"self":[{"href":"https:\/\/www.brundisium.net\/index.php\/wp-json\/wp\/v2\/posts\/9231","targetHints":{"allow":["GET"]}}],"collection":[{"href":"https:\/\/www.brundisium.net\/index.php\/wp-json\/wp\/v2\/posts"}],"about":[{"href":"https:\/\/www.brundisium.net\/index.php\/wp-json\/wp\/v2\/types\/post"}],"author":[{"embeddable":true,"href":"https:\/\/www.brundisium.net\/index.php\/wp-json\/wp\/v2\/users\/2"}],"replies":[{"embeddable":true,"href":"https:\/\/www.brundisium.net\/index.php\/wp-json\/wp\/v2\/comments?post=9231"}],"version-history":[{"count":1,"href":"https:\/\/www.brundisium.net\/index.php\/wp-json\/wp\/v2\/posts\/9231\/revisions"}],"predecessor-version":[{"id":9233,"href":"https:\/\/www.brundisium.net\/index.php\/wp-json\/wp\/v2\/posts\/9231\/revisions\/9233"}],"wp:featuredmedia":[{"embeddable":true,"href":"https:\/\/www.brundisium.net\/index.php\/wp-json\/wp\/v2\/media\/9232"}],"wp:attachment":[{"href":"https:\/\/www.brundisium.net\/index.php\/wp-json\/wp\/v2\/media?parent=9231"}],"wp:term":[{"taxonomy":"category","embeddable":true,"href":"https:\/\/www.brundisium.net\/index.php\/wp-json\/wp\/v2\/categories?post=9231"},{"taxonomy":"post_tag","embeddable":true,"href":"https:\/\/www.brundisium.net\/index.php\/wp-json\/wp\/v2\/tags?post=9231"}],"curies":[{"name":"wp","href":"https:\/\/api.w.org\/{rel}","templated":true}]}}