{"id":92341,"date":"2017-01-09T13:33:52","date_gmt":"2017-01-09T12:33:52","guid":{"rendered":"http:\/\/www.brundisium.net\/?p=92341"},"modified":"2017-01-09T14:56:01","modified_gmt":"2017-01-09T13:56:01","slug":"emergenza-neve-dattis-fi-soddisfazione-per-la-richiesta-di-stato-di-calamita","status":"publish","type":"post","link":"https:\/\/www.brundisium.net\/index.php\/emergenza-neve-dattis-fi-soddisfazione-per-la-richiesta-di-stato-di-calamita\/","title":{"rendered":"Emergenza neve, D&#8217;Attis (FI): &#8220;soddisfazione per la richiesta di stato di calamit\u00e0&#8221;"},"content":{"rendered":"<p>&#8220;Abbiamo svolto l&#8217;incontro con gli agricoltori stamattina e sono soddisfatto della pronta richiesta dello stato di calamit\u00e0 alla Regione Puglia da parte della Sindaca Carluccio. \u00c8 stato accolto il mio appello di ieri ed ora, in attesa di sapere se ci sar\u00e0 il decreto del Ministero per le Politiche agricole, il Comune di Brindisi dovr\u00e0 garantire, attraverso l&#8217;ufficio agricoltura, una corsia preferenziale sulla gestione delle pratiche di richiesta di risarcimento danni&#8221;.<\/p>\n<p>&nbsp;<\/p>\n<p>\u00c8 la dichiarazione di Mauro D&#8217;Attis, capogruppo di Forza Italia di Brindisi, a seguito delle decisioni di stamattina assunte dall&#8217;Amministrazione comunale di Brindisi in ordine alla emergenza legata ai danni subiti dalle coltivazioni in questi giorni.<\/p>\n<p>&nbsp;<\/p>\n<p><em><strong>COMUNICATO STAMPA DI MAURO D&#8217;ATTIS &#8211; CAPOGRUPPO DI FORZA ITALIA DI BRINDISI<\/strong><\/em><\/p>\n","protected":false},"excerpt":{"rendered":"<p>&#8220;Abbiamo svolto l&#8217;incontro con gli agricoltori stamattina e sono soddisfatto della pronta richiesta dello stato di calamit\u00e0 alla Regione Puglia da parte della Sindaca Carluccio. \u00c8 stato accolto il mio appello di ieri ed ora, in attesa di sapere se ci sar\u00e0 il decreto del Ministero per le Politiche agricole, il Comune di Brindisi dovr\u00e0 garantire, attraverso l&#8217;ufficio agricoltura, una corsia preferenziale sulla gestione delle pratiche di richiesta di risarcimento danni&#8221;. &nbsp; \u00c8 la dichiarazione di Mauro D&#8217;Attis, capogruppo di Forza Italia di Brindisi, a seguito delle decisioni di stamattina assunte dall&#8217;Amministrazione comunale di Brindisi in ordine alla emergenza legata ai danni subiti dalle coltivazioni in questi giorni. &nbsp; COMUNICATO STAMPA DI MAURO D&#8217;ATTIS &#8211; CAPOGRUPPO DI FORZA ITALIA DI BRINDISI<\/p>\n","protected":false},"author":2,"featured_media":92315,"comment_status":"open","ping_status":"closed","sticky":false,"template":"","format":"standard","meta":{"footnotes":""},"categories":[7],"tags":[108,3227,3208],"class_list":["post-92341","post","type-post","status-publish","format-standard","has-post-thumbnail","hentry","category-news","tag-dattis","tag-gelo","tag-neve"],"_links":{"self":[{"href":"https:\/\/www.brundisium.net\/index.php\/wp-json\/wp\/v2\/posts\/92341","targetHints":{"allow":["GET"]}}],"collection":[{"href":"https:\/\/www.brundisium.net\/index.php\/wp-json\/wp\/v2\/posts"}],"about":[{"href":"https:\/\/www.brundisium.net\/index.php\/wp-json\/wp\/v2\/types\/post"}],"author":[{"embeddable":true,"href":"https:\/\/www.brundisium.net\/index.php\/wp-json\/wp\/v2\/users\/2"}],"replies":[{"embeddable":true,"href":"https:\/\/www.brundisium.net\/index.php\/wp-json\/wp\/v2\/comments?post=92341"}],"version-history":[{"count":1,"href":"https:\/\/www.brundisium.net\/index.php\/wp-json\/wp\/v2\/posts\/92341\/revisions"}],"predecessor-version":[{"id":92343,"href":"https:\/\/www.brundisium.net\/index.php\/wp-json\/wp\/v2\/posts\/92341\/revisions\/92343"}],"wp:featuredmedia":[{"embeddable":true,"href":"https:\/\/www.brundisium.net\/index.php\/wp-json\/wp\/v2\/media\/92315"}],"wp:attachment":[{"href":"https:\/\/www.brundisium.net\/index.php\/wp-json\/wp\/v2\/media?parent=92341"}],"wp:term":[{"taxonomy":"category","embeddable":true,"href":"https:\/\/www.brundisium.net\/index.php\/wp-json\/wp\/v2\/categories?post=92341"},{"taxonomy":"post_tag","embeddable":true,"href":"https:\/\/www.brundisium.net\/index.php\/wp-json\/wp\/v2\/tags?post=92341"}],"curies":[{"name":"wp","href":"https:\/\/api.w.org\/{rel}","templated":true}]}}