{"id":94363,"date":"2017-02-03T11:35:07","date_gmt":"2017-02-03T10:35:07","guid":{"rendered":"http:\/\/www.brundisium.net\/?p=94363"},"modified":"2017-02-03T17:26:03","modified_gmt":"2017-02-03T16:26:03","slug":"le-acli-organizzano-lincontro-cera-una-donna-nel-lager","status":"publish","type":"post","link":"https:\/\/www.brundisium.net\/index.php\/le-acli-organizzano-lincontro-cera-una-donna-nel-lager\/","title":{"rendered":"Le ACLI organizzano l\u2019incontro \u201cC&#8217;era una donna nel lager&#8230;\u201d"},"content":{"rendered":"<p>La memoria delle vittime della Shoah \u00e8 un dovere civile ed etico che ciascuno di noi \u00e8 chiamato a compiere, affinch\u00e9 le atrocit\u00e0 disumane compiute dalla macchina concentrazionaria nazifascista non ritorni nel nostro presente. Il senso profondo della memoria \u00e8 racchiuso nella conoscenza storica, unica strada da percorrere per arginare il rischio di una banalizzazione e soprattutto la negazione del tragico evento storico. Per queste ragioni, in occasione della celebrazione del \u201cGiorno della Memoria\u201d, il Coordinamento Provinciale Donne Acli di Brindisi, con la collaborazione del Coordinamento Provinciale Giovani delle Acli di Brindisi, della Presidenza Provinciale delle Acli di Brindisi, dei volontari del Servizio Civile Nazionale e del Liceo Scientifico \u201cFermi-Monticelli\u201d di Brindisi insieme al Circolo Acli \u201cCitt\u00e0 di Brindisi\u201d e dell\u2019Associazione Acli Arte e Spettacolo di Brindisi, organizzano il 09 febbraio p.v. alle ore 17:30 presso la Sala Universitaria di Palazzo Granafei-Nervegna, un incontro, patrocinato dal Comune di Brindisi, dal titolo \u201cC\u2019era una donna nel lager\u2026\u201d. &#8220;L&#8217;Olocausto \u00e8 accaduto alle vittime, che non erano viste come uomini, donne o bambini, ma come Ebrei&#8221;. Le parole della scrittrice Cynthia Ozick se da un lato ci introducono in una dimensione di universalit\u00e0 nella lettura della Shoah, d&#8217;altro canto ci pongono l&#8217;urgenza di interrogarci sull&#8217;esigenza di una lettura di genere della Shoah e sulla sua efficacia. Dire questo non significa viziare la memoria di un fenomeno storico cos\u00ec complesso, ma assumere come fuoco imprescindibile gli occhi di una donna nel lager e, perch\u00e9 no, anche il cuore di una donna che legge gli occhi di centinaia di donne sofferenti tra pudore e orrore nell&#8217;inferno concentrazionario. Ci riferiamo alla storica Alessandra Chiappano, straordinaria studiosa scomparsa prematuramente che ha dedicato la vita intera alla didattica della Shoah e allo studio dell&#8217;esperienza femminile nei lager nazisti, punto imprescindibile di inizio e di arrivo per le nostre riflessioni sulle specificit\u00e0 e la peculiarit\u00e0 della deportazione femminile.  La serata sar\u00e0 introdotta dalla Coordinatrice Provinciale del Coordinamento Donne delle Acli di Brindisi, Federica Caniglia e saranno presenti, il Presidente Provinciale delle Acli di Brindisi, Antonio Albanese, la Coordinatrice Provinciale dei Giovani delle Acli di Brindisi, Chiara Romano, la dirigente scolastica del Liceo Scientifico \u201cFermi-Monticelli\u201d di Brindisi, Annamaria Quarta e il Presidente del Circolo Acli<\/p>\n<p> \u201cCitt\u00e0 di Brindisi\u201d e dell\u2019Associazione Acli Arte e Spettacolo di Brindisi, Claudio Carone. L\u2019incontro sar\u00e0 curato da Raffaele Pellegrino, Cultore della materia in Filosofia e Saperi di Genere, Storia della Filosofia 2 e Storia della Filosofia dei Diritti Umani presso l&#8217;Universit\u00e0 degli Studi di Bari, Responsabile della Sezione Didattica dell\u2019Istituto Storico Pugliese per la Storia dell\u2019Antifascismo e dell&#8217;Italia contemporanea e Docente di Filosofia e Storia presso il Liceo Scientifico &#8220;A. Volta&#8221; di Bari ed intervallato dalla voce narrante affidata all\u2019attrice, poetessa e cantante Rosemary Nicassio, per rivivere le dinamiche concentrazionarie dell&#8217;universo femminile nei lager.<\/p>\n<p>C.S. COORDINAMENTO DONNE ACLI BRINDISI<\/p>\n","protected":false},"excerpt":{"rendered":"<p>La memoria delle vittime della Shoah \u00e8 un dovere civile ed etico che ciascuno di noi \u00e8 chiamato a compiere, affinch\u00e9 le atrocit\u00e0 disumane compiute dalla macchina concentrazionaria nazifascista non ritorni nel nostro presente. Il senso profondo della memoria \u00e8 racchiuso nella conoscenza storica, unica strada da percorrere per arginare il rischio di una banalizzazione e soprattutto la negazione del tragico evento storico. Per queste ragioni, in occasione della celebrazione del \u201cGiorno della Memoria\u201d, il Coordinamento Provinciale Donne Acli di Brindisi, con la collaborazione del Coordinamento Provinciale Giovani delle Acli di Brindisi, della Presidenza Provinciale delle Acli di Brindisi, dei volontari del Servizio Civile Nazionale e del Liceo Scientifico \u201cFermi-Monticelli\u201d di Brindisi insieme al Circolo Acli \u201cCitt\u00e0 di Brindisi\u201d e dell\u2019Associazione Acli Arte e Spettacolo di Brindisi, organizzano il 09 febbraio p.v. alle ore 17:30 presso la Sala Universitaria di Palazzo Granafei-Nervegna, un incontro, patrocinato dal Comune di Brindisi, dal titolo \u201cC\u2019era una donna nel lager\u2026\u201d. &#8220;L&#8217;Olocausto \u00e8 accaduto alle vittime, che non erano viste come uomini, donne o bambini,&#8230;<\/p>\n","protected":false},"author":2,"featured_media":94364,"comment_status":"open","ping_status":"closed","sticky":false,"template":"","format":"standard","meta":{"footnotes":""},"categories":[7],"tags":[620],"class_list":["post-94363","post","type-post","status-publish","format-standard","has-post-thumbnail","hentry","category-news","tag-acli"],"_links":{"self":[{"href":"https:\/\/www.brundisium.net\/index.php\/wp-json\/wp\/v2\/posts\/94363","targetHints":{"allow":["GET"]}}],"collection":[{"href":"https:\/\/www.brundisium.net\/index.php\/wp-json\/wp\/v2\/posts"}],"about":[{"href":"https:\/\/www.brundisium.net\/index.php\/wp-json\/wp\/v2\/types\/post"}],"author":[{"embeddable":true,"href":"https:\/\/www.brundisium.net\/index.php\/wp-json\/wp\/v2\/users\/2"}],"replies":[{"embeddable":true,"href":"https:\/\/www.brundisium.net\/index.php\/wp-json\/wp\/v2\/comments?post=94363"}],"version-history":[{"count":1,"href":"https:\/\/www.brundisium.net\/index.php\/wp-json\/wp\/v2\/posts\/94363\/revisions"}],"predecessor-version":[{"id":94365,"href":"https:\/\/www.brundisium.net\/index.php\/wp-json\/wp\/v2\/posts\/94363\/revisions\/94365"}],"wp:featuredmedia":[{"embeddable":true,"href":"https:\/\/www.brundisium.net\/index.php\/wp-json\/wp\/v2\/media\/94364"}],"wp:attachment":[{"href":"https:\/\/www.brundisium.net\/index.php\/wp-json\/wp\/v2\/media?parent=94363"}],"wp:term":[{"taxonomy":"category","embeddable":true,"href":"https:\/\/www.brundisium.net\/index.php\/wp-json\/wp\/v2\/categories?post=94363"},{"taxonomy":"post_tag","embeddable":true,"href":"https:\/\/www.brundisium.net\/index.php\/wp-json\/wp\/v2\/tags?post=94363"}],"curies":[{"name":"wp","href":"https:\/\/api.w.org\/{rel}","templated":true}]}}