{"id":94417,"date":"2017-02-03T15:52:01","date_gmt":"2017-02-03T14:52:01","guid":{"rendered":"http:\/\/www.brundisium.net\/?p=94417"},"modified":"2017-02-03T17:19:34","modified_gmt":"2017-02-03T16:19:34","slug":"martedi-al-teatro-sociale-trio-cameristico-giuranna-kowalczyk-piccotti","status":"publish","type":"post","link":"https:\/\/www.brundisium.net\/index.php\/martedi-al-teatro-sociale-trio-cameristico-giuranna-kowalczyk-piccotti\/","title":{"rendered":"Marted\u00ec al Teatro Sociale trio cameristico Giuranna-Kowalczyk-Piccotti"},"content":{"rendered":"<p>Il trio Marta Kowalczyk (violino), Bruno Giuranna (viola), Erica Piccotti (violoncello) si esibir\u00e0 marted\u00ec 7 febbraio alle ore 20.30 al teatro Sociale (Fasano \u2013 Br) nell\u2019ambito della VII stagione concertistica dell\u2019\u201cAccademia dei Cameristi\u201d patrocinata dal ministero per i Beni e le attivit\u00e0 culturali, dalla Regione Puglia e dal Comune di Fasano.<\/p>\n<p>&nbsp;<\/p>\n<p>L\u2019ensemble proporr\u00e0 musiche di Boccherini (\u201cTrio in do minore op. 14 n. 2\u201d) e Mozart (\u201cDivertimento in mi bemolle maggiore K563\u201d). Info 347.7712034 \u2013 080.4394180.<\/p>\n<p>Costo del biglietto: intero 5 euro; giovani fino a 26 anni 3 euro.<\/p>\n<p>&nbsp;<br \/>\n<a href=\"http:\/\/www.brundisium.net\/brun\/wp-content\/uploads\/2017\/02\/Marta-Kowalczyk.png\"><img loading=\"lazy\" decoding=\"async\" class=\"size-medium wp-image-94420 alignright\" src=\"http:\/\/www.brundisium.net\/brun\/wp-content\/uploads\/2017\/02\/Marta-Kowalczyk-194x300.png\" alt=\"\" width=\"194\" height=\"300\" srcset=\"https:\/\/www.brundisium.net\/brun\/wp-content\/uploads\/2017\/02\/Marta-Kowalczyk-194x300.png 194w, https:\/\/www.brundisium.net\/brun\/wp-content\/uploads\/2017\/02\/Marta-Kowalczyk.png 600w\" sizes=\"auto, (max-width: 194px) 100vw, 194px\" \/><\/a>Marta Kowalczyk<\/p>\n<p>Nata in Polonia nel 1991, inizia a 7 anni gli studi di violino. Si diploma dapprima all\u2019universit\u00e0 \u201cFrederic Chopin\u201d di Varsavia nella classe di Jan Stanienda, e poi, nel 2015, alla Royal Academy di Londra con Gyorgy Pauk. \u00c8 vincitrice dell\u2019Eurovision Young Musician Competition, dell\u2019International Violin Competition di Belgrado e dell\u2019International Solo Competition di Varsavia. Le viene assegnato il Gran Prix e due premi speciali al concorso internazionale di musica da camera \u201cBeethoven\u201d 2015 a Luslawice, Polonia.<\/p>\n<p>Da solista si \u00e8 esibita con la Filarmonica di Varsavia, l\u2019Orchestra della Radio polacca e l\u2019Orchestra Sinfonia Varsavia con cui si \u00e8 esibita in un tour negli Stati Uniti. \u00c8 stata ospite dei Festival Chopin di Varsavia, Salerno Music Festival, Festival di L\u00e8on, Festival di Conques; e in recital in molte citt\u00e0 europee, nonch\u00e9 in Cina, Russia e Stati Uniti. Tra i prossimi impegni il \u201cTriplo Concerto\u201d di Beethoven con Barry Douglas e Arto Noras, nonch\u00e9 i debutti in recital alla Wigmore Hall di Londra e al Concertgebow di Amsterdam.<\/p>\n<p>&nbsp;<\/p>\n<p><a href=\"http:\/\/www.brundisium.net\/brun\/wp-content\/uploads\/2017\/02\/Bruno-Giuranna.jpg\"><img loading=\"lazy\" decoding=\"async\" class=\"alignleft size-medium wp-image-94418\" src=\"http:\/\/www.brundisium.net\/brun\/wp-content\/uploads\/2017\/02\/Bruno-Giuranna-300x200.jpg\" alt=\"\" width=\"300\" height=\"200\" srcset=\"https:\/\/www.brundisium.net\/brun\/wp-content\/uploads\/2017\/02\/Bruno-Giuranna-300x200.jpg 300w, https:\/\/www.brundisium.net\/brun\/wp-content\/uploads\/2017\/02\/Bruno-Giuranna-768x512.jpg 768w, https:\/\/www.brundisium.net\/brun\/wp-content\/uploads\/2017\/02\/Bruno-Giuranna-1024x683.jpg 1024w, https:\/\/www.brundisium.net\/brun\/wp-content\/uploads\/2017\/02\/Bruno-Giuranna.jpg 1600w\" sizes=\"auto, (max-width: 300px) 100vw, 300px\" \/><\/a>Bruno Giuranna<\/p>\n<p>Nato in una famiglia di musicisti, \u00e8 stato tra i fondatori de I Musici, membro del Quartetto di Roma e del Trio Italiano d\u2019Archi. Ha iniziato la carriera solistica presentando in prima esecuzione assoluta la \u201cMusica da Concerto per viola e orchestra d\u2019archi\u201d dedicatagli da Giorgio Federico Ghedini sotto la direzione di Herbert von Karajan. Ha suonato con orchestre quali Berliner Philharmoniker, Concertgebouw di Amsterdam, Teatro alla Scala di Milano, e direttori come Claudio Abbado, Sir John Barbirolli, Sergiu Celibidache, Carlo Maria Giulini e Riccardo Muti. Titolare fi no al 1998 della cattedra di Viola presso la Hochschule der K\u00fcnste di Berlino, ha insegnato alla Musik- Akademie di Detmold, al Conservatorio \u201cS. Cecilia\u201d di Roma, al Royal College e nella Royal Academy di Londra e in master classes in tutto il mondo. Frequentemente invitato al Festival di Marlboro negli Stati Uniti \u00e8 professore nei corsi della Fondazione \u201cStauffer\u201d di Cremona, dell\u2019Universit\u00e0 di Limerick in Irlanda e dell\u2019Accademia Chigiana di Siena. Dal 1983 al \u201992 \u00e8 stato direttore artistico dell\u2019Orchestra da Camera di Padova e del Veneto e nel 1988 ha presieduto la giuria della \u201cFirst International Bruno Giuranna Viola Competition\u201d in Brasile. Ha registrato per Philips, Deutsche Grammophone, EMI, Claves.<\/p>\n<p>La sua discografia comprende la \u201cSinfonia Concertante\u201d di Mozart con Henryk Szerying, Franco Gulli e Anne-Sophie Mutter, l\u2019integrale dei \u201cConcerti per viola d\u2019amore\u201d di Vivaldi e i \u201cQuartetti con pianoforte\u201d di Mozart con il Trio Beaux Arts. La sua registrazione per la Deutsche Grammophon con Anne-Sophie Mutter e Mstislaw Rostropovich dei \u201cTrii per archi\u201d di Beethoven ha ottenuto una Grammy Award Nomination. Come direttore ha vinto un Grand Prix du Disque dell\u2019Acad\u00e9mie Charles Cros di Parigi. Attuale Principal Guest Conductor dell\u2019Irish Chamber Orchestra, \u00e8 anche presidente di ESTA-Italia (European String Teachers Association). Cavaliere di Gran Croce al merito della Repubblica Italiana, ha ricevuto nel 2003 una laurea in Lettere honoris causa dall\u2019Universit\u00e0 di Limerick.<\/p>\n<p>&nbsp;<\/p>\n<p>&nbsp;<\/p>\n<p><a href=\"http:\/\/www.brundisium.net\/brun\/wp-content\/uploads\/2017\/02\/Erica-Piccotti.jpg\"><img loading=\"lazy\" decoding=\"async\" class=\"size-medium wp-image-94419 alignright\" src=\"http:\/\/www.brundisium.net\/brun\/wp-content\/uploads\/2017\/02\/Erica-Piccotti-200x300.jpg\" alt=\"\" width=\"200\" height=\"300\" srcset=\"https:\/\/www.brundisium.net\/brun\/wp-content\/uploads\/2017\/02\/Erica-Piccotti-200x300.jpg 200w, https:\/\/www.brundisium.net\/brun\/wp-content\/uploads\/2017\/02\/Erica-Piccotti.jpg 434w\" sizes=\"auto, (max-width: 200px) 100vw, 200px\" \/><\/a>Erica Piccotti<\/p>\n<p>Nata a Roma nel 1999, si diploma in Violoncello a soli 14 anni con il massimo dei voti, lode e menzione d\u2019onore presso il Conservatorio di S. Cecilia di Roma sotto la guida di Francesco Storino. Attualmente studia presso l\u2019Hochschule der Kunste di Berna nella classe di Antonio Meneses. Ha frequentato masterclass con David Geringas, Julius Berger, Thomas Demenga, Mario Brunello. \u00c8 vincitrice di numerosi primi premi in concorsi nazionali e internazionali tra cui Rassegna Nazionale d\u2019Archi Vittorio Veneto, Premio Nazionale delle Arti, che la designa migliore violoncellista dei Conservatori italiani, Premio Citt\u00e0 di Padova, Jugend Musiziert di Norimberga e NYIAA Competition, la cui vittoria le ha consentito di esibirsi presso la Carnegie Hall di New York. Gli ultimi in ordine di tempo: il primo premio al 10\u00b0 International Cello Competition \u201cAntonio Janigro\u201d for young cellists e il Premio Crescendo a Firenze. Tra i riconoscimenti ricordiamo: nel 2012 il Premio \u201cAdriana Giannuzzi\u201d come migliore violoncellista del Conservatorio Santa Cecilia di Roma, nel 2014 il Premio Rotary Club di Roma e il Premio Banca Monte dei Paschi di Siena riservato ai giovani talenti dell\u2019Accademia Chigiana. Borsista della De Sono Associazione per la Musica. Recentemente anche la Filarmonica della Scala di Milano le ha assegnato una borsa di studio destinata ai migliori giovani violoncellisti italiani. Il suo debutto \u00e8 avvenuto in occasione del Concerto di Natale 2012 che si \u00e8 tenuto alla Camera dei Deputati in diretta su RAI 5 nel quale ha suonato in duo con Mario Brunello per l\u2019Accademia Nazionale di Santa Cecilia. Da allora si \u00e8 esibita in festival prestigiosi: tra gli altri, Festival de Cordas e Piano in Belo Horizonte, Festival La lumi\u00e8re du Roman in Conques, Festival Violoncellistico Internazionale \u201cAlfredo Piatti\u201d di Bergamo e Aurora Festival in Vanersborg oltre che in numerose stagioni concertistiche tra cui Micat in Vertice, dove ha suonato il violoncello Stradivari del 1682 di propriet\u00e0 dell\u2019Accademia Chigiana di Siena, Concerti e Palazzi al Museo dell\u2019Ara Pacis di Roma, Istituzione Sinfonica Abruzzese, AGIMUS, per Mondomusica a Cremona e per la rassegna \u201cMorigi Musica\u201d a Piacenza. L\u20198 marzo 2013 il presidente della repubblica Giorgio Napolitano le ha conferito l\u2019Attestato d\u2019Onore Alfiere della Repubblica per gli eccezionali risultati in campo musicale ottenuti in giovanissima et\u00e0.<\/p>\n","protected":false},"excerpt":{"rendered":"<p>Il trio Marta Kowalczyk (violino), Bruno Giuranna (viola), Erica Piccotti (violoncello) si esibir\u00e0 marted\u00ec 7 febbraio alle ore 20.30 al teatro Sociale (Fasano \u2013 Br) nell\u2019ambito della VII stagione concertistica dell\u2019\u201cAccademia dei Cameristi\u201d patrocinata dal ministero per i Beni e le attivit\u00e0 culturali, dalla Regione Puglia e dal Comune di Fasano. &nbsp; L\u2019ensemble proporr\u00e0 musiche di Boccherini (\u201cTrio in do minore op. 14 n. 2\u201d) e Mozart (\u201cDivertimento in mi bemolle maggiore K563\u201d). Info 347.7712034 \u2013 080.4394180. Costo del biglietto: intero 5 euro; giovani fino a 26 anni 3 euro. &nbsp; Marta Kowalczyk Nata in Polonia nel 1991, inizia a 7 anni gli studi di violino. Si diploma dapprima all\u2019universit\u00e0 \u201cFrederic Chopin\u201d di Varsavia nella classe di Jan Stanienda, e poi, nel 2015, alla Royal Academy di Londra con Gyorgy Pauk. \u00c8 vincitrice dell\u2019Eurovision Young Musician Competition, dell\u2019International Violin Competition di Belgrado e dell\u2019International Solo Competition di Varsavia. Le viene assegnato il Gran Prix e due premi speciali al concorso internazionale di musica da camera \u201cBeethoven\u201d 2015 a Luslawice, Polonia&#8230;.<\/p>\n","protected":false},"author":2,"featured_media":94419,"comment_status":"open","ping_status":"closed","sticky":false,"template":"","format":"standard","meta":{"footnotes":""},"categories":[189],"tags":[2856],"class_list":["post-94417","post","type-post","status-publish","format-standard","has-post-thumbnail","hentry","category-musica-2","tag-teatro-sociale"],"_links":{"self":[{"href":"https:\/\/www.brundisium.net\/index.php\/wp-json\/wp\/v2\/posts\/94417","targetHints":{"allow":["GET"]}}],"collection":[{"href":"https:\/\/www.brundisium.net\/index.php\/wp-json\/wp\/v2\/posts"}],"about":[{"href":"https:\/\/www.brundisium.net\/index.php\/wp-json\/wp\/v2\/types\/post"}],"author":[{"embeddable":true,"href":"https:\/\/www.brundisium.net\/index.php\/wp-json\/wp\/v2\/users\/2"}],"replies":[{"embeddable":true,"href":"https:\/\/www.brundisium.net\/index.php\/wp-json\/wp\/v2\/comments?post=94417"}],"version-history":[{"count":1,"href":"https:\/\/www.brundisium.net\/index.php\/wp-json\/wp\/v2\/posts\/94417\/revisions"}],"predecessor-version":[{"id":94421,"href":"https:\/\/www.brundisium.net\/index.php\/wp-json\/wp\/v2\/posts\/94417\/revisions\/94421"}],"wp:featuredmedia":[{"embeddable":true,"href":"https:\/\/www.brundisium.net\/index.php\/wp-json\/wp\/v2\/media\/94419"}],"wp:attachment":[{"href":"https:\/\/www.brundisium.net\/index.php\/wp-json\/wp\/v2\/media?parent=94417"}],"wp:term":[{"taxonomy":"category","embeddable":true,"href":"https:\/\/www.brundisium.net\/index.php\/wp-json\/wp\/v2\/categories?post=94417"},{"taxonomy":"post_tag","embeddable":true,"href":"https:\/\/www.brundisium.net\/index.php\/wp-json\/wp\/v2\/tags?post=94417"}],"curies":[{"name":"wp","href":"https:\/\/api.w.org\/{rel}","templated":true}]}}