{"id":9478,"date":"2014-03-29T11:36:05","date_gmt":"2014-03-29T10:36:05","guid":{"rendered":"http:\/\/www.brundisium.net\/brun\/?p=9478"},"modified":"2014-03-29T11:36:05","modified_gmt":"2014-03-29T10:36:05","slug":"curto-alla-gentile-bene-gli-interventi-sul-personale-del-118-ma-non-basta","status":"publish","type":"post","link":"https:\/\/www.brundisium.net\/index.php\/curto-alla-gentile-bene-gli-interventi-sul-personale-del-118-ma-non-basta\/","title":{"rendered":"Curto alla Gentile: &#8220;bene gli interventi sul personale del 118, ma non basta&#8221;"},"content":{"rendered":"<p>Di seguito riportiamo integralmente il testo di una lettera aperta inviata\u00a0da Euprepio Curto, Consigliere regionale UdC, all\u2019Assessore regionale alla Sanit\u00e0 Elena Gentile<\/p>\n<p>&nbsp;<\/p>\n<p><em>non posso non esprimerti la mia gratitudine per avermi confermato, nel corso dell\u2019ultimo Consiglio regionale, la ferma volont\u00e0 di intervenire in materia di 118 (<b>con particolare<\/b> <b>riferimento alla provincia di Brindisi<\/b>) cristallizzando a data storicamente non sospetta il requisito per l\u2019internalizzazione dei lavoratori\/trici, in modo da rendere inefficaci le squallide furbizie che stanno caratterizzando alcune gestioni (non tutte, per carit\u00e0!) molto impegnate nel liberarsi di\u00a0 volontari\u00a0 operanti da antica data, in modo da rendere pi\u00f9 agevole l\u2019inserimento, e quindi l\u2019internalizzazione, \u00a0di famigliari, parenti, amici e amici degli amici.<\/em><\/p>\n<p><em>Materia, voglio ricordarlo a me stesso, che, ove non fosse intervenuta la Politica (nella persona dell\u2019Assessore al ramo) per sanare le gravi violazioni, mi avrebbe coerentemente imposto di adire l\u2019Autorit\u00e0 Giudiziaria.<\/em><\/p>\n<p><em>Ti ringrazio, quindi, di avermi evitato una iniziativa \u00a0non conforme alla mia concezione della Politica, e, purtuttavia, \u00a0ritengo che tutto ci\u00f2 non sia sufficiente.<\/em><\/p>\n<p><em>E\u2019 sicuramente importante aver cassato \u00a0il principio\u00a0 aberrante in virt\u00f9 del quale\u00a0 potevano essere internalizzati coloro che ad una certa data risultavano essere lavoratori dipendenti del soggetto gestore del 118, ma a condizione che risultassero ancora assunti. Onde, da oggi in poi sar\u00e0 possibile internalizzare anche quei lavoratori che, pur in possesso del primo requisito, non potevano per\u00f2 vantare anche quello di risultare ancora assunti, magari perch\u00e9 letteralmente \u201ccacciati\u201d via da squallidi figuri.<\/em><\/p>\n<p><em>Restano per\u00f2 privi di tutele quegli operatori volontari che nel corso degli anni si son visti sopravanzare da\u00a0 altri\u00a0 volontari, successivamente assunti sol perch\u00e9 in condizione di vantare rapporti \u201cprivilegiati\u201d col gestore del 118.<\/em><\/p>\n<p><em>In sintesi: se di moralizzazione si deve parlare, la si faccia fino in fondo, tutelando in primis proprio quelli privi di tutele.<\/em><\/p>\n<p><em>Se cos\u00ec sar\u00e0, credo che la Politica\u00a0 colmer\u00e0, almeno in parte, il deficit\u00a0 di credibilit\u00e0 che, purtroppo, fino ad oggi l\u2019ha caratterizzata.<\/em><\/p>\n<p><em>\u00a0<\/em><\/p>\n<p><em>\u00a0<\/em><\/p>\n","protected":false},"excerpt":{"rendered":"<p>Di seguito riportiamo integralmente il testo di una lettera aperta inviata\u00a0da Euprepio Curto, Consigliere regionale UdC, all\u2019Assessore regionale alla Sanit\u00e0 Elena Gentile &nbsp; non posso non esprimerti la mia gratitudine per avermi confermato, nel corso dell\u2019ultimo Consiglio regionale, la ferma volont\u00e0 di intervenire in materia di 118 (con particolare riferimento alla provincia di Brindisi) cristallizzando a data storicamente non sospetta il requisito per l\u2019internalizzazione dei lavoratori\/trici, in modo da rendere inefficaci le squallide furbizie che stanno caratterizzando alcune gestioni (non tutte, per carit\u00e0!) molto impegnate nel liberarsi di\u00a0 volontari\u00a0 operanti da antica data, in modo da rendere pi\u00f9 agevole l\u2019inserimento, e quindi l\u2019internalizzazione, \u00a0di famigliari, parenti, amici e amici degli amici. Materia, voglio ricordarlo a me stesso, che, ove non fosse intervenuta la Politica (nella persona dell\u2019Assessore al ramo) per sanare le gravi violazioni, mi avrebbe coerentemente imposto di adire l\u2019Autorit\u00e0 Giudiziaria. Ti ringrazio, quindi, di avermi evitato una iniziativa \u00a0non conforme alla mia concezione della Politica, e, purtuttavia, \u00a0ritengo che tutto ci\u00f2 non sia sufficiente. E\u2019 sicuramente importante aver&#8230;<\/p>\n","protected":false},"author":2,"featured_media":9479,"comment_status":"open","ping_status":"open","sticky":false,"template":"","format":"standard","meta":{"footnotes":""},"categories":[7],"tags":[881,353,474],"class_list":["post-9478","post","type-post","status-publish","format-standard","has-post-thumbnail","hentry","category-news","tag-881","tag-curto","tag-gentile"],"_links":{"self":[{"href":"https:\/\/www.brundisium.net\/index.php\/wp-json\/wp\/v2\/posts\/9478","targetHints":{"allow":["GET"]}}],"collection":[{"href":"https:\/\/www.brundisium.net\/index.php\/wp-json\/wp\/v2\/posts"}],"about":[{"href":"https:\/\/www.brundisium.net\/index.php\/wp-json\/wp\/v2\/types\/post"}],"author":[{"embeddable":true,"href":"https:\/\/www.brundisium.net\/index.php\/wp-json\/wp\/v2\/users\/2"}],"replies":[{"embeddable":true,"href":"https:\/\/www.brundisium.net\/index.php\/wp-json\/wp\/v2\/comments?post=9478"}],"version-history":[{"count":1,"href":"https:\/\/www.brundisium.net\/index.php\/wp-json\/wp\/v2\/posts\/9478\/revisions"}],"predecessor-version":[{"id":9480,"href":"https:\/\/www.brundisium.net\/index.php\/wp-json\/wp\/v2\/posts\/9478\/revisions\/9480"}],"wp:featuredmedia":[{"embeddable":true,"href":"https:\/\/www.brundisium.net\/index.php\/wp-json\/wp\/v2\/media\/9479"}],"wp:attachment":[{"href":"https:\/\/www.brundisium.net\/index.php\/wp-json\/wp\/v2\/media?parent=9478"}],"wp:term":[{"taxonomy":"category","embeddable":true,"href":"https:\/\/www.brundisium.net\/index.php\/wp-json\/wp\/v2\/categories?post=9478"},{"taxonomy":"post_tag","embeddable":true,"href":"https:\/\/www.brundisium.net\/index.php\/wp-json\/wp\/v2\/tags?post=9478"}],"curies":[{"name":"wp","href":"https:\/\/api.w.org\/{rel}","templated":true}]}}