{"id":96014,"date":"2017-02-22T16:21:31","date_gmt":"2017-02-22T15:21:31","guid":{"rendered":"http:\/\/www.brundisium.net\/?p=96014"},"modified":"2017-02-22T17:36:34","modified_gmt":"2017-02-22T16:36:34","slug":"sinistra-per-brindisi-sostiene-i-lavoratori-del-mercatone-uno","status":"publish","type":"post","link":"https:\/\/www.brundisium.net\/index.php\/sinistra-per-brindisi-sostiene-i-lavoratori-del-mercatone-uno\/","title":{"rendered":"Sinistra per Brindisi sostiene i lavoratori del Mercatone Uno"},"content":{"rendered":"<p>Sosteniamo con forza, affiancando i sindacati nel loro difficile e costante sforzo nella tutela, le lavoratrici e i lavoratori del MERCATONE UNO che da circa 2 anni lottano per essere ricollocati. La loro lotta \u00e8 importantissima per scongiurare l\u2019ennesima sconfitta per il nostro territorio.<br \/>\nLo \u00e8 perch\u00e9 in questi giorni \u00e8 in scadenza la cassa integrazione straordinaria come solo ammortizzatore sociale per il sostentamento delle 16 famiglie coinvolte. Apprezziamo l\u2019intervento del Presidente della Provincia Maurizio Bruno per la ricollocazione dei suddetti lavoratori e lavoratrici nel nuovo centro commerciale no-food \u201cBrin Park\u201d.<br \/>\nSperiamo inoltre che non sia solo strumentale in quanto la questione \u00e8 di mera competenza comunale e non provinciale.<br \/>\nLe scelte di Mercatone Uno di chiudere a Brindisi, nonostante  il suo fatturato era superiore ad altre sedi in regione, dimostra la poca autorevolezza della classe politica che ci governa da diversi anni.<br \/>\nSperiamo in un piacevole epilogo per le lavoratrici e i lavoratori del MERCATONE UNO, anche se ci\u00f2 non basta a tutelare tutti i cittadini del Brindisino, dove un posto di lavoro diventa sempre pi\u00f9 un miraggio e comunque sempre oggetto di scambio per clientelismi elettorali.<br \/>\nLa mancata autorevolezza \u00e8 dimostrata anche nel non saper tutelare i servizi essenziali come la sanit\u00e0, ed il piano di riordino ospedaliero ne \u00e8 la dimostrazione, ma a questo potremmo aggiungere la questione del porto con l\u2019autorit\u00e0 portuale che verr\u00e0 accorpata a provincie \u201cprivilegiate\u201d, l\u2019ex Camera di Commercio svuotata nelle sue funzionalit\u00e0 e settori strategici per lo sviluppo in senso ecocompatibile come il turismo che trova sbocchi altrove e non nella nostra Provincia.<br \/>\nLa ricollocazione dei lavoratori, gi\u00e0 professionalmente formati per le nuove attivit\u00e0 commerciali all\u2019interno di Brin Park potrebbe essere l\u2019inizio ad una nuova politica di rilancio per il nostro territorio considerato sempre di serie B rispetto ad altri.<\/p>\n<p>C.S. SINISTRA PER BRINDISI<\/p>\n","protected":false},"excerpt":{"rendered":"<p>Sosteniamo con forza, affiancando i sindacati nel loro difficile e costante sforzo nella tutela, le lavoratrici e i lavoratori del MERCATONE UNO che da circa 2 anni lottano per essere ricollocati. La loro lotta \u00e8 importantissima per scongiurare l\u2019ennesima sconfitta per il nostro territorio. Lo \u00e8 perch\u00e9 in questi giorni \u00e8 in scadenza la cassa integrazione straordinaria come solo ammortizzatore sociale per il sostentamento delle 16 famiglie coinvolte. Apprezziamo l\u2019intervento del Presidente della Provincia Maurizio Bruno per la ricollocazione dei suddetti lavoratori e lavoratrici nel nuovo centro commerciale no-food \u201cBrin Park\u201d. Speriamo inoltre che non sia solo strumentale in quanto la questione \u00e8 di mera competenza comunale e non provinciale. Le scelte di Mercatone Uno di chiudere a Brindisi, nonostante il suo fatturato era superiore ad altre sedi in regione, dimostra la poca autorevolezza della classe politica che ci governa da diversi anni. Speriamo in un piacevole epilogo per le lavoratrici e i lavoratori del MERCATONE UNO, anche se ci\u00f2 non basta a tutelare tutti i cittadini del Brindisino, dove&#8230;<\/p>\n","protected":false},"author":2,"featured_media":70603,"comment_status":"open","ping_status":"closed","sticky":false,"template":"","format":"standard","meta":{"footnotes":""},"categories":[7],"tags":[3482,3481,3117],"class_list":["post-96014","post","type-post","status-publish","format-standard","has-post-thumbnail","hentry","category-news","tag-cassa-integrazione","tag-lavoratori-mercatone-uno","tag-sinistra-per-brindisi"],"_links":{"self":[{"href":"https:\/\/www.brundisium.net\/index.php\/wp-json\/wp\/v2\/posts\/96014","targetHints":{"allow":["GET"]}}],"collection":[{"href":"https:\/\/www.brundisium.net\/index.php\/wp-json\/wp\/v2\/posts"}],"about":[{"href":"https:\/\/www.brundisium.net\/index.php\/wp-json\/wp\/v2\/types\/post"}],"author":[{"embeddable":true,"href":"https:\/\/www.brundisium.net\/index.php\/wp-json\/wp\/v2\/users\/2"}],"replies":[{"embeddable":true,"href":"https:\/\/www.brundisium.net\/index.php\/wp-json\/wp\/v2\/comments?post=96014"}],"version-history":[{"count":1,"href":"https:\/\/www.brundisium.net\/index.php\/wp-json\/wp\/v2\/posts\/96014\/revisions"}],"predecessor-version":[{"id":96015,"href":"https:\/\/www.brundisium.net\/index.php\/wp-json\/wp\/v2\/posts\/96014\/revisions\/96015"}],"wp:featuredmedia":[{"embeddable":true,"href":"https:\/\/www.brundisium.net\/index.php\/wp-json\/wp\/v2\/media\/70603"}],"wp:attachment":[{"href":"https:\/\/www.brundisium.net\/index.php\/wp-json\/wp\/v2\/media?parent=96014"}],"wp:term":[{"taxonomy":"category","embeddable":true,"href":"https:\/\/www.brundisium.net\/index.php\/wp-json\/wp\/v2\/categories?post=96014"},{"taxonomy":"post_tag","embeddable":true,"href":"https:\/\/www.brundisium.net\/index.php\/wp-json\/wp\/v2\/tags?post=96014"}],"curies":[{"name":"wp","href":"https:\/\/api.w.org\/{rel}","templated":true}]}}