{"id":96342,"date":"2017-02-26T12:15:52","date_gmt":"2017-02-26T11:15:52","guid":{"rendered":"http:\/\/www.brundisium.net\/?p=96342"},"modified":"2017-02-28T09:45:14","modified_gmt":"2017-02-28T08:45:14","slug":"degrado-a-brindisi-galluzzo-al-comandante-nigro-e-ora-di-soluzioni-radicali","status":"publish","type":"post","link":"https:\/\/www.brundisium.net\/index.php\/degrado-a-brindisi-galluzzo-al-comandante-nigro-e-ora-di-soluzioni-radicali\/","title":{"rendered":"Degrado a Brindisi, Galluzzo al Comandante Nigro: &#8220;\u00e8 ora di soluzioni radicali&#8221;"},"content":{"rendered":"<p><a href=\"http:\/\/www.brundisium.net\/index.php\/degrado-a-brindisi-galluzzo-al-comandante-nigro-e-ora-di-soluzioni-radicali\/degrado-galluzzo-5\/\" rel=\"attachment wp-att-96343\"><img loading=\"lazy\" decoding=\"async\" class=\"alignleft size-medium wp-image-96343\" src=\"http:\/\/www.brundisium.net\/brun\/wp-content\/uploads\/2017\/02\/degrado-galluzzo-5-300x224.jpg\" alt=\"\" width=\"300\" height=\"224\" srcset=\"https:\/\/www.brundisium.net\/brun\/wp-content\/uploads\/2017\/02\/degrado-galluzzo-5-300x224.jpg 300w, https:\/\/www.brundisium.net\/brun\/wp-content\/uploads\/2017\/02\/degrado-galluzzo-5-768x574.jpg 768w, https:\/\/www.brundisium.net\/brun\/wp-content\/uploads\/2017\/02\/degrado-galluzzo-5-1024x765.jpg 1024w\" sizes=\"auto, (max-width: 300px) 100vw, 300px\" \/><\/a>\u00a0\u00a0\u00a0 Di seguito proponiamo una email inviata da Teodoro Galluzzo al comandante della Polizia Municipale di Brindisi.<\/p>\n<p>&nbsp;<\/p>\n<p>&nbsp;<\/p>\n<p><em>Buongiorno Comandante<\/em><\/p>\n<p>&nbsp;<\/p>\n<p><em>Questa \u00e8 l&#8217;ennesima volta che le scrivo, per segnalare uno stato di degrado nel quale ormai noi cittadini di questa citt\u00e0 (cittadini onesti) ci troviamo a vivere.<\/em><br \/>\n<em> Ormai come pi\u00f9 volte segnalato, &#8220;la maleducazione&#8221; di buona parte dei cittadini di Brindisi, imperversa in tutte le aree, non pi\u00f9 in posti lontani (campagne e periferie estreme) ma ora anche in strade di grande passaggio.<\/em><br \/>\n<em> Come ogni Domenica questo angolo di citt\u00e0 diventa una DISCARICA a cielo aperto, frutto di scempi compiuti da attivit\u00e0 commerciali che insistono in uni spazio di un centinaio di metri.<\/em><\/p>\n<p>&nbsp;<\/p>\n<p><em><a href=\"http:\/\/www.brundisium.net\/index.php\/degrado-a-brindisi-galluzzo-al-comandante-nigro-e-ora-di-soluzioni-radicali\/degrado-galluzzo-4\/\" rel=\"attachment wp-att-96344\"><img loading=\"lazy\" decoding=\"async\" class=\"size-medium wp-image-96344 alignright\" src=\"http:\/\/www.brundisium.net\/brun\/wp-content\/uploads\/2017\/02\/degrado-galluzzo-4-300x224.jpg\" alt=\"\" width=\"300\" height=\"224\" srcset=\"https:\/\/www.brundisium.net\/brun\/wp-content\/uploads\/2017\/02\/degrado-galluzzo-4-300x224.jpg 300w, https:\/\/www.brundisium.net\/brun\/wp-content\/uploads\/2017\/02\/degrado-galluzzo-4-768x574.jpg 768w, https:\/\/www.brundisium.net\/brun\/wp-content\/uploads\/2017\/02\/degrado-galluzzo-4-1024x765.jpg 1024w\" sizes=\"auto, (max-width: 300px) 100vw, 300px\" \/><\/a>Come si pu\u00f2 vedere dal tipo di rifiuti, cartoni di bottiglie, scarti di confezioni alimentari e scarti di imballaggi di abbigliamento o casalinghi (riconducibili a 2 o tre ) attivit\u00e0 commerciali.<\/em><\/p>\n<p>&nbsp;<\/p>\n<p><em>Riusciamo a multare in &#8220;maniera seria&#8221; questi individui che, in barba alle regole, continuano ad abbandonare rifiuti fuori le date di raccolta di questi?<\/em><\/p>\n<p>&nbsp;<\/p>\n<p><em>Bisogna ricordare a questi signori che per la carta e il cartone, il loro ritiro \u00e8 fissato il &#8220;marted\u00ec&#8221; e non quando pare a loro.<\/em><br \/>\n<em> Mi aspetto che a breve qualche cittadino possa &#8220;dare fuoco&#8221; a questi rifiuti perch\u00e9 ormai anche i marciapiedi sono diventati impraticabili. Potrebbe essere un gesto estremo che convincer\u00e0 tutti,<\/em><em> &#8220;Amministrazione comunale&#8221; compresa , che continua a ignorare il problema.<\/em><\/p>\n<p>&nbsp;<br \/>\n<em> <a href=\"http:\/\/www.brundisium.net\/index.php\/degrado-a-brindisi-galluzzo-al-comandante-nigro-e-ora-di-soluzioni-radicali\/degrado-galluzzo-1\/\" rel=\"attachment wp-att-96347\"><img loading=\"lazy\" decoding=\"async\" class=\"alignleft size-medium wp-image-96347\" src=\"http:\/\/www.brundisium.net\/brun\/wp-content\/uploads\/2017\/02\/degrado-galluzzo-1-300x224.jpg\" alt=\"\" width=\"300\" height=\"224\" srcset=\"https:\/\/www.brundisium.net\/brun\/wp-content\/uploads\/2017\/02\/degrado-galluzzo-1-300x224.jpg 300w, https:\/\/www.brundisium.net\/brun\/wp-content\/uploads\/2017\/02\/degrado-galluzzo-1-768x574.jpg 768w, https:\/\/www.brundisium.net\/brun\/wp-content\/uploads\/2017\/02\/degrado-galluzzo-1-1024x765.jpg 1024w\" sizes=\"auto, (max-width: 300px) 100vw, 300px\" \/><\/a>Questa email, la far\u00f2 girare a tutte le testate giornalistiche locali e nazionali, al fine di intervenire in maniera RADICALE.<\/em><br \/>\n<em> Non me ne voglia, ma \u00e8 inammissibile che nel 2017 le citt\u00e0 possano vivere in questo modo.<\/em><\/p>\n<p>&nbsp;<\/p>\n<p>&nbsp;<\/p>\n<p><em>Cordialmente<\/em><br \/>\n<em> Rino Galluzzo<\/em><br \/>\nAbitante in via Appia.<\/p>\n","protected":false},"excerpt":{"rendered":"<p>\u00a0\u00a0\u00a0 Di seguito proponiamo una email inviata da Teodoro Galluzzo al comandante della Polizia Municipale di Brindisi. &nbsp; &nbsp; Buongiorno Comandante &nbsp; Questa \u00e8 l&#8217;ennesima volta che le scrivo, per segnalare uno stato di degrado nel quale ormai noi cittadini di questa citt\u00e0 (cittadini onesti) ci troviamo a vivere. Ormai come pi\u00f9 volte segnalato, &#8220;la maleducazione&#8221; di buona parte dei cittadini di Brindisi, imperversa in tutte le aree, non pi\u00f9 in posti lontani (campagne e periferie estreme) ma ora anche in strade di grande passaggio. Come ogni Domenica questo angolo di citt\u00e0 diventa una DISCARICA a cielo aperto, frutto di scempi compiuti da attivit\u00e0 commerciali che insistono in uni spazio di un centinaio di metri. &nbsp; Come si pu\u00f2 vedere dal tipo di rifiuti, cartoni di bottiglie, scarti di confezioni alimentari e scarti di imballaggi di abbigliamento o casalinghi (riconducibili a 2 o tre ) attivit\u00e0 commerciali. &nbsp; Riusciamo a multare in &#8220;maniera seria&#8221; questi individui che, in barba alle regole, continuano ad abbandonare rifiuti fuori le date di raccolta&#8230;<\/p>\n","protected":false},"author":2,"featured_media":96346,"comment_status":"open","ping_status":"closed","sticky":false,"template":"","format":"standard","meta":{"footnotes":""},"categories":[9,7],"tags":[2506],"class_list":["post-96342","post","type-post","status-publish","format-standard","has-post-thumbnail","hentry","category-interventi","category-news","tag-emergenza-rifiuti"],"_links":{"self":[{"href":"https:\/\/www.brundisium.net\/index.php\/wp-json\/wp\/v2\/posts\/96342","targetHints":{"allow":["GET"]}}],"collection":[{"href":"https:\/\/www.brundisium.net\/index.php\/wp-json\/wp\/v2\/posts"}],"about":[{"href":"https:\/\/www.brundisium.net\/index.php\/wp-json\/wp\/v2\/types\/post"}],"author":[{"embeddable":true,"href":"https:\/\/www.brundisium.net\/index.php\/wp-json\/wp\/v2\/users\/2"}],"replies":[{"embeddable":true,"href":"https:\/\/www.brundisium.net\/index.php\/wp-json\/wp\/v2\/comments?post=96342"}],"version-history":[{"count":2,"href":"https:\/\/www.brundisium.net\/index.php\/wp-json\/wp\/v2\/posts\/96342\/revisions"}],"predecessor-version":[{"id":96349,"href":"https:\/\/www.brundisium.net\/index.php\/wp-json\/wp\/v2\/posts\/96342\/revisions\/96349"}],"wp:featuredmedia":[{"embeddable":true,"href":"https:\/\/www.brundisium.net\/index.php\/wp-json\/wp\/v2\/media\/96346"}],"wp:attachment":[{"href":"https:\/\/www.brundisium.net\/index.php\/wp-json\/wp\/v2\/media?parent=96342"}],"wp:term":[{"taxonomy":"category","embeddable":true,"href":"https:\/\/www.brundisium.net\/index.php\/wp-json\/wp\/v2\/categories?post=96342"},{"taxonomy":"post_tag","embeddable":true,"href":"https:\/\/www.brundisium.net\/index.php\/wp-json\/wp\/v2\/tags?post=96342"}],"curies":[{"name":"wp","href":"https:\/\/api.w.org\/{rel}","templated":true}]}}