{"id":96467,"date":"2017-02-27T17:22:13","date_gmt":"2017-02-27T16:22:13","guid":{"rendered":"http:\/\/www.brundisium.net\/?p=96467"},"modified":"2017-02-28T09:38:56","modified_gmt":"2017-02-28T08:38:56","slug":"san-vito-viva-fdi-an-amministrazione-sui-pon-legalita-sia-sveglia","status":"publish","type":"post","link":"https:\/\/www.brundisium.net\/index.php\/san-vito-viva-fdi-an-amministrazione-sui-pon-legalita-sia-sveglia\/","title":{"rendered":"San Vito, Viva (FdI-AN): Amministrazione sui &#8220;Pon Legalit\u00e0&#8221; sia sveglia"},"content":{"rendered":"<p>Il continuo e impunito protrarsi di furti nelle abitazioni dei sanvitesi, oltre a procurare danni notevoli ai soggetti depredati, sta generando panico e preoccupazioni tra i cittadini, che oramai non si sentono pi\u00f9 tranquilli nelle loro case, e fra gli operatori commerciali del paese, le cui attivit\u00e0 sono gi\u00e0 in forte difficolt\u00e0 economica.<\/p>\n<p>&nbsp;<\/p>\n<p>&nbsp;<\/p>\n<p>Gi\u00e0 nel dicembre scorso, avevamo richiesto al Sindaco l\u2019istituzione di un tavolo permanente sulla sicurezza, al fine di intervenire in modo deciso nel fermare gli episodi di criminalit\u00e0. Il primo cittadino, con nota n. prot. 26682 del 16.12.2016, rispondeva di aver gi\u00e0 intrapreso iniziative, d\u2019intesa con le forze dell\u2019ordine ed il Questore, per rafforzare il presidio del territorio comunale e garantire maggiore sicurezza ai cittadini. Riteniamo, tuttavia, che per garantire le esigenze di legalit\u00e0 e sicurezza dei cittadini, oltre al rafforzamento nel territorio dei presidi di sicurezza pubblica, gi\u00e0 sollecitati da Fratelli d&#8217;Italia in diverse sedi non per ultime agli stessi Ministri della Difesa e dell&#8217;Interno con interrogazione parlamentare, sia necessario dotarsi di mezzi e strumenti di supporto per contrastare la criminalit\u00e0. Per questo, chiediamo all\u2019Amministrazione Comunale di farsi trovare pronta in vista della prossima pubblicazione dei bandi del Ministero dell&#8217;interno &#8220;Pon legalit\u00e0 2014-2020&#8221;. Il Pon legalit\u00e0 \u00e8 uno strumento messo in campo dall&#8217;Europa, volto a rafforzare le condizioni di legalit\u00e0 per cittadini ed imprese migliorando la coesione sociale del Sud Italia, che prevede risorse finanziarie per interventi mirati a contrastare la criminalit\u00e0. Chiediamo, pertanto, che l\u2019Amministrazione Comunale si attivi, al fine di preparare uno o pi\u00f9 progetti da candidare, ad esempio per l\u2019installazione di videocamere di sorveglianza, di lettori di targa nei punti di accesso del paese, cos\u00ec da avere una completa mappatura del territorio comunale e garantire una maggiore capacit\u00e0 di intervento delle Forze di Polizia, oltre che far aumentare sensibilmente la percezione di sicurezza fra i cittadini.<\/p>\n<p>&nbsp;<\/p>\n<p>&nbsp;<\/p>\n<p><em><strong>Avv. Giacomo Viva<\/strong><\/em><\/p>\n<p><em><strong>Coordinatore Cittadino Fratelli d&#8217;Italia &#8211; San Vito dei Normanni<\/strong><\/em><\/p>\n","protected":false},"excerpt":{"rendered":"<p>Il continuo e impunito protrarsi di furti nelle abitazioni dei sanvitesi, oltre a procurare danni notevoli ai soggetti depredati, sta generando panico e preoccupazioni tra i cittadini, che oramai non si sentono pi\u00f9 tranquilli nelle loro case, e fra gli operatori commerciali del paese, le cui attivit\u00e0 sono gi\u00e0 in forte difficolt\u00e0 economica. &nbsp; &nbsp; Gi\u00e0 nel dicembre scorso, avevamo richiesto al Sindaco l\u2019istituzione di un tavolo permanente sulla sicurezza, al fine di intervenire in modo deciso nel fermare gli episodi di criminalit\u00e0. Il primo cittadino, con nota n. prot. 26682 del 16.12.2016, rispondeva di aver gi\u00e0 intrapreso iniziative, d\u2019intesa con le forze dell\u2019ordine ed il Questore, per rafforzare il presidio del territorio comunale e garantire maggiore sicurezza ai cittadini. Riteniamo, tuttavia, che per garantire le esigenze di legalit\u00e0 e sicurezza dei cittadini, oltre al rafforzamento nel territorio dei presidi di sicurezza pubblica, gi\u00e0 sollecitati da Fratelli d&#8217;Italia in diverse sedi non per ultime agli stessi Ministri della Difesa e dell&#8217;Interno con interrogazione parlamentare, sia necessario dotarsi di mezzi e&#8230;<\/p>\n","protected":false},"author":2,"featured_media":32105,"comment_status":"open","ping_status":"closed","sticky":false,"template":"","format":"standard","meta":{"footnotes":""},"categories":[7],"tags":[222],"class_list":["post-96467","post","type-post","status-publish","format-standard","has-post-thumbnail","hentry","category-news","tag-san-vito"],"_links":{"self":[{"href":"https:\/\/www.brundisium.net\/index.php\/wp-json\/wp\/v2\/posts\/96467","targetHints":{"allow":["GET"]}}],"collection":[{"href":"https:\/\/www.brundisium.net\/index.php\/wp-json\/wp\/v2\/posts"}],"about":[{"href":"https:\/\/www.brundisium.net\/index.php\/wp-json\/wp\/v2\/types\/post"}],"author":[{"embeddable":true,"href":"https:\/\/www.brundisium.net\/index.php\/wp-json\/wp\/v2\/users\/2"}],"replies":[{"embeddable":true,"href":"https:\/\/www.brundisium.net\/index.php\/wp-json\/wp\/v2\/comments?post=96467"}],"version-history":[{"count":1,"href":"https:\/\/www.brundisium.net\/index.php\/wp-json\/wp\/v2\/posts\/96467\/revisions"}],"predecessor-version":[{"id":96468,"href":"https:\/\/www.brundisium.net\/index.php\/wp-json\/wp\/v2\/posts\/96467\/revisions\/96468"}],"wp:featuredmedia":[{"embeddable":true,"href":"https:\/\/www.brundisium.net\/index.php\/wp-json\/wp\/v2\/media\/32105"}],"wp:attachment":[{"href":"https:\/\/www.brundisium.net\/index.php\/wp-json\/wp\/v2\/media?parent=96467"}],"wp:term":[{"taxonomy":"category","embeddable":true,"href":"https:\/\/www.brundisium.net\/index.php\/wp-json\/wp\/v2\/categories?post=96467"},{"taxonomy":"post_tag","embeddable":true,"href":"https:\/\/www.brundisium.net\/index.php\/wp-json\/wp\/v2\/tags?post=96467"}],"curies":[{"name":"wp","href":"https:\/\/api.w.org\/{rel}","templated":true}]}}