{"id":96484,"date":"2017-02-27T17:34:46","date_gmt":"2017-02-27T16:34:46","guid":{"rendered":"http:\/\/www.brundisium.net\/?p=96484"},"modified":"2017-03-01T11:51:42","modified_gmt":"2017-03-01T10:51:42","slug":"antonio-de-vitis-riconfermato-alla-carica-di-consigliere-federale-fpi","status":"publish","type":"post","link":"https:\/\/www.brundisium.net\/index.php\/antonio-de-vitis-riconfermato-alla-carica-di-consigliere-federale-fpi\/","title":{"rendered":"Antonio De Vitis riconfermato alla carica di consigliere federale FPI"},"content":{"rendered":"<p><a href=\"http:\/\/www.brundisium.net\/index.php\/de-vitis-torna-sul-ring-per-il-titolo-europeo-sabato-24-ce-la-diretta-di-italia-1\/antonio-de-vitis\/\" rel=\"attachment wp-att-32162\"><img loading=\"lazy\" decoding=\"async\" class=\"alignleft size-medium wp-image-32162\" src=\"http:\/\/www.brundisium.net\/brun\/wp-content\/uploads\/2015\/01\/Antonio-De-Vitis-300x276.jpg\" alt=\"\" width=\"300\" height=\"276\" srcset=\"https:\/\/www.brundisium.net\/brun\/wp-content\/uploads\/2015\/01\/Antonio-De-Vitis-300x276.jpg 300w, https:\/\/www.brundisium.net\/brun\/wp-content\/uploads\/2015\/01\/Antonio-De-Vitis.jpg 424w\" sizes=\"auto, (max-width: 300px) 100vw, 300px\" \/><\/a>L&#8217;ex pugile brindisino Antonio De Vitis \u00e8 riconfermato a consigliere federale della FPI (Federazione Pugilistica Italiana).<\/p>\n<p>De Vitis, che \u00e8 stato campione italiano e sfidante per il titolo europeo, ha fatto parte del consiglio federale nel quadriennio 2013-2016 in rappresentanza degli Atleti Dilettanti AOB).<br \/>\nNel prossimo quadriennio sar\u00e0 nel consiglio FPI in rappresentanza degli Atleti Professionisti<\/p>\n<p>La riconferma del brindisino \u00e8 avvenuta domenica 25 febbraio nell&#8217;assemblea nazionale ordinaria elettiva della Fpi che si \u00e8 tenuta al Lyrick Theatre di Santa Maria degli Angeli, ad Assisi e che ha eletto come presidente il cagliaritano Vittorio Lai, 72 anni.<br \/>\nLai, che succede ad Alberto Brasca, era vicepresidente della federazione e si \u00e8 imposto con 315 voti contro i 298 di Andrea Locatelli.<\/p>\n<p>De Vitis ha sostenuto proprio Lai nella vittoriosa campagna verso la presidenza del movimento pugilistico: <em> &#8220;Vittorio Lai&#8221; &#8211; aveva detto De Vitis prima dell&#8217;elezione &#8211; \u00e8 l&#8217;unica persona nella quale i miei ideali di sportivo e uomo prendono forma.<\/em><\/p>\n<p><em><br \/>\n<\/em>De Vitis, che ha avuto la meglio sull&#8217;ex pugile Giacobbe Fragomeni (noto per aver vinto l&#8217;edizione 2016 dell&#8217;Isola dei Famosi) non sta nella pelle:<em> &#8220;l&#8217;amore per questo sport \u00e8 stato cos\u00ec forte da voler rimanere in questo mondo per aiutarlo a crescere nel migliore dei modi. Quando sei stato per tanto tempo in prima linea sul ring, sai bene quello che va e quello che potrebbe essere aggiustato. All&#8217;inizio, durante i primi consigli federali, non sapevo neanche cosa dire, per paura di nuocere a qualcuno. Oggi, la mia esperienza si \u00e8 fatta sempre pi\u00f9 grande e sono sempre pi\u00f9 sicuro delle decisioni ed ideali che porto avanti.&#8221; <\/em><br \/>\n<a href=\"http:\/\/www.brundisium.net\/index.php\/antonio-de-vitis-riconfermato-alla-carica-di-consigliere-federale-fpi\/consiglio-fpi\/\" rel=\"attachment wp-att-96485\"><img loading=\"lazy\" decoding=\"async\" class=\"size-medium wp-image-96485 alignright\" src=\"http:\/\/www.brundisium.net\/brun\/wp-content\/uploads\/2017\/02\/consiglio-FPI-300x225.jpg\" alt=\"\" width=\"300\" height=\"225\" srcset=\"https:\/\/www.brundisium.net\/brun\/wp-content\/uploads\/2017\/02\/consiglio-FPI-300x225.jpg 300w, https:\/\/www.brundisium.net\/brun\/wp-content\/uploads\/2017\/02\/consiglio-FPI-768x576.jpg 768w, https:\/\/www.brundisium.net\/brun\/wp-content\/uploads\/2017\/02\/consiglio-FPI-1024x768.jpg 1024w, https:\/\/www.brundisium.net\/brun\/wp-content\/uploads\/2017\/02\/consiglio-FPI.jpg 1200w\" sizes=\"auto, (max-width: 300px) 100vw, 300px\" \/><\/a>Questo il nuovo consiglio federale FPI:<br \/>\nPresidente: Vittorio Lai<br \/>\nConsiglieri: Flavio D&#8217;Ambrosi, Enrico Apa, Giancarlo Ottavio Ranno, Fabrizio Baldantoni, Giuseppe Macchiarola, Sergio Rosa, Raffaele Esposito<br \/>\nConsigliere Quota Tecnci: Biagio Zurlo<br \/>\nConsigliere Quota Atleti AOB: Marzia Davide<br \/>\nConsigliere Quota Atleti Pro: Antonio De Vitis<\/p>\n","protected":false},"excerpt":{"rendered":"<p>L&#8217;ex pugile brindisino Antonio De Vitis \u00e8 riconfermato a consigliere federale della FPI (Federazione Pugilistica Italiana). De Vitis, che \u00e8 stato campione italiano e sfidante per il titolo europeo, ha fatto parte del consiglio federale nel quadriennio 2013-2016 in rappresentanza degli Atleti Dilettanti AOB). Nel prossimo quadriennio sar\u00e0 nel consiglio FPI in rappresentanza degli Atleti Professionisti La riconferma del brindisino \u00e8 avvenuta domenica 25 febbraio nell&#8217;assemblea nazionale ordinaria elettiva della Fpi che si \u00e8 tenuta al Lyrick Theatre di Santa Maria degli Angeli, ad Assisi e che ha eletto come presidente il cagliaritano Vittorio Lai, 72 anni. Lai, che succede ad Alberto Brasca, era vicepresidente della federazione e si \u00e8 imposto con 315 voti contro i 298 di Andrea Locatelli. De Vitis ha sostenuto proprio Lai nella vittoriosa campagna verso la presidenza del movimento pugilistico: &#8220;Vittorio Lai&#8221; &#8211; aveva detto De Vitis prima dell&#8217;elezione &#8211; \u00e8 l&#8217;unica persona nella quale i miei ideali di sportivo e uomo prendono forma. De Vitis, che ha avuto la meglio sull&#8217;ex pugile Giacobbe Fragomeni&#8230;<\/p>\n","protected":false},"author":2,"featured_media":92818,"comment_status":"open","ping_status":"closed","sticky":false,"template":"","format":"standard","meta":{"footnotes":""},"categories":[398,7],"tags":[3498],"class_list":["post-96484","post","type-post","status-publish","format-standard","has-post-thumbnail","hentry","category-boxe","category-news","tag-antonio-de-vitis"],"_links":{"self":[{"href":"https:\/\/www.brundisium.net\/index.php\/wp-json\/wp\/v2\/posts\/96484","targetHints":{"allow":["GET"]}}],"collection":[{"href":"https:\/\/www.brundisium.net\/index.php\/wp-json\/wp\/v2\/posts"}],"about":[{"href":"https:\/\/www.brundisium.net\/index.php\/wp-json\/wp\/v2\/types\/post"}],"author":[{"embeddable":true,"href":"https:\/\/www.brundisium.net\/index.php\/wp-json\/wp\/v2\/users\/2"}],"replies":[{"embeddable":true,"href":"https:\/\/www.brundisium.net\/index.php\/wp-json\/wp\/v2\/comments?post=96484"}],"version-history":[{"count":2,"href":"https:\/\/www.brundisium.net\/index.php\/wp-json\/wp\/v2\/posts\/96484\/revisions"}],"predecessor-version":[{"id":96487,"href":"https:\/\/www.brundisium.net\/index.php\/wp-json\/wp\/v2\/posts\/96484\/revisions\/96487"}],"wp:featuredmedia":[{"embeddable":true,"href":"https:\/\/www.brundisium.net\/index.php\/wp-json\/wp\/v2\/media\/92818"}],"wp:attachment":[{"href":"https:\/\/www.brundisium.net\/index.php\/wp-json\/wp\/v2\/media?parent=96484"}],"wp:term":[{"taxonomy":"category","embeddable":true,"href":"https:\/\/www.brundisium.net\/index.php\/wp-json\/wp\/v2\/categories?post=96484"},{"taxonomy":"post_tag","embeddable":true,"href":"https:\/\/www.brundisium.net\/index.php\/wp-json\/wp\/v2\/tags?post=96484"}],"curies":[{"name":"wp","href":"https:\/\/api.w.org\/{rel}","templated":true}]}}