{"id":96551,"date":"2017-02-28T11:50:28","date_gmt":"2017-02-28T10:50:28","guid":{"rendered":"http:\/\/www.brundisium.net\/?p=96551"},"modified":"2017-03-02T10:50:56","modified_gmt":"2017-03-02T09:50:56","slug":"prorogata-la-mostra-ritratti-e-figure-dal-map-presso-il-maac-di-ceglie-messapica","status":"publish","type":"post","link":"https:\/\/www.brundisium.net\/index.php\/prorogata-la-mostra-ritratti-e-figure-dal-map-presso-il-maac-di-ceglie-messapica\/","title":{"rendered":"Prorogata la mostra &#8220;Ritratti e Figure dal Map&#8221; presso il Maac di Ceglie Messapica"},"content":{"rendered":"<p><a href=\"http:\/\/www.brundisium.net\/index.php\/prorogata-la-mostra-ritratti-e-figure-dal-map-presso-il-maac-di-ceglie-messapica\/proroga\/\" rel=\"attachment wp-att-96552\"><img loading=\"lazy\" decoding=\"async\" class=\"alignleft size-medium wp-image-96552\" src=\"http:\/\/www.brundisium.net\/brun\/wp-content\/uploads\/2017\/02\/Proroga-212x300.jpg\" alt=\"\" width=\"212\" height=\"300\" srcset=\"https:\/\/www.brundisium.net\/brun\/wp-content\/uploads\/2017\/02\/Proroga-212x300.jpg 212w, https:\/\/www.brundisium.net\/brun\/wp-content\/uploads\/2017\/02\/Proroga-768x1086.jpg 768w, https:\/\/www.brundisium.net\/brun\/wp-content\/uploads\/2017\/02\/Proroga-724x1024.jpg 724w, https:\/\/www.brundisium.net\/brun\/wp-content\/uploads\/2017\/02\/Proroga.jpg 1588w\" sizes=\"auto, (max-width: 212px) 100vw, 212px\" \/><\/a>Verr\u00e0 prorogata fino al 31 marzo la mostra Ritratti e figure dal MAP. La raccolte e nuove acquisizioni (1900-nuovo millennio) allestita da Cracc s.r.l. e accolta dall\u2019amministrazione Comunale di Ceglie<br \/>\nMessapica presso il MAAC.<\/p>\n<p>&nbsp;<\/p>\n<p>\u201cIl successo di pubblico, mediatico e di critica che ha riscontrato l\u2019allestimento di questa mostra ci lusinga particolarmente &#8211; ha detto il prof. Guastella, direttore scientifico del Map &#8211; abbiamo avviato un\u2019ottima sinergia fra pubblico e privato che va nella direzione della mission della nostra spin-off universitaria: la promozione dell\u2019arte e della cultura nel nostro territorio\u201d.<\/p>\n<p>&nbsp;<\/p>\n<p>&nbsp;<\/p>\n<p>\u201cQuesta mostra ha permesso di dialogare con l&#8217;arte, da vicino, insieme a professionisti come il Prof. Guastella e con tutti gli eccellenti artisti le cui opere sono esposte. &#8211; ha detto Mariangela Leporale, assessore alla Cultura del Comune di Ceglie Messapica. &#8211; Questo importante progetto condiviso dall\u2019Amministrazione Comunale con Cracc s.r.l., che promuove la mostra e la Coop. Imago, che gestisce e promuove gli spazi, ha fatto registrare in termini di presenze risultati pi\u00f9 che soddisfacenti e tante sono ancora le richieste di visite guidate. Da ci\u00f2 la volont\u00e0 condivisa di prorogare la mostra fino al 31 marzo \u2013 conclude l\u2019assessore &#8211; che permette di soddisfare le numerose richieste ed , altres\u00ec, di continuare a proporre a tutte le scuole del territorio un programma di attivit\u00e0 laboratoriali e di approfondimenti e focus tematici legati all&#8217;arte contemporanea, oltre a far visitare la biblioteca specialistica legata al mondo dell&#8217;arte contemporanea per far avvicinare all&#8217;arte anche i pi\u00f9 piccoli con tantissime monografie rare e ricercate.\u201d<\/p>\n<p>&nbsp;<\/p>\n<p><em><strong>\/c.s.<\/strong><\/em><\/p>\n","protected":false},"excerpt":{"rendered":"<p>Verr\u00e0 prorogata fino al 31 marzo la mostra Ritratti e figure dal MAP. La raccolte e nuove acquisizioni (1900-nuovo millennio) allestita da Cracc s.r.l. e accolta dall\u2019amministrazione Comunale di Ceglie Messapica presso il MAAC. &nbsp; \u201cIl successo di pubblico, mediatico e di critica che ha riscontrato l\u2019allestimento di questa mostra ci lusinga particolarmente &#8211; ha detto il prof. Guastella, direttore scientifico del Map &#8211; abbiamo avviato un\u2019ottima sinergia fra pubblico e privato che va nella direzione della mission della nostra spin-off universitaria: la promozione dell\u2019arte e della cultura nel nostro territorio\u201d. &nbsp; &nbsp; \u201cQuesta mostra ha permesso di dialogare con l&#8217;arte, da vicino, insieme a professionisti come il Prof. Guastella e con tutti gli eccellenti artisti le cui opere sono esposte. &#8211; ha detto Mariangela Leporale, assessore alla Cultura del Comune di Ceglie Messapica. &#8211; Questo importante progetto condiviso dall\u2019Amministrazione Comunale con Cracc s.r.l., che promuove la mostra e la Coop. Imago, che gestisce e promuove gli spazi, ha fatto registrare in termini di presenze risultati pi\u00f9 che soddisfacenti e&#8230;<\/p>\n","protected":false},"author":2,"featured_media":96553,"comment_status":"open","ping_status":"closed","sticky":false,"template":"","format":"standard","meta":{"footnotes":""},"categories":[112,7],"tags":[577,3216,3518,182],"class_list":["post-96551","post","type-post","status-publish","format-standard","has-post-thumbnail","hentry","category-arte","category-news","tag-ceglie","tag-guastella","tag-maac","tag-map"],"_links":{"self":[{"href":"https:\/\/www.brundisium.net\/index.php\/wp-json\/wp\/v2\/posts\/96551","targetHints":{"allow":["GET"]}}],"collection":[{"href":"https:\/\/www.brundisium.net\/index.php\/wp-json\/wp\/v2\/posts"}],"about":[{"href":"https:\/\/www.brundisium.net\/index.php\/wp-json\/wp\/v2\/types\/post"}],"author":[{"embeddable":true,"href":"https:\/\/www.brundisium.net\/index.php\/wp-json\/wp\/v2\/users\/2"}],"replies":[{"embeddable":true,"href":"https:\/\/www.brundisium.net\/index.php\/wp-json\/wp\/v2\/comments?post=96551"}],"version-history":[{"count":2,"href":"https:\/\/www.brundisium.net\/index.php\/wp-json\/wp\/v2\/posts\/96551\/revisions"}],"predecessor-version":[{"id":96555,"href":"https:\/\/www.brundisium.net\/index.php\/wp-json\/wp\/v2\/posts\/96551\/revisions\/96555"}],"wp:featuredmedia":[{"embeddable":true,"href":"https:\/\/www.brundisium.net\/index.php\/wp-json\/wp\/v2\/media\/96553"}],"wp:attachment":[{"href":"https:\/\/www.brundisium.net\/index.php\/wp-json\/wp\/v2\/media?parent=96551"}],"wp:term":[{"taxonomy":"category","embeddable":true,"href":"https:\/\/www.brundisium.net\/index.php\/wp-json\/wp\/v2\/categories?post=96551"},{"taxonomy":"post_tag","embeddable":true,"href":"https:\/\/www.brundisium.net\/index.php\/wp-json\/wp\/v2\/tags?post=96551"}],"curies":[{"name":"wp","href":"https:\/\/api.w.org\/{rel}","templated":true}]}}