{"id":96725,"date":"2017-03-01T17:05:15","date_gmt":"2017-03-01T16:05:15","guid":{"rendered":"http:\/\/www.brundisium.net\/?p=96725"},"modified":"2017-03-04T17:10:47","modified_gmt":"2017-03-04T16:10:47","slug":"quarta-aiutiamo-brindisi-aiutiamola-tutti-confesercenti-sostiene-liniziativa-contro-lo-spreco-alimentare","status":"publish","type":"post","link":"https:\/\/www.brundisium.net\/index.php\/quarta-aiutiamo-brindisi-aiutiamola-tutti-confesercenti-sostiene-liniziativa-contro-lo-spreco-alimentare\/","title":{"rendered":"Quarta: &#8220;Aiutiamo Brindisi, aiutiamola tutti. Confesercenti sostiene l&#8217;iniziativa contro lo spreco alimentare&#8221;"},"content":{"rendered":"<p><a href=\"http:\/\/www.brundisium.net\/index.php\/quarta-fdi-parte-campagna-di-sensibilizzazione-per-i-luoghi-della-memoria\/roberto-quarta\/\" rel=\"attachment wp-att-4798\"><img loading=\"lazy\" decoding=\"async\" class=\"size-medium wp-image-4798 alignright\" src=\"http:\/\/www.brundisium.net\/brun\/wp-content\/uploads\/2014\/02\/roberto-quarta-300x300.jpg\" alt=\"\" width=\"300\" height=\"300\" srcset=\"https:\/\/www.brundisium.net\/brun\/wp-content\/uploads\/2014\/02\/roberto-quarta-300x300.jpg 300w, https:\/\/www.brundisium.net\/brun\/wp-content\/uploads\/2014\/02\/roberto-quarta-150x150.jpg 150w, https:\/\/www.brundisium.net\/brun\/wp-content\/uploads\/2014\/02\/roberto-quarta-600x600.jpg 600w, https:\/\/www.brundisium.net\/brun\/wp-content\/uploads\/2014\/02\/roberto-quarta-60x60.jpg 60w, https:\/\/www.brundisium.net\/brun\/wp-content\/uploads\/2014\/02\/roberto-quarta.jpg 700w\" sizes=\"auto, (max-width: 300px) 100vw, 300px\" \/><\/a>Evitare lo spreco alimentare ed aiutare chi non riesce a sostenere, neanche nei bisogni pi\u00f9 elementari, la propria famiglia. E\u2019 questa la ratio del progetto \u00abAiutiamo Brindisi\u00bb che vede coinvolti diversi esercizi commerciali del Comune capoluogo i cui titolari, a fine giornata, donano la merce alle famiglie bisognose. Si tratta di uno straordinario esempio di solidariet\u00e0 sociale che in poco tempo \u00e8 diventato una realt\u00e0.<\/p>\n<p>&nbsp;<br \/>\nL\u2019auspicio \u00e8 che ognuno di noi contribuisca, nei limiti delle proprie possibilit\u00e0, a consolidare questo nobile progetto.<br \/>\nLa povert\u00e0 invisibile \u00e8 un fenomeno diffuso pi\u00f9 di quanto si possa pensare. Il senso della comunit\u00e0, lo spirito di solidariet\u00e0 possono e devono crescere per alleviare le difficolt\u00e0 di tante famiglie.<\/p>\n<p>&nbsp;<\/p>\n<p>Per questo Confesercenti Brindisi, grazie all\u2019impegno del Presidente, Simona Petrosillo, e del responsabile del settore esercizi pubblici, Roberto Quarta, sosterr\u00e0 il progetto. Iniziativa che cercher\u00e0 di promuovere presso i suoi associati ai quali sar\u00e0 chiesto di recuperare le eccedenze alimentari.<\/p>\n<p>&nbsp;<br \/>\n<a href=\"http:\/\/www.brundisium.net\/index.php\/quarta-aiutiamo-brindisi-aiutiamola-tutti-confesercenti-sostiene-liniziativa-contro-lo-spreco-alimentare\/aiutiamo-brindisi-2\/\" rel=\"attachment wp-att-96726\"><img loading=\"lazy\" decoding=\"async\" class=\"alignleft size-medium wp-image-96726\" src=\"http:\/\/www.brundisium.net\/brun\/wp-content\/uploads\/2017\/03\/aiutiamo-brindisi-2-300x300.jpg\" alt=\"\" width=\"300\" height=\"300\" srcset=\"https:\/\/www.brundisium.net\/brun\/wp-content\/uploads\/2017\/03\/aiutiamo-brindisi-2-300x300.jpg 300w, https:\/\/www.brundisium.net\/brun\/wp-content\/uploads\/2017\/03\/aiutiamo-brindisi-2-150x150.jpg 150w, https:\/\/www.brundisium.net\/brun\/wp-content\/uploads\/2017\/03\/aiutiamo-brindisi-2-768x768.jpg 768w, https:\/\/www.brundisium.net\/brun\/wp-content\/uploads\/2017\/03\/aiutiamo-brindisi-2-600x600.jpg 600w, https:\/\/www.brundisium.net\/brun\/wp-content\/uploads\/2017\/03\/aiutiamo-brindisi-2-60x60.jpg 60w, https:\/\/www.brundisium.net\/brun\/wp-content\/uploads\/2017\/03\/aiutiamo-brindisi-2.jpg 787w\" sizes=\"auto, (max-width: 300px) 100vw, 300px\" \/><\/a>Ad oggi sono gi\u00e0 30 le attivit\u00e0 coinvolte e 60 le famiglie aiutate.<\/p>\n<p>&nbsp;<br \/>\nTante volte si \u00e8 parlato della generosit\u00e0 dei brindisini e, anche stavolta, per questa lodevole iniziativa, siamo convinti che la citt\u00e0 vorr\u00e0 dimostrare di essere comunit\u00e0 solidale. In fondo, come sosteneva il \u201ccercatore di bellezza\u201d Don Luigi Giussani, la solidariet\u00e0 \u00e8 lo spettacolo della condivisione gratuita.<\/p>\n<p>&nbsp;<\/p>\n<p>&nbsp;<br \/>\n<em><strong> Roberto Quarta<\/strong><\/em><br \/>\n<em><strong> Titolare New Bar Perrino<br \/>\nDelegato Federazione Pubblici Esercizi &#8211; Confesercenti<\/p>\n<p><\/strong><\/em><\/p>\n","protected":false},"excerpt":{"rendered":"<p>Evitare lo spreco alimentare ed aiutare chi non riesce a sostenere, neanche nei bisogni pi\u00f9 elementari, la propria famiglia. E\u2019 questa la ratio del progetto \u00abAiutiamo Brindisi\u00bb che vede coinvolti diversi esercizi commerciali del Comune capoluogo i cui titolari, a fine giornata, donano la merce alle famiglie bisognose. Si tratta di uno straordinario esempio di solidariet\u00e0 sociale che in poco tempo \u00e8 diventato una realt\u00e0. &nbsp; L\u2019auspicio \u00e8 che ognuno di noi contribuisca, nei limiti delle proprie possibilit\u00e0, a consolidare questo nobile progetto. La povert\u00e0 invisibile \u00e8 un fenomeno diffuso pi\u00f9 di quanto si possa pensare. Il senso della comunit\u00e0, lo spirito di solidariet\u00e0 possono e devono crescere per alleviare le difficolt\u00e0 di tante famiglie. &nbsp; Per questo Confesercenti Brindisi, grazie all\u2019impegno del Presidente, Simona Petrosillo, e del responsabile del settore esercizi pubblici, Roberto Quarta, sosterr\u00e0 il progetto. Iniziativa che cercher\u00e0 di promuovere presso i suoi associati ai quali sar\u00e0 chiesto di recuperare le eccedenze alimentari. &nbsp; Ad oggi sono gi\u00e0 30 le attivit\u00e0 coinvolte e 60 le famiglie aiutate&#8230;.<\/p>\n","protected":false},"author":2,"featured_media":96727,"comment_status":"open","ping_status":"closed","sticky":false,"template":"","format":"standard","meta":{"footnotes":""},"categories":[7],"tags":[3346,637,893],"class_list":["post-96725","post","type-post","status-publish","format-standard","has-post-thumbnail","hentry","category-news","tag-aiutiamo-brindisi","tag-confesercenti","tag-quarta"],"_links":{"self":[{"href":"https:\/\/www.brundisium.net\/index.php\/wp-json\/wp\/v2\/posts\/96725","targetHints":{"allow":["GET"]}}],"collection":[{"href":"https:\/\/www.brundisium.net\/index.php\/wp-json\/wp\/v2\/posts"}],"about":[{"href":"https:\/\/www.brundisium.net\/index.php\/wp-json\/wp\/v2\/types\/post"}],"author":[{"embeddable":true,"href":"https:\/\/www.brundisium.net\/index.php\/wp-json\/wp\/v2\/users\/2"}],"replies":[{"embeddable":true,"href":"https:\/\/www.brundisium.net\/index.php\/wp-json\/wp\/v2\/comments?post=96725"}],"version-history":[{"count":2,"href":"https:\/\/www.brundisium.net\/index.php\/wp-json\/wp\/v2\/posts\/96725\/revisions"}],"predecessor-version":[{"id":96734,"href":"https:\/\/www.brundisium.net\/index.php\/wp-json\/wp\/v2\/posts\/96725\/revisions\/96734"}],"wp:featuredmedia":[{"embeddable":true,"href":"https:\/\/www.brundisium.net\/index.php\/wp-json\/wp\/v2\/media\/96727"}],"wp:attachment":[{"href":"https:\/\/www.brundisium.net\/index.php\/wp-json\/wp\/v2\/media?parent=96725"}],"wp:term":[{"taxonomy":"category","embeddable":true,"href":"https:\/\/www.brundisium.net\/index.php\/wp-json\/wp\/v2\/categories?post=96725"},{"taxonomy":"post_tag","embeddable":true,"href":"https:\/\/www.brundisium.net\/index.php\/wp-json\/wp\/v2\/tags?post=96725"}],"curies":[{"name":"wp","href":"https:\/\/api.w.org\/{rel}","templated":true}]}}