{"id":96900,"date":"2017-03-03T12:23:56","date_gmt":"2017-03-03T11:23:56","guid":{"rendered":"http:\/\/www.brundisium.net\/?p=96900"},"modified":"2017-03-03T12:23:57","modified_gmt":"2017-03-03T11:23:57","slug":"brindisiclassica-sabato-11-mimose-per-te-allistituto-alberghiero","status":"publish","type":"post","link":"https:\/\/www.brundisium.net\/index.php\/brindisiclassica-sabato-11-mimose-per-te-allistituto-alberghiero\/","title":{"rendered":"BrindisiClassica: sabato 11 &#8220;Mimose&#8230; per te&#8221; all&#8217;Istituto Alberghiero"},"content":{"rendered":"<p><em>Sabato 11 marzo 2017 (ore 20.00) &#8211; Istituto Alberghiero &#8220;S. Pertini&#8221; &#8211; BRINDISI<br \/>\n&#8220;MIMOSE &#8230; PER TE&#8221;<br \/>\nConcerto per la festa della donna 2017 con<br \/>\nFrancesco Manara (vl), Francesca Salvemini (fl), Giuseppe Carabellese (vlc)<br \/>\nPietro Laera (pf), Silvana Libardo (pf)<\/em><\/p>\n<p>&nbsp;<\/p>\n<p><a href=\"http:\/\/www.brundisium.net\/index.php\/brindisiclassica-sabato-11-mimose-per-te-allistituto-alberghiero\/mimose-per-te-1\/\" rel=\"attachment wp-att-96904\"><img loading=\"lazy\" decoding=\"async\" class=\"alignleft size-medium wp-image-96904\" src=\"http:\/\/www.brundisium.net\/brun\/wp-content\/uploads\/2017\/03\/mimose-per-te-1-300x249.jpg\" alt=\"\" width=\"300\" height=\"249\" srcset=\"https:\/\/www.brundisium.net\/brun\/wp-content\/uploads\/2017\/03\/mimose-per-te-1-300x249.jpg 300w, https:\/\/www.brundisium.net\/brun\/wp-content\/uploads\/2017\/03\/mimose-per-te-1.jpg 732w\" sizes=\"auto, (max-width: 300px) 100vw, 300px\" \/><\/a>&#8220;Mimose &#8230; per te&#8221; \u00e8 il titolo dell&#8217;esclusivo spettacolo musicale scelto da &#8220;BrindisiClassica&#8221; per celebrare la Giornata Internazionale della Donna, sabato 11 marzo (alle 20.00), nell&#8217;auditorium dell&#8217;Istituto Alberghiero &#8220;S. Pertini&#8221; di Brindisi, protagonisti cinque musicisti di primissimo piano, quali Francesco Manara, primo violino solista dell&#8217;Orchestra del Teatro alla Scala di Milano, il violoncellista Giuseppe Carabellese, la flautista Francesca Salvemini e i pianisti Pietro Laera e Silvana Libardo.<\/p>\n<p>&nbsp;<br \/>\nIn programma brani celebri di ogni epoca e genere: Debussy: Syrinx (fl solo); Kreisler: Recitative and scherzo-caprice (vl solo); Rolla: Duetto II per flauto e violino; Gershwin: The man I love (pf solo); Bach: Preludio dalla I suite per violoncello BWV 1007; Paganini: Variazioni sulla quarta corda su tema del Mos\u00e8 di Rossini (vlc, pf); de Falla: Danza rituale del fuoco (pf solo); Rossini: Ouverture da La Gazza ladra (pf a 4 mani); Saint-Sa\u00ebns: Introduzione e rond\u00f2 capriccioso (vl e pf); Haydn: London Trio n. 1 in do magg. (fl, vl, vlc); Piazzolla: Oblivion (vl, vlc. pf); Rota\/Morricone\/Piovani: Film music medley (fl, vl, vlc, pf a 4 mani).<\/p>\n<p>&nbsp;<br \/>\n<a href=\"http:\/\/www.brundisium.net\/index.php\/brindisiclassica-sabato-11-mimose-per-te-allistituto-alberghiero\/mimose-per-te-2\/\" rel=\"attachment wp-att-96905\"><img loading=\"lazy\" decoding=\"async\" class=\"size-medium wp-image-96905 alignright\" src=\"http:\/\/www.brundisium.net\/brun\/wp-content\/uploads\/2017\/03\/mimose-per-te-2-300x242.jpg\" alt=\"\" width=\"300\" height=\"242\" srcset=\"https:\/\/www.brundisium.net\/brun\/wp-content\/uploads\/2017\/03\/mimose-per-te-2-300x242.jpg 300w, https:\/\/www.brundisium.net\/brun\/wp-content\/uploads\/2017\/03\/mimose-per-te-2-768x619.jpg 768w, https:\/\/www.brundisium.net\/brun\/wp-content\/uploads\/2017\/03\/mimose-per-te-2.jpg 1008w\" sizes=\"auto, (max-width: 300px) 100vw, 300px\" \/><\/a>Francesco Manara \u00e8 stato premiato nei pi\u00f9 importanti concorsi internazionali. Scelto da Riccardo Muti, \u00e8 primo violino solista dell&#8217;Orchestra del Teatro Alla Scala di Milano dal 1992 e vanta una brillante carriera solistica con un centinaio d&#8217;orchestre tra le pi\u00f9 prestigiose del mondo. Suona un Giovanbattista Guadagnini del 1773.<\/p>\n<p>&nbsp;<br \/>\nFrancesca Salvemini si \u00e8 prodotta in importanti luoghi della musica in ogni parte del mondo, collaborando con orchestre e direttori di primissimo piano. Docente al Conservatorio di Cosenza, collabora alla direzione artistica di &#8220;BrindisiClassica&#8221;. Suona un Brannen-Cooper 14kt.<\/p>\n<p>&nbsp;<br \/>\nSilvana Libardo vanta un\u2019intensa attivit\u00e0 concertistica da solista, in formazioni cameristiche e con orchestra con artisti di chiara fama. Impegnata nella realizzazione di numerose iniziative nella diffusione della cultura musicale, \u00e8 Direttrice artistica di \u201cBrindisiClassica\u201d sin dalla prima edizione.<\/p>\n<p>&nbsp;<br \/>\nGiuseppe Carabellese, violoncellista virtuoso e incline alla ricerca e alla didattica, collabora con importanti artisti e orchestre ai pi\u00f9 alti livelli. Studioso dello Yoga, lo applica con successo ad un suo innovativo metodo didattico. Suona un Lorenzo Ventapane appartenuto al grande Arturo Bonucci.<\/p>\n<p>&nbsp;<br \/>\nPietro Laera, diplomatosi con lode e menzione al Conservatorio \u201cN. Piccinni\u201d di Bari, \u00e8 vincitore d&#8217;importanti concorsi pianistici nazionali e internazionali. Svolge un&#8217;intensa attivit\u00e0 concertistica per importanti Istituzioni musicali in Italia e all&#8217;estero, collaborando<\/p>\n","protected":false},"excerpt":{"rendered":"<p>Sabato 11 marzo 2017 (ore 20.00) &#8211; Istituto Alberghiero &#8220;S. Pertini&#8221; &#8211; BRINDISI &#8220;MIMOSE &#8230; PER TE&#8221; Concerto per la festa della donna 2017 con Francesco Manara (vl), Francesca Salvemini (fl), Giuseppe Carabellese (vlc) Pietro Laera (pf), Silvana Libardo (pf) &nbsp; &#8220;Mimose &#8230; per te&#8221; \u00e8 il titolo dell&#8217;esclusivo spettacolo musicale scelto da &#8220;BrindisiClassica&#8221; per celebrare la Giornata Internazionale della Donna, sabato 11 marzo (alle 20.00), nell&#8217;auditorium dell&#8217;Istituto Alberghiero &#8220;S. Pertini&#8221; di Brindisi, protagonisti cinque musicisti di primissimo piano, quali Francesco Manara, primo violino solista dell&#8217;Orchestra del Teatro alla Scala di Milano, il violoncellista Giuseppe Carabellese, la flautista Francesca Salvemini e i pianisti Pietro Laera e Silvana Libardo. &nbsp; In programma brani celebri di ogni epoca e genere: Debussy: Syrinx (fl solo); Kreisler: Recitative and scherzo-caprice (vl solo); Rolla: Duetto II per flauto e violino; Gershwin: The man I love (pf solo); Bach: Preludio dalla I suite per violoncello BWV 1007; Paganini: Variazioni sulla quarta corda su tema del Mos\u00e8 di Rossini (vlc, pf); de Falla: Danza rituale del fuoco&#8230;<\/p>\n","protected":false},"author":2,"featured_media":96904,"comment_status":"open","ping_status":"closed","sticky":false,"template":"","format":"standard","meta":{"footnotes":""},"categories":[189,7],"tags":[],"class_list":["post-96900","post","type-post","status-publish","format-standard","has-post-thumbnail","hentry","category-musica-2","category-news"],"_links":{"self":[{"href":"https:\/\/www.brundisium.net\/index.php\/wp-json\/wp\/v2\/posts\/96900","targetHints":{"allow":["GET"]}}],"collection":[{"href":"https:\/\/www.brundisium.net\/index.php\/wp-json\/wp\/v2\/posts"}],"about":[{"href":"https:\/\/www.brundisium.net\/index.php\/wp-json\/wp\/v2\/types\/post"}],"author":[{"embeddable":true,"href":"https:\/\/www.brundisium.net\/index.php\/wp-json\/wp\/v2\/users\/2"}],"replies":[{"embeddable":true,"href":"https:\/\/www.brundisium.net\/index.php\/wp-json\/wp\/v2\/comments?post=96900"}],"version-history":[{"count":2,"href":"https:\/\/www.brundisium.net\/index.php\/wp-json\/wp\/v2\/posts\/96900\/revisions"}],"predecessor-version":[{"id":96908,"href":"https:\/\/www.brundisium.net\/index.php\/wp-json\/wp\/v2\/posts\/96900\/revisions\/96908"}],"wp:featuredmedia":[{"embeddable":true,"href":"https:\/\/www.brundisium.net\/index.php\/wp-json\/wp\/v2\/media\/96904"}],"wp:attachment":[{"href":"https:\/\/www.brundisium.net\/index.php\/wp-json\/wp\/v2\/media?parent=96900"}],"wp:term":[{"taxonomy":"category","embeddable":true,"href":"https:\/\/www.brundisium.net\/index.php\/wp-json\/wp\/v2\/categories?post=96900"},{"taxonomy":"post_tag","embeddable":true,"href":"https:\/\/www.brundisium.net\/index.php\/wp-json\/wp\/v2\/tags?post=96900"}],"curies":[{"name":"wp","href":"https:\/\/api.w.org\/{rel}","templated":true}]}}