{"id":96966,"date":"2017-03-04T10:53:00","date_gmt":"2017-03-04T09:53:00","guid":{"rendered":"http:\/\/www.brundisium.net\/?p=96966"},"modified":"2017-03-04T10:53:38","modified_gmt":"2017-03-04T09:53:38","slug":"sicurezza-i-carabinieri-intensificano-i-controlli-maggiore-presenza-visibilita-e-mobilita","status":"publish","type":"post","link":"https:\/\/www.brundisium.net\/index.php\/sicurezza-i-carabinieri-intensificano-i-controlli-maggiore-presenza-visibilita-e-mobilita\/","title":{"rendered":"Sicurezza: i Carabinieri intensificano i controlli: maggiore presenza, visibilit\u00e0 e mobilit\u00e0"},"content":{"rendered":"<p><a href=\"http:\/\/www.brundisium.net\/index.php\/insulta-e-violenta-la-moglie-in-carcere-marito-violento\/carabinieri-2-2\/\" rel=\"attachment wp-att-96968\"><img loading=\"lazy\" decoding=\"async\" class=\"size-medium wp-image-96968 alignright\" src=\"http:\/\/www.brundisium.net\/brun\/wp-content\/uploads\/2017\/03\/carabinieri-2-225x300.jpg\" alt=\"\" width=\"225\" height=\"300\" srcset=\"https:\/\/www.brundisium.net\/brun\/wp-content\/uploads\/2017\/03\/carabinieri-2-225x300.jpg 225w, https:\/\/www.brundisium.net\/brun\/wp-content\/uploads\/2017\/03\/carabinieri-2.jpg 768w, https:\/\/www.brundisium.net\/brun\/wp-content\/uploads\/2017\/03\/carabinieri-2-300x400.jpg 300w\" sizes=\"auto, (max-width: 225px) 100vw, 225px\" \/><\/a>In attuazione delle determinazioni assunte in sede di Comitato Provinciale per l\u2019Ordine e la Sicurezza Pubblica, il Comando Provinciale Carabinieri di Brindisi ha incrementato il numero di servizi preventivi su tutto il territorio provinciale, privilegiando la vigilanza sugli obiettivi sensibili e sui luoghi di maggiore aggregazione.<\/p>\n<p>&nbsp;<\/p>\n<p>Maggiore visibilit\u00e0 e \u201cprossimit\u00e0\u201d, ma allo stesso tempo elevata mobilit\u00e0 sul territorio, \u00e8 questa la base della filosofia d\u2019impiego.<\/p>\n<p>&nbsp;<\/p>\n<p>Con particolare riferimento al capoluogo brindisino, \u00e8 stato attivato uno specifico presidio con l\u2019utilizzo di una Stazione Mobile in Piazza Crispi che soster\u00e0 &#8211; soprattutto nelle fasce orarie pi\u00f9 critiche &#8211; e sar\u00e0 il punto di riferimento e di snodo delle pattuglie a piedi che vigileranno il centro cittadino.<\/p>\n<p>&nbsp;<\/p>\n<p>Incrementato anche il numero dei servizi in abiti civili che, insieme alle pattuglie con i colori d\u2019istituto, avranno grande mobilit\u00e0 soprattutto nelle zone periferiche.<\/p>\n<p>&nbsp;<\/p>\n<p>L\u2019intero dispositivo a disposizione del Comando Provinciale \u00e8 stato inoltre rafforzato da unit\u00e0 speciali il cui impiego \u00e8 stato disposto dal Comando Generale dell\u2019Arma dei Carabinieri su specifica richiesta del Comandante Provinciale: si tratta delle pattuglie della Compagnia d\u2019Intervento Operativo (CIO) e delle Squadre Operative di Supporto (SOS), assetti specializzati dell\u201911\u00b0 Battaglione CC \u201cPuglia\u201d impiegati su tutto il territorio regionale (e non solo) per incrementare, anche da un punto id vista qualitativo, la proiezione esterna.<\/p>\n<p>&nbsp;<\/p>\n<p>\/c.s.<\/p>\n","protected":false},"excerpt":{"rendered":"<p>In attuazione delle determinazioni assunte in sede di Comitato Provinciale per l\u2019Ordine e la Sicurezza Pubblica, il Comando Provinciale Carabinieri di Brindisi ha incrementato il numero di servizi preventivi su tutto il territorio provinciale, privilegiando la vigilanza sugli obiettivi sensibili e sui luoghi di maggiore aggregazione. &nbsp; Maggiore visibilit\u00e0 e \u201cprossimit\u00e0\u201d, ma allo stesso tempo elevata mobilit\u00e0 sul territorio, \u00e8 questa la base della filosofia d\u2019impiego. &nbsp; Con particolare riferimento al capoluogo brindisino, \u00e8 stato attivato uno specifico presidio con l\u2019utilizzo di una Stazione Mobile in Piazza Crispi che soster\u00e0 &#8211; soprattutto nelle fasce orarie pi\u00f9 critiche &#8211; e sar\u00e0 il punto di riferimento e di snodo delle pattuglie a piedi che vigileranno il centro cittadino. &nbsp; Incrementato anche il numero dei servizi in abiti civili che, insieme alle pattuglie con i colori d\u2019istituto, avranno grande mobilit\u00e0 soprattutto nelle zone periferiche. &nbsp; L\u2019intero dispositivo a disposizione del Comando Provinciale \u00e8 stato inoltre rafforzato da unit\u00e0 speciali il cui impiego \u00e8 stato disposto dal Comando Generale dell\u2019Arma dei Carabinieri su specifica&#8230;<\/p>\n","protected":false},"author":2,"featured_media":96971,"comment_status":"open","ping_status":"closed","sticky":false,"template":"","format":"standard","meta":{"footnotes":""},"categories":[7],"tags":[62],"class_list":["post-96966","post","type-post","status-publish","format-standard","has-post-thumbnail","hentry","category-news","tag-carabinieri"],"_links":{"self":[{"href":"https:\/\/www.brundisium.net\/index.php\/wp-json\/wp\/v2\/posts\/96966","targetHints":{"allow":["GET"]}}],"collection":[{"href":"https:\/\/www.brundisium.net\/index.php\/wp-json\/wp\/v2\/posts"}],"about":[{"href":"https:\/\/www.brundisium.net\/index.php\/wp-json\/wp\/v2\/types\/post"}],"author":[{"embeddable":true,"href":"https:\/\/www.brundisium.net\/index.php\/wp-json\/wp\/v2\/users\/2"}],"replies":[{"embeddable":true,"href":"https:\/\/www.brundisium.net\/index.php\/wp-json\/wp\/v2\/comments?post=96966"}],"version-history":[{"count":1,"href":"https:\/\/www.brundisium.net\/index.php\/wp-json\/wp\/v2\/posts\/96966\/revisions"}],"predecessor-version":[{"id":96977,"href":"https:\/\/www.brundisium.net\/index.php\/wp-json\/wp\/v2\/posts\/96966\/revisions\/96977"}],"wp:featuredmedia":[{"embeddable":true,"href":"https:\/\/www.brundisium.net\/index.php\/wp-json\/wp\/v2\/media\/96971"}],"wp:attachment":[{"href":"https:\/\/www.brundisium.net\/index.php\/wp-json\/wp\/v2\/media?parent=96966"}],"wp:term":[{"taxonomy":"category","embeddable":true,"href":"https:\/\/www.brundisium.net\/index.php\/wp-json\/wp\/v2\/categories?post=96966"},{"taxonomy":"post_tag","embeddable":true,"href":"https:\/\/www.brundisium.net\/index.php\/wp-json\/wp\/v2\/tags?post=96966"}],"curies":[{"name":"wp","href":"https:\/\/api.w.org\/{rel}","templated":true}]}}