{"id":97210,"date":"2017-03-07T12:28:04","date_gmt":"2017-03-07T11:28:04","guid":{"rendered":"http:\/\/www.brundisium.net\/?p=97210"},"modified":"2017-03-07T12:28:04","modified_gmt":"2017-03-07T11:28:04","slug":"8-marzo-a-brindisi-un-corso-di-autodifesa-e-colonna-illuminata-di-rosa","status":"publish","type":"post","link":"https:\/\/www.brundisium.net\/index.php\/8-marzo-a-brindisi-un-corso-di-autodifesa-e-colonna-illuminata-di-rosa\/","title":{"rendered":"8 Marzo: a Brindisi un corso di autodifesa e Colonna illuminata di rosa"},"content":{"rendered":"<p>Due iniziative supportate dal Comune di Brindisi in occasione della Festa della donna. <\/p>\n<p>Con la collaborazione dell\u2019assessorato allo Sport, l\u2019associazione \u201cSport Center Morello\u201d organizza quattro lezioni di difesa personale femminile: il corso sar\u00e0 gratuito. Le lezioni, ognuna della durata di un\u2019ora, saranno tenute presso il Pala Zumbo (via de\u2019 Mille), nei giorni venerd\u00ec 10 marzo, venerd\u00ec 17 marzo, sabato 25 marzo e sabato 1 aprile 2017, sempre dalle ore 17 alle 18. Per iscriversi \u00e8 sufficiente telefonare all\u2019Ufficio Sport del Comune di Brindisi (0831.229344).<\/p>\n<p>Nella serata dell\u20198 marzo, inoltre, la Colonna romana sar\u00e0 illuminata di rosa per celebrare la Festa della donna. L\u2019illuminazione sar\u00e0 curata dall\u2019Energeko. <\/p>\n","protected":false},"excerpt":{"rendered":"<p>Due iniziative supportate dal Comune di Brindisi in occasione della Festa della donna. Con la collaborazione dell\u2019assessorato allo Sport, l\u2019associazione \u201cSport Center Morello\u201d organizza quattro lezioni di difesa personale femminile: il corso sar\u00e0 gratuito. Le lezioni, ognuna della durata di un\u2019ora, saranno tenute presso il Pala Zumbo (via de\u2019 Mille), nei giorni venerd\u00ec 10 marzo, venerd\u00ec 17 marzo, sabato 25 marzo e sabato 1 aprile 2017, sempre dalle ore 17 alle 18. Per iscriversi \u00e8 sufficiente telefonare all\u2019Ufficio Sport del Comune di Brindisi (0831.229344). Nella serata dell\u20198 marzo, inoltre, la Colonna romana sar\u00e0 illuminata di rosa per celebrare la Festa della donna. L\u2019illuminazione sar\u00e0 curata dall\u2019Energeko.<\/p>\n","protected":false},"author":2,"featured_media":34114,"comment_status":"open","ping_status":"closed","sticky":false,"template":"","format":"standard","meta":{"footnotes":""},"categories":[7],"tags":[1108,37],"class_list":["post-97210","post","type-post","status-publish","format-standard","has-post-thumbnail","hentry","category-news","tag-8-marzo","tag-comune-di-brindisi"],"_links":{"self":[{"href":"https:\/\/www.brundisium.net\/index.php\/wp-json\/wp\/v2\/posts\/97210","targetHints":{"allow":["GET"]}}],"collection":[{"href":"https:\/\/www.brundisium.net\/index.php\/wp-json\/wp\/v2\/posts"}],"about":[{"href":"https:\/\/www.brundisium.net\/index.php\/wp-json\/wp\/v2\/types\/post"}],"author":[{"embeddable":true,"href":"https:\/\/www.brundisium.net\/index.php\/wp-json\/wp\/v2\/users\/2"}],"replies":[{"embeddable":true,"href":"https:\/\/www.brundisium.net\/index.php\/wp-json\/wp\/v2\/comments?post=97210"}],"version-history":[{"count":1,"href":"https:\/\/www.brundisium.net\/index.php\/wp-json\/wp\/v2\/posts\/97210\/revisions"}],"predecessor-version":[{"id":97214,"href":"https:\/\/www.brundisium.net\/index.php\/wp-json\/wp\/v2\/posts\/97210\/revisions\/97214"}],"wp:featuredmedia":[{"embeddable":true,"href":"https:\/\/www.brundisium.net\/index.php\/wp-json\/wp\/v2\/media\/34114"}],"wp:attachment":[{"href":"https:\/\/www.brundisium.net\/index.php\/wp-json\/wp\/v2\/media?parent=97210"}],"wp:term":[{"taxonomy":"category","embeddable":true,"href":"https:\/\/www.brundisium.net\/index.php\/wp-json\/wp\/v2\/categories?post=97210"},{"taxonomy":"post_tag","embeddable":true,"href":"https:\/\/www.brundisium.net\/index.php\/wp-json\/wp\/v2\/tags?post=97210"}],"curies":[{"name":"wp","href":"https:\/\/api.w.org\/{rel}","templated":true}]}}