{"id":97283,"date":"2017-03-07T19:28:46","date_gmt":"2017-03-07T18:28:46","guid":{"rendered":"http:\/\/www.brundisium.net\/?p=97283"},"modified":"2017-03-07T19:30:06","modified_gmt":"2017-03-07T18:30:06","slug":"produrre-salute-a-partire-dai-bisogni-se-ne-parla-da-ostuni","status":"publish","type":"post","link":"https:\/\/www.brundisium.net\/index.php\/produrre-salute-a-partire-dai-bisogni-se-ne-parla-da-ostuni\/","title":{"rendered":"Produrre salute a partire dai bisogni: se ne parla da Ostuni"},"content":{"rendered":"<p>Venerd\u00ec prossimo 10 marzo a partire dalle 9:30 la Chiesa delle Monacelle, nel centro storico di Ostuni, ospiter\u00e0 il convegno sul tema: \u201cProdurre salute a partire dai bisogni. La sanit\u00e0 pugliese tra epidemiologia, cittadinanza e politica\u201d.<br \/>\nIl convegno \u00e8 organizzato dal Comune di Ostuni, assessorato alle Politiche sociali in collaborazione con il Forum della societ\u00e0 civile, la Asl e l\u2019Ordine dei Medici della Provincia di Brindisi e l\u2019Istituzione Museo di Civilt\u00e0 Preclassiche della Murgia Meridionale. Coordinatori del convegno sono il prof. Francesco Calamo Specchia ed il dott. Franco Colizzi.<\/p>\n<p>&nbsp;<br \/>\nNella prima parte dei lavori verr\u00e0 illustrato il Progetto curato dal Prof. Calamo Specchia. Subito dopo ricercatori e studiosi di diversi orientamenti analizzeranno come gli sguardi diversi delle loro rispettive discipline possono contribuire alla selezione tra gli indicatori di Atlante di un set utilizzabile per approntare una ipotesi di applicabilit\u00e0 in campo.<\/p>\n<p>&nbsp;<br \/>\nSono previsti gli interventi di Anna Maria Rizzo, Docente Universit\u00e0 del Salento, Cataldo Scarnera, Dirigente Sede territoriale ISTAT per la Puglia, Fabrizio Bianchi, Responsabile Unit\u00e0 di Epidemiologia ambientale e registri di patologia, IFC-CNR, Pisa, Ottavio Narracci, Direttore Generale ASL BAT. Le conclusioni saranno affidate a Giancarlo Ruscitti, Direttore Dipartimento Regione Puglia Promozione della Salute.<\/p>\n<p>&nbsp;<br \/>\nNella seconda parte rappresentanti delle forze sociali e dell\u2019associazionismo, delle istituzioni territoriali e della sanit\u00e0 pubblica regionale discuteranno della possibilit\u00e0 di attivare un intervento pilota di applicazione di Atlante a livello di Comune, di Asl o regionale.<\/p>\n<p>&nbsp;<br \/>\nDopo l\u2019intervento del dott. Colizzi si aprir\u00e0 il dibattito alla presenza dei Sindaci dei comuni di Ostuni, Francavilla Fontana e Brindisi con la partecipazione del direttore generale della Asl di Brindisi. Moderatore dell\u2019incontro sar\u00e0 il presidente del Forum della Societ\u00e0 Civile, Enzo Cappetta. Le conclusioni saranno affidate a Giovanni Gorgoni, commissario straordinario ARES Puglia.<\/p>\n<p>&nbsp;<br \/>\nDa ormai gran tempo l\u2019OMS definisce la salute non solo come normalit\u00e0 biofisica, ma come completo stato di benessere anche psichico e sociale; e definisce l\u2019ambiente non solo come mero sfondo naturale della vita umana, ma come insieme di tutti i fattori eterogenei (sociali, culturali, istituzionali\/organizzativi, economici, antropologici, ecc.) che influiscono positivamente o negativamente sulla salute.<\/p>\n<p>&nbsp;<br \/>\nDeterminanti positivi e negativi per la salute sono cio\u00e8 presenti ai livelli pi\u00f9 vari della vita dei singoli e delle collettivit\u00e0; e occorre identificarli a qualunque livello essi siano, per poter intervenire ad ognuno di tali livelli per contrastare quelli negativi e promuovere quelli positivi.<\/p>\n<p>&nbsp;<br \/>\nPer tale identificazione non pu\u00f2 bastare quindi l\u2019approccio epidemiologico \u201cclassico\u201d, mirato sulla rilevazione di dati di morbosit\u00e0, mortalit\u00e0 e rischio biologico\/ambientale in aria-acqua-suolo; ma serve un nuovo modello di analisi di contesto metadisciplinare che metta a confronto diverse scienze per costruire un sistema di rilevazione integrato mirato sull\u2019ambiente nel senso lato in cui lo definisce l\u2019OMS.<\/p>\n<p>&nbsp;<br \/>\nUn tentativo di identificazione di tale modello \u00e8 stato compiuto con il \u201cProgetto Atlante\u201d dall\u2019Ordine dei Medici di Brindisi: una analisi e una discussione del progetto, e della sua potenzialit\u00e0 come strumento per favorire una espressione ragionata delle richieste dei cittadini e una verifica delle risposte delle istituzioni, costituisce l\u2019obiettivo di questo convegno.<\/p>\n<p>&nbsp;<\/p>\n<p>&nbsp;<\/p>\n","protected":false},"excerpt":{"rendered":"<p>Venerd\u00ec prossimo 10 marzo a partire dalle 9:30 la Chiesa delle Monacelle, nel centro storico di Ostuni, ospiter\u00e0 il convegno sul tema: \u201cProdurre salute a partire dai bisogni. La sanit\u00e0 pugliese tra epidemiologia, cittadinanza e politica\u201d. Il convegno \u00e8 organizzato dal Comune di Ostuni, assessorato alle Politiche sociali in collaborazione con il Forum della societ\u00e0 civile, la Asl e l\u2019Ordine dei Medici della Provincia di Brindisi e l\u2019Istituzione Museo di Civilt\u00e0 Preclassiche della Murgia Meridionale. Coordinatori del convegno sono il prof. Francesco Calamo Specchia ed il dott. Franco Colizzi. &nbsp; Nella prima parte dei lavori verr\u00e0 illustrato il Progetto curato dal Prof. Calamo Specchia. Subito dopo ricercatori e studiosi di diversi orientamenti analizzeranno come gli sguardi diversi delle loro rispettive discipline possono contribuire alla selezione tra gli indicatori di Atlante di un set utilizzabile per approntare una ipotesi di applicabilit\u00e0 in campo. &nbsp; Sono previsti gli interventi di Anna Maria Rizzo, Docente Universit\u00e0 del Salento, Cataldo Scarnera, Dirigente Sede territoriale ISTAT per la Puglia, Fabrizio Bianchi, Responsabile Unit\u00e0 di Epidemiologia&#8230;<\/p>\n","protected":false},"author":2,"featured_media":97284,"comment_status":"open","ping_status":"closed","sticky":false,"template":"","format":"standard","meta":{"footnotes":""},"categories":[7],"tags":[53],"class_list":["post-97283","post","type-post","status-publish","format-standard","has-post-thumbnail","hentry","category-news","tag-ostuni"],"_links":{"self":[{"href":"https:\/\/www.brundisium.net\/index.php\/wp-json\/wp\/v2\/posts\/97283","targetHints":{"allow":["GET"]}}],"collection":[{"href":"https:\/\/www.brundisium.net\/index.php\/wp-json\/wp\/v2\/posts"}],"about":[{"href":"https:\/\/www.brundisium.net\/index.php\/wp-json\/wp\/v2\/types\/post"}],"author":[{"embeddable":true,"href":"https:\/\/www.brundisium.net\/index.php\/wp-json\/wp\/v2\/users\/2"}],"replies":[{"embeddable":true,"href":"https:\/\/www.brundisium.net\/index.php\/wp-json\/wp\/v2\/comments?post=97283"}],"version-history":[{"count":1,"href":"https:\/\/www.brundisium.net\/index.php\/wp-json\/wp\/v2\/posts\/97283\/revisions"}],"predecessor-version":[{"id":97285,"href":"https:\/\/www.brundisium.net\/index.php\/wp-json\/wp\/v2\/posts\/97283\/revisions\/97285"}],"wp:featuredmedia":[{"embeddable":true,"href":"https:\/\/www.brundisium.net\/index.php\/wp-json\/wp\/v2\/media\/97284"}],"wp:attachment":[{"href":"https:\/\/www.brundisium.net\/index.php\/wp-json\/wp\/v2\/media?parent=97283"}],"wp:term":[{"taxonomy":"category","embeddable":true,"href":"https:\/\/www.brundisium.net\/index.php\/wp-json\/wp\/v2\/categories?post=97283"},{"taxonomy":"post_tag","embeddable":true,"href":"https:\/\/www.brundisium.net\/index.php\/wp-json\/wp\/v2\/tags?post=97283"}],"curies":[{"name":"wp","href":"https:\/\/api.w.org\/{rel}","templated":true}]}}