{"id":97521,"date":"2017-03-10T12:04:39","date_gmt":"2017-03-10T11:04:39","guid":{"rendered":"http:\/\/www.brundisium.net\/?p=97521"},"modified":"2017-03-12T23:05:36","modified_gmt":"2017-03-12T22:05:36","slug":"il-sangue-del-venditore-di-rose-giustifica-la-nostra-coscienza-di-oreste-pinto","status":"publish","type":"post","link":"https:\/\/www.brundisium.net\/index.php\/il-sangue-del-venditore-di-rose-giustifica-la-nostra-coscienza-di-oreste-pinto\/","title":{"rendered":"Il sangue del venditore di rose giustifica la nostra coscienza. Di Oreste Pinto"},"content":{"rendered":"<p>Chi non \u00e8 rimasto colpito dall&#8217;aggressione dell&#8217;8 Marzo al venditore di mimose?<br \/>\nOvviamente nessuno.<br \/>\nMa se chiedessimo &#8220;perch\u00e9\u00a0sei rimasto colpito?&#8221;, la risposta diventerebbe pi\u00f9 profonda e, certamente, pi\u00f9 variegata.<br \/>\nCome testimoniano i soliti comunicati politici o le centinaia di commenti sui social network, ognuno ha la propria motivazione.<\/p>\n<p>I\u00a0razzisti, quelli che li riconosci perch\u00e9 iniziano la frase con &#8220;io non sono razzista, ma&#8230;&#8221;,\u00a0 si mostrano dispiaciuti, si dicono solidali con l&#8217;aggredito e prendono le distanze dall&#8217;aggressore. Salvo, poi, tornare\u00a0presto in s\u00e9 e rivendicare &#8220;precedenza&#8221; per gli italiani o puntare il dito &#8220;contro l&#8217;immigrazione sfrenata&#8221;.<\/p>\n<p>Dal lato opposto\u00a0non manca l&#8217;opinione\u00a0di chi\u00a0&#8211; per formazione politica e sociale &#8211; giustificherebbe il &#8220;nero&#8221;, il &#8220;diverso&#8221;,\u00a0il &#8220;debole&#8221;, anche quando confessa di aver commesso un reato efferato&#8230; figuriamoci se non lo fa quando viene fuori col volto insanguinato.<\/p>\n<p>&nbsp;<\/p>\n<p>Come ovvio, alla base di ogni libera espressione di pensiero c&#8217;\u00e8 sempre il &#8220;sentire&#8221; personale,\u00a0lo stato d&#8217;animo che\u00a0proviene dal\u00a0vissuto\u00a0che ognuno ha.<\/p>\n<p>Peccato che la vicenda in s\u00e8, pi\u00f9 che lo stato d&#8217;animo di un singolo, riguarda lo Stato di Diritto. Quello di tutti!<\/p>\n<p>Ed in uno Stato di Diritto degno di chiamarsi tale, ogni singola presa di posizione non dovrebbe mai essere condizionata dal colore della pelle, dalla religione o dalla nazionalit\u00e0 di uno dei protagonisti del fatto di cronaca.<\/p>\n<p>&nbsp;<\/p>\n<p>Invece, in questa folle\u00a0realt\u00e0\u00a0succede sempre il contrario.<\/p>\n<p>E&#8217; come se avessimo paura di riflettere a voce alta che quanto accaduto \u00e8 soprattutto una guerra tra venditori abusivi.<br \/>\nUn tizio\u00a0massacra di botte un altro tizio per rivendicare un diritto che\u00a0nessuno dei due possiede!<br \/>\nS\u00ec, perch\u00e9 anche chi ha subito l&#8217;aggressione\u00a0\u00e8 un abusivo, uno di quelli che &#8220;fa concorrenza&#8221; ai\u00a0fiorai che pagano le tasse, uno di quelli che chiude la catena criminale del racket dei fiori.<br \/>\nUn poveraccio certo, ma pur sempre una persona\u00a0che sbarca il lunario vivendo nell&#8217;illegalit\u00e0.<\/p>\n<p>&nbsp;<\/p>\n<p>Qualche lettore\u00a0\u00a0star\u00e0 pensando che quella \u00e8 &#8220;illegalit\u00e0 minima&#8221;, che c&#8217;\u00e8 di ben peggio.<br \/>\nMa non\u00a0\u00e8 lo stesso pensiero di chi giustificava il contrabbando\u00a0e, ancora oggi, rimpiange quel periodo perch\u00e9 &#8220;giravano i soldi&#8221;? \u00a0Non \u00e8 lo stesso pensiero di chi si indigna per la politica e poi vota sempre il solito amico o l&#8217;amico dell&#8217;amico che gli promette il &#8220;posto&#8221;?<\/p>\n<p>Se siamo ridotti cos\u00ec, non sar\u00e0 anche\u00a0perch\u00e9 i cittadini di Brindisi &#8211;\u00a0molto pi\u00f9 che altre\u00a0realt\u00e0 in\u00a0Italia\u00a0&#8211;\u00a0hanno sempre giustificato e tollerato l&#8217;illegalit\u00e0? Da quella piccola del venditore di sigarette a quelle\u00a0pi\u00f9 gravi del pregiudicato che chiede il pizzo o\u00a0dell&#8217;azienda che inquina&#8230;<\/p>\n<p>&nbsp;<\/p>\n<p>E&#8217;\u00a0che, nei nostri discorsi,\u00a0ci serve sempre la presenza\u00a0di un &#8220;debole&#8221;. Non importa\u00a0se vittima o carnefice.<br \/>\nIn ogni caso ci lava la coscienza.<br \/>\nEvita\u00a0di farci riflettere su ci\u00f2 che accade in una citt\u00e0 dove l&#8217;illegalit\u00e0 regna sovrana e nessuno denuncia.<\/p>\n<p>Per dirne una, siamo l&#8217;unica citt\u00e0 al mondo in cui, nei parcheggi di stadio e palasport, gli abusivi &#8220;lavorano&#8221; fianco a fianco con le forze dell&#8217;ordine ed i regolari della Multiservizi. E se c&#8217;\u00e8 da pagare l&#8217;illegale invece che la societ\u00e0 partecipata dal Comune, il cittadino\u00a0lo paga senza fiatare. Poi magari va su facebook\u00a0e vomita insulti verso\u00a0il\u00a0Sindaco\u00a0che &#8220;tappa&#8221; il buco della municipalizzata con i soldi nostri o verso lo Stato che non ci tutela contro l&#8217;illegalit\u00e0 e l&#8217;evasione.<\/p>\n<p>&nbsp;<\/p>\n<p>Insomma, che il\u00a0discorso si sposti sul venditore di rose, sul suo colore della pelle, sulla sua debolezza,\u00a0costituisce un alibi.<br \/>\nAlleggerisce la nostra posizione di omertosi davanti all&#8217;illegalit\u00e0 diffusa.<\/p>\n<p>Crea le condizioni per sentirci\u00a0&#8220;tipici brindisini&#8221;. Quei\u00a0portatori sani di un&#8217;ipocrisia che shakera\u00a0tranquillamente giustificazioni (&#8220;devono campare&#8221;) e accuse (&#8220;Brindisi\u00a0\u00e8 bella, sono alcuni brindisini che la rovinano&#8221;).<br \/>\nCos\u00ec, a targhe alterne, possiamo andare d&#8217;accordo con tutti e vivere sereni.<br \/>\nTanto le cose non le cambi da solo&#8230;<\/p>\n<p>&nbsp;<\/p>\n<p><em><strong>Oreste Pinto<\/strong><\/em><\/p>\n","protected":false},"excerpt":{"rendered":"<p>Chi non \u00e8 rimasto colpito dall&#8217;aggressione dell&#8217;8 Marzo al venditore di mimose? Ovviamente nessuno. Ma se chiedessimo &#8220;perch\u00e9\u00a0sei rimasto colpito?&#8221;, la risposta diventerebbe pi\u00f9 profonda e, certamente, pi\u00f9 variegata. Come testimoniano i soliti comunicati politici o le centinaia di commenti sui social network, ognuno ha la propria motivazione. I\u00a0razzisti, quelli che li riconosci perch\u00e9 iniziano la frase con &#8220;io non sono razzista, ma&#8230;&#8221;,\u00a0 si mostrano dispiaciuti, si dicono solidali con l&#8217;aggredito e prendono le distanze dall&#8217;aggressore. Salvo, poi, tornare\u00a0presto in s\u00e9 e rivendicare &#8220;precedenza&#8221; per gli italiani o puntare il dito &#8220;contro l&#8217;immigrazione sfrenata&#8221;. Dal lato opposto\u00a0non manca l&#8217;opinione\u00a0di chi\u00a0&#8211; per formazione politica e sociale &#8211; giustificherebbe il &#8220;nero&#8221;, il &#8220;diverso&#8221;,\u00a0il &#8220;debole&#8221;, anche quando confessa di aver commesso un reato efferato&#8230; figuriamoci se non lo fa quando viene fuori col volto insanguinato. &nbsp; Come ovvio, alla base di ogni libera espressione di pensiero c&#8217;\u00e8 sempre il &#8220;sentire&#8221; personale,\u00a0lo stato d&#8217;animo che\u00a0proviene dal\u00a0vissuto\u00a0che ognuno ha. Peccato che la vicenda in s\u00e8, pi\u00f9 che lo stato d&#8217;animo di un singolo, riguarda lo&#8230;<\/p>\n","protected":false},"author":2,"featured_media":97367,"comment_status":"open","ping_status":"closed","sticky":false,"template":"","format":"standard","meta":{"footnotes":""},"categories":[9],"tags":[3600,3599],"class_list":["post-97521","post","type-post","status-publish","format-standard","has-post-thumbnail","hentry","category-interventi","tag-oreste-pinto","tag-venditore-rose"],"_links":{"self":[{"href":"https:\/\/www.brundisium.net\/index.php\/wp-json\/wp\/v2\/posts\/97521","targetHints":{"allow":["GET"]}}],"collection":[{"href":"https:\/\/www.brundisium.net\/index.php\/wp-json\/wp\/v2\/posts"}],"about":[{"href":"https:\/\/www.brundisium.net\/index.php\/wp-json\/wp\/v2\/types\/post"}],"author":[{"embeddable":true,"href":"https:\/\/www.brundisium.net\/index.php\/wp-json\/wp\/v2\/users\/2"}],"replies":[{"embeddable":true,"href":"https:\/\/www.brundisium.net\/index.php\/wp-json\/wp\/v2\/comments?post=97521"}],"version-history":[{"count":13,"href":"https:\/\/www.brundisium.net\/index.php\/wp-json\/wp\/v2\/posts\/97521\/revisions"}],"predecessor-version":[{"id":97585,"href":"https:\/\/www.brundisium.net\/index.php\/wp-json\/wp\/v2\/posts\/97521\/revisions\/97585"}],"wp:featuredmedia":[{"embeddable":true,"href":"https:\/\/www.brundisium.net\/index.php\/wp-json\/wp\/v2\/media\/97367"}],"wp:attachment":[{"href":"https:\/\/www.brundisium.net\/index.php\/wp-json\/wp\/v2\/media?parent=97521"}],"wp:term":[{"taxonomy":"category","embeddable":true,"href":"https:\/\/www.brundisium.net\/index.php\/wp-json\/wp\/v2\/categories?post=97521"},{"taxonomy":"post_tag","embeddable":true,"href":"https:\/\/www.brundisium.net\/index.php\/wp-json\/wp\/v2\/tags?post=97521"}],"curies":[{"name":"wp","href":"https:\/\/api.w.org\/{rel}","templated":true}]}}