{"id":97556,"date":"2017-03-10T13:40:07","date_gmt":"2017-03-10T12:40:07","guid":{"rendered":"http:\/\/www.brundisium.net\/?p=97556"},"modified":"2017-03-11T11:03:47","modified_gmt":"2017-03-11T10:03:47","slug":"telecamere-nella-zona-pip-di-francavilla-ce-laccordo-tra-asi-e-comune","status":"publish","type":"post","link":"https:\/\/www.brundisium.net\/index.php\/telecamere-nella-zona-pip-di-francavilla-ce-laccordo-tra-asi-e-comune\/","title":{"rendered":"Telecamere nella zona Pip di Francavilla: c&#8217;\u00e8 l&#8217;accordo tra Asi e Comune"},"content":{"rendered":"<p>L\u2019area produttiva Pip di Francavilla Fontana potrebbe presto avere il suo, troppo a lungo atteso, sistema di videosorveglianza.<\/p>\n<p>&nbsp;<\/p>\n<p>Lo rende noto il vicesindaco Luigi Galiano dopo aver ricevuto parere favorevole dal presidente del Consorzio Asi di Brindisi Domenico Bianco alla sua richiesta di installare 8 telecamere collegate alle \u201cControl Room\u201d e con lettura targhe, nell\u2019area di via Grottaglie che accoglie i principali insediamenti produttivi di Francavilla Fontana.<\/p>\n<p>&nbsp;<br \/>\n\u201cLa disponibilit\u00e0 del consorzio a finanziare l\u2019installazione del sistema di videosorveglianza \u2013 spiega Galiano \u2013 non era per nulla scontata, dal momento che parliamo di un\u2019area che non \u00e8 di pertinenza Asi. Anzi, negli anni scorsi le telecamere spettanti a noi sono state dirottate su Fasano poich\u00e9, come noto, la nostra area Asi \u00e8 di fatto priva di aziende a causa dei vincoli idrogeologici esistenti. Per questo assume ancora pi\u00f9 valore la disponibilit\u00e0 a finanziare il progetto data dal presidente Bianco per la zona Pip di Francavilla. Veniamo da anni, anzi decenni, durante i quali nulla \u00e8 stato fatto per la nostra area Asi e per la zona industriale.<\/p>\n<p>&nbsp;<\/p>\n<p>In pochi mesi io e l\u2019amministrazione guidata dal sindaco Maurizio Bruno abbiamo invece incardinato il progetto per la rimozione del vincolo idrogeologico dall\u2019area Asi e adesso siamo a un passo dall\u2019ottenere finalmente le agognate telecamere nella zona Pip, da sempre funestata dalle impunite scorribande dei ladri\u201d. \u201cColgo quindi questa importante occasione \u2013 conclude il vicesindaco \u2013 per ringraziare il presidente Bianco e rivendicare con orgoglio l\u2019elezione di un grande imprenditore francavillese alla guida del consorzio Asi. Per noi questa immediata e concreta ricaduta positiva sul territorio di Francavilla \u00e8 la migliore risposta possibile a chi, evidentemente, non ha avuto la nostra stessa lungimiranza e capacit\u00e0 di anteporre gli interessi della nostra citt\u00e0 a qualunque altro interesse possibile\u201d.<\/p>\n<p>&nbsp;<br \/>\n\u201cIn attesa di portare a termine l\u2019iter intrapreso \u2013 si legge nella nota di risposta del presidente Asi \u2013 al fine di valutare la possibilit\u00e0 dell\u2019installazione di una prima postazione di videosorveglianza collegata alla \u2018Control Room\u2019, sar\u00e0 effettuato nei prossimi giorni un sopralluogo da parte del Servizio Tecnico consortile\u201d.<\/p>\n<p>&nbsp;<\/p>\n<p>&nbsp;<\/p>\n<p>Francavilla Fontana<\/p>\n","protected":false},"excerpt":{"rendered":"<p>L\u2019area produttiva Pip di Francavilla Fontana potrebbe presto avere il suo, troppo a lungo atteso, sistema di videosorveglianza. &nbsp; Lo rende noto il vicesindaco Luigi Galiano dopo aver ricevuto parere favorevole dal presidente del Consorzio Asi di Brindisi Domenico Bianco alla sua richiesta di installare 8 telecamere collegate alle \u201cControl Room\u201d e con lettura targhe, nell\u2019area di via Grottaglie che accoglie i principali insediamenti produttivi di Francavilla Fontana. &nbsp; \u201cLa disponibilit\u00e0 del consorzio a finanziare l\u2019installazione del sistema di videosorveglianza \u2013 spiega Galiano \u2013 non era per nulla scontata, dal momento che parliamo di un\u2019area che non \u00e8 di pertinenza Asi. Anzi, negli anni scorsi le telecamere spettanti a noi sono state dirottate su Fasano poich\u00e9, come noto, la nostra area Asi \u00e8 di fatto priva di aziende a causa dei vincoli idrogeologici esistenti. Per questo assume ancora pi\u00f9 valore la disponibilit\u00e0 a finanziare il progetto data dal presidente Bianco per la zona Pip di Francavilla. Veniamo da anni, anzi decenni, durante i quali nulla \u00e8 stato fatto per la&#8230;<\/p>\n","protected":false},"author":2,"featured_media":97566,"comment_status":"open","ping_status":"closed","sticky":false,"template":"","format":"standard","meta":{"footnotes":""},"categories":[7],"tags":[218,27],"class_list":["post-97556","post","type-post","status-publish","format-standard","has-post-thumbnail","hentry","category-news","tag-asi","tag-francavilla"],"_links":{"self":[{"href":"https:\/\/www.brundisium.net\/index.php\/wp-json\/wp\/v2\/posts\/97556","targetHints":{"allow":["GET"]}}],"collection":[{"href":"https:\/\/www.brundisium.net\/index.php\/wp-json\/wp\/v2\/posts"}],"about":[{"href":"https:\/\/www.brundisium.net\/index.php\/wp-json\/wp\/v2\/types\/post"}],"author":[{"embeddable":true,"href":"https:\/\/www.brundisium.net\/index.php\/wp-json\/wp\/v2\/users\/2"}],"replies":[{"embeddable":true,"href":"https:\/\/www.brundisium.net\/index.php\/wp-json\/wp\/v2\/comments?post=97556"}],"version-history":[{"count":1,"href":"https:\/\/www.brundisium.net\/index.php\/wp-json\/wp\/v2\/posts\/97556\/revisions"}],"predecessor-version":[{"id":97567,"href":"https:\/\/www.brundisium.net\/index.php\/wp-json\/wp\/v2\/posts\/97556\/revisions\/97567"}],"wp:featuredmedia":[{"embeddable":true,"href":"https:\/\/www.brundisium.net\/index.php\/wp-json\/wp\/v2\/media\/97566"}],"wp:attachment":[{"href":"https:\/\/www.brundisium.net\/index.php\/wp-json\/wp\/v2\/media?parent=97556"}],"wp:term":[{"taxonomy":"category","embeddable":true,"href":"https:\/\/www.brundisium.net\/index.php\/wp-json\/wp\/v2\/categories?post=97556"},{"taxonomy":"post_tag","embeddable":true,"href":"https:\/\/www.brundisium.net\/index.php\/wp-json\/wp\/v2\/tags?post=97556"}],"curies":[{"name":"wp","href":"https:\/\/api.w.org\/{rel}","templated":true}]}}