{"id":97637,"date":"2017-03-11T11:57:26","date_gmt":"2017-03-11T10:57:26","guid":{"rendered":"http:\/\/www.brundisium.net\/?p=97637"},"modified":"2017-03-11T12:47:09","modified_gmt":"2017-03-11T11:47:09","slug":"emergenza-xylella-tra-zona-infetta-e-zona-di-contenimento-se-ne-parla-lunedi-a-latiano","status":"publish","type":"post","link":"https:\/\/www.brundisium.net\/index.php\/emergenza-xylella-tra-zona-infetta-e-zona-di-contenimento-se-ne-parla-lunedi-a-latiano\/","title":{"rendered":"Emergenza Xylella \u2013 tra zona infetta e zona di contenimento: se ne parla luned\u00ec a Latiano"},"content":{"rendered":"<p>Luned\u00ec 13 marzo alle 17.00 al Teatro Olmi di Latiano \u00e8 in programma il convegno \u201cEmergenza Xylella \u2013 Tra zona infetta e zona di contenimento\u201d.<\/p>\n<p>&nbsp;<br \/>\nL\u2019incontro, che sar\u00e0 moderato dal Presidente del Consiglio Comunale di Latiano Gabriele Argentieri, si concentrer\u00e0 sugli aspetti legati alla conoscenza e alla prevenzione della Xylella nelle campagne del territorio.<\/p>\n<p>&nbsp;<br \/>\nDopo i saluti del Sindaco Cosimo Maiorano e degli Assessori Mauro Vitale e Michele Locorotondo, aprir\u00e0 l\u2019incontro la relazione del dott. Gianluigi Cesari, segretario Task Force CO.DI.RO della Regione Puglia, che illustrer\u00e0 l\u2019applicazione delle misure fitosanitarie per l\u2019eradicazione ed il contenimento.<\/p>\n<p>&nbsp;<br \/>\nA seguire prender\u00e0 la parola in prof. Marco Scortichini, direttore dell\u2019unit\u00e0 di ricerca per la Frutticolutura \u2013 CREA di Caserta, che relazioner\u00e0 sulle Strategie di Contenimento della Xylella e prove sul campo in oliveti salentini.<\/p>\n<p>&nbsp;<br \/>\nChiuder\u00e0 il convegno il prof. Salvatore Camposeo, docente di arboricoltura generale all\u2019Universit\u00e0 degli Studi di Bari presso il Dipartimento di Scienze Agro Ambientali e Territoriali, che spiegher\u00e0 come ripartire con l\u2019olivo e le altre colture arboree nelle aree affette da Xylella.<br \/>\nIngresso Libero e Gratuito.<br \/>\nEvento a cura degli Assessorati alle Attivit\u00e0 Produttive, all\u2019Agricoltura e all\u2019Ambiente del comune di Latiano.<\/p>\n","protected":false},"excerpt":{"rendered":"<p>Luned\u00ec 13 marzo alle 17.00 al Teatro Olmi di Latiano \u00e8 in programma il convegno \u201cEmergenza Xylella \u2013 Tra zona infetta e zona di contenimento\u201d. &nbsp; L\u2019incontro, che sar\u00e0 moderato dal Presidente del Consiglio Comunale di Latiano Gabriele Argentieri, si concentrer\u00e0 sugli aspetti legati alla conoscenza e alla prevenzione della Xylella nelle campagne del territorio. &nbsp; Dopo i saluti del Sindaco Cosimo Maiorano e degli Assessori Mauro Vitale e Michele Locorotondo, aprir\u00e0 l\u2019incontro la relazione del dott. Gianluigi Cesari, segretario Task Force CO.DI.RO della Regione Puglia, che illustrer\u00e0 l\u2019applicazione delle misure fitosanitarie per l\u2019eradicazione ed il contenimento. &nbsp; A seguire prender\u00e0 la parola in prof. Marco Scortichini, direttore dell\u2019unit\u00e0 di ricerca per la Frutticolutura \u2013 CREA di Caserta, che relazioner\u00e0 sulle Strategie di Contenimento della Xylella e prove sul campo in oliveti salentini. &nbsp; Chiuder\u00e0 il convegno il prof. Salvatore Camposeo, docente di arboricoltura generale all\u2019Universit\u00e0 degli Studi di Bari presso il Dipartimento di Scienze Agro Ambientali e Territoriali, che spiegher\u00e0 come ripartire con l\u2019olivo e le altre colture arboree&#8230;<\/p>\n","protected":false},"author":2,"featured_media":57209,"comment_status":"open","ping_status":"closed","sticky":false,"template":"","format":"standard","meta":{"footnotes":""},"categories":[7],"tags":[2586],"class_list":["post-97637","post","type-post","status-publish","format-standard","has-post-thumbnail","hentry","category-news","tag-xylella"],"_links":{"self":[{"href":"https:\/\/www.brundisium.net\/index.php\/wp-json\/wp\/v2\/posts\/97637","targetHints":{"allow":["GET"]}}],"collection":[{"href":"https:\/\/www.brundisium.net\/index.php\/wp-json\/wp\/v2\/posts"}],"about":[{"href":"https:\/\/www.brundisium.net\/index.php\/wp-json\/wp\/v2\/types\/post"}],"author":[{"embeddable":true,"href":"https:\/\/www.brundisium.net\/index.php\/wp-json\/wp\/v2\/users\/2"}],"replies":[{"embeddable":true,"href":"https:\/\/www.brundisium.net\/index.php\/wp-json\/wp\/v2\/comments?post=97637"}],"version-history":[{"count":1,"href":"https:\/\/www.brundisium.net\/index.php\/wp-json\/wp\/v2\/posts\/97637\/revisions"}],"predecessor-version":[{"id":97640,"href":"https:\/\/www.brundisium.net\/index.php\/wp-json\/wp\/v2\/posts\/97637\/revisions\/97640"}],"wp:featuredmedia":[{"embeddable":true,"href":"https:\/\/www.brundisium.net\/index.php\/wp-json\/wp\/v2\/media\/57209"}],"wp:attachment":[{"href":"https:\/\/www.brundisium.net\/index.php\/wp-json\/wp\/v2\/media?parent=97637"}],"wp:term":[{"taxonomy":"category","embeddable":true,"href":"https:\/\/www.brundisium.net\/index.php\/wp-json\/wp\/v2\/categories?post=97637"},{"taxonomy":"post_tag","embeddable":true,"href":"https:\/\/www.brundisium.net\/index.php\/wp-json\/wp\/v2\/tags?post=97637"}],"curies":[{"name":"wp","href":"https:\/\/api.w.org\/{rel}","templated":true}]}}