{"id":97658,"date":"2017-03-11T12:45:31","date_gmt":"2017-03-11T11:45:31","guid":{"rendered":"http:\/\/www.brundisium.net\/?p=97658"},"modified":"2017-03-11T12:45:31","modified_gmt":"2017-03-11T11:45:31","slug":"salvini-a-napoli-tra-le-proteste-delegazione-anche-da-brindisi","status":"publish","type":"post","link":"https:\/\/www.brundisium.net\/index.php\/salvini-a-napoli-tra-le-proteste-delegazione-anche-da-brindisi\/","title":{"rendered":"Salvini a Napoli tra le proteste: delegazione anche da Brindisi"},"content":{"rendered":"<p>Sono partiti anche da Brindisi i sostenitori di \u201cNoi a Salvini\u201d per la visita del leader del Carroccio a Napoli, oggi pomeriggio.<\/p>\n<p>Una tappa contestata duramente dai napoletani (centri sociali, artisti, lo stesso Sindaco De Magistris), tanto che, in un primo momento, era stata annullata. Decisione successivamente cambiata per l&#8217;intervenuto del ministro dell\u2019Interno Marco Minniti che ha dato disposizioni al Prefetto perch\u00e9 sia garantito il diritto alla manifestazione. <\/p>\n<p>I militanti brindisini sono partiti per Napoli stamattina e, alcuni di loro, saranno sul palco.<\/p>\n<p>&#8220;Siamo con Matteo Salvini per Unire l&#8217;Italia da Nord a Sud&#8221;.<br \/>\nScrive Taurino: &#8220;dopo gli ultimi accadimenti avvenuti nella nostra citt\u00e0 e risposte mai avute dal nostro sindaco   chiederemo al governo la legge antibivacco, per un&#8217; Italia pi\u00f9 sicura e per le nostre citt\u00e0 pi\u00f9 vivibili! Il Sindaco di Brindisi non pervenuto nonostante i nostri solleciti anche a S.E. il Prefetto&#8230; Sindaco tu taci? Noi agiamo&#8221;.<\/p>\n","protected":false},"excerpt":{"rendered":"<p>Sono partiti anche da Brindisi i sostenitori di \u201cNoi a Salvini\u201d per la visita del leader del Carroccio a Napoli, oggi pomeriggio. Una tappa contestata duramente dai napoletani (centri sociali, artisti, lo stesso Sindaco De Magistris), tanto che, in un primo momento, era stata annullata. Decisione successivamente cambiata per l&#8217;intervenuto del ministro dell\u2019Interno Marco Minniti che ha dato disposizioni al Prefetto perch\u00e9 sia garantito il diritto alla manifestazione. I militanti brindisini sono partiti per Napoli stamattina e, alcuni di loro, saranno sul palco. &#8220;Siamo con Matteo Salvini per Unire l&#8217;Italia da Nord a Sud&#8221;. Scrive Taurino: &#8220;dopo gli ultimi accadimenti avvenuti nella nostra citt\u00e0 e risposte mai avute dal nostro sindaco chiederemo al governo la legge antibivacco, per un&#8217; Italia pi\u00f9 sicura e per le nostre citt\u00e0 pi\u00f9 vivibili! Il Sindaco di Brindisi non pervenuto nonostante i nostri solleciti anche a S.E. il Prefetto&#8230; Sindaco tu taci? Noi agiamo&#8221;.<\/p>\n","protected":false},"author":2,"featured_media":97660,"comment_status":"open","ping_status":"closed","sticky":false,"template":"","format":"standard","meta":{"footnotes":""},"categories":[7],"tags":[3610,3265,3269],"class_list":["post-97658","post","type-post","status-publish","format-standard","has-post-thumbnail","hentry","category-news","tag-napoli","tag-noi-con-salvini","tag-taurino"],"_links":{"self":[{"href":"https:\/\/www.brundisium.net\/index.php\/wp-json\/wp\/v2\/posts\/97658","targetHints":{"allow":["GET"]}}],"collection":[{"href":"https:\/\/www.brundisium.net\/index.php\/wp-json\/wp\/v2\/posts"}],"about":[{"href":"https:\/\/www.brundisium.net\/index.php\/wp-json\/wp\/v2\/types\/post"}],"author":[{"embeddable":true,"href":"https:\/\/www.brundisium.net\/index.php\/wp-json\/wp\/v2\/users\/2"}],"replies":[{"embeddable":true,"href":"https:\/\/www.brundisium.net\/index.php\/wp-json\/wp\/v2\/comments?post=97658"}],"version-history":[{"count":1,"href":"https:\/\/www.brundisium.net\/index.php\/wp-json\/wp\/v2\/posts\/97658\/revisions"}],"predecessor-version":[{"id":97661,"href":"https:\/\/www.brundisium.net\/index.php\/wp-json\/wp\/v2\/posts\/97658\/revisions\/97661"}],"wp:featuredmedia":[{"embeddable":true,"href":"https:\/\/www.brundisium.net\/index.php\/wp-json\/wp\/v2\/media\/97660"}],"wp:attachment":[{"href":"https:\/\/www.brundisium.net\/index.php\/wp-json\/wp\/v2\/media?parent=97658"}],"wp:term":[{"taxonomy":"category","embeddable":true,"href":"https:\/\/www.brundisium.net\/index.php\/wp-json\/wp\/v2\/categories?post=97658"},{"taxonomy":"post_tag","embeddable":true,"href":"https:\/\/www.brundisium.net\/index.php\/wp-json\/wp\/v2\/tags?post=97658"}],"curies":[{"name":"wp","href":"https:\/\/api.w.org\/{rel}","templated":true}]}}