{"id":98090,"date":"2017-03-16T10:31:05","date_gmt":"2017-03-16T09:31:05","guid":{"rendered":"http:\/\/www.brundisium.net\/?p=98090"},"modified":"2017-03-16T10:31:05","modified_gmt":"2017-03-16T09:31:05","slug":"tutto-pronto-a-fasano-per-il-falo-di-san-giuseppe","status":"publish","type":"post","link":"https:\/\/www.brundisium.net\/index.php\/tutto-pronto-a-fasano-per-il-falo-di-san-giuseppe\/","title":{"rendered":"Tutto pronto a Fasano per il Fal\u00f2 di San Giuseppe"},"content":{"rendered":"<p>In occasione della festivit\u00e0 di San Giuseppe, domenica 19 marzo alle ore 19,30, per il terzo anno consecutivo, l\u2019Azione Cattolica della parrocchia Matrice &#8211; San Giovanni Battista e la Confraternita di San Giuseppe organizzano, con il patrocinio del Citt\u00e0 di Fasano, la tradizionale festa popolare con l&#8217;accensione del simbolico Fal\u00f2 di San Giuseppe presso il largo Seggio (dinanzi la Biblioteca comunale) nel centro antico della citt\u00e0.<\/p>\n<p>&nbsp;<br \/>\nQuello del fal\u00f2 \u00e8 un rituale antico, che mantiene forte il suo significato per tutti i popoli, di ogni credo o cultura.<br \/>\nNel corso dei secoli ha accompagnato l\u2019uomo fornendogli calore nel freddo inverno e, protezione contro i nemici durante la notte. Ma ha anche un significato mistico, di rigenerazione.<\/p>\n<p>&nbsp;<br \/>\nIl fal\u00f2 di San Giuseppe rappresenta infatti, nella tradizione contadina, la rinascita della natura con la fine dell\u2019inverno e l\u2019arrivo della primavera.<\/p>\n<p>&nbsp;<br \/>\nCome d\u2019abitudine, l\u2019obiettivo della manifestazione \u00e8 quello di far rivivere proprio l&#8217;antica tradizione contadina, con la riscoperta di antichi sapori della cultura popolare locale e, di devolvere l&#8217;intero ricavato in beneficenza.<\/p>\n<p>&nbsp;<br \/>\nA differenza delle precedenti manifestazioni, quest\u2019anno, il Fal\u00f2 di San Giuseppe, rientra nel circuito della &#8220;NOTTE DEI FAL\u00d2&#8221; promossa dall&#8217;Associazione culturale &#8220;Urbieterre&#8221; di Cisternino, un\u2019iniziativa alla quale hanno aderito altre associazioni ed enti a livello regionale e non solo. La Notte dei Fal\u00f2 \u00e8 una iniziativa che vuole creare un legame e una vicinanza alle popolazioni del centro Italia vittime del terremoto, vedendo nel fal\u00f2 la speranza di ripresa dalle ceneri.<br \/>\nEd \u00e8 con questa speranza che si \u00e8 deciso di devolvere l&#8217;intero ricavato della manifestazione a favore della Caritas Diocesana di Rieti, una delle zone maggiormente colpite dal terremoto.<\/p>\n<p>&nbsp;<br \/>\nA questa iniziativa ha aderito anche il gruppo folk \u201cU Panaridd\u201d di Pezze di Greco che ringraziamo e che con il suo repertorio musicale ci far\u00e0 rivivere antichi balli e canti della cultura contadina del territorio fasanese.<\/p>\n<p>&nbsp;<\/p>\n<p>&nbsp;<\/p>\n<p><em><strong>COMUNICATO STAMPA<\/strong><\/em><\/p>\n","protected":false},"excerpt":{"rendered":"<p>In occasione della festivit\u00e0 di San Giuseppe, domenica 19 marzo alle ore 19,30, per il terzo anno consecutivo, l\u2019Azione Cattolica della parrocchia Matrice &#8211; San Giovanni Battista e la Confraternita di San Giuseppe organizzano, con il patrocinio del Citt\u00e0 di Fasano, la tradizionale festa popolare con l&#8217;accensione del simbolico Fal\u00f2 di San Giuseppe presso il largo Seggio (dinanzi la Biblioteca comunale) nel centro antico della citt\u00e0. &nbsp; Quello del fal\u00f2 \u00e8 un rituale antico, che mantiene forte il suo significato per tutti i popoli, di ogni credo o cultura. Nel corso dei secoli ha accompagnato l\u2019uomo fornendogli calore nel freddo inverno e, protezione contro i nemici durante la notte. Ma ha anche un significato mistico, di rigenerazione. &nbsp; Il fal\u00f2 di San Giuseppe rappresenta infatti, nella tradizione contadina, la rinascita della natura con la fine dell\u2019inverno e l\u2019arrivo della primavera. &nbsp; Come d\u2019abitudine, l\u2019obiettivo della manifestazione \u00e8 quello di far rivivere proprio l&#8217;antica tradizione contadina, con la riscoperta di antichi sapori della cultura popolare locale e, di devolvere l&#8217;intero ricavato&#8230;<\/p>\n","protected":false},"author":2,"featured_media":98092,"comment_status":"open","ping_status":"closed","sticky":false,"template":"","format":"standard","meta":{"footnotes":""},"categories":[7],"tags":[3638,244,3637],"class_list":["post-98090","post","type-post","status-publish","format-standard","has-post-thumbnail","hentry","category-news","tag-falo","tag-fasano","tag-san-giuseppe"],"_links":{"self":[{"href":"https:\/\/www.brundisium.net\/index.php\/wp-json\/wp\/v2\/posts\/98090","targetHints":{"allow":["GET"]}}],"collection":[{"href":"https:\/\/www.brundisium.net\/index.php\/wp-json\/wp\/v2\/posts"}],"about":[{"href":"https:\/\/www.brundisium.net\/index.php\/wp-json\/wp\/v2\/types\/post"}],"author":[{"embeddable":true,"href":"https:\/\/www.brundisium.net\/index.php\/wp-json\/wp\/v2\/users\/2"}],"replies":[{"embeddable":true,"href":"https:\/\/www.brundisium.net\/index.php\/wp-json\/wp\/v2\/comments?post=98090"}],"version-history":[{"count":1,"href":"https:\/\/www.brundisium.net\/index.php\/wp-json\/wp\/v2\/posts\/98090\/revisions"}],"predecessor-version":[{"id":98094,"href":"https:\/\/www.brundisium.net\/index.php\/wp-json\/wp\/v2\/posts\/98090\/revisions\/98094"}],"wp:featuredmedia":[{"embeddable":true,"href":"https:\/\/www.brundisium.net\/index.php\/wp-json\/wp\/v2\/media\/98092"}],"wp:attachment":[{"href":"https:\/\/www.brundisium.net\/index.php\/wp-json\/wp\/v2\/media?parent=98090"}],"wp:term":[{"taxonomy":"category","embeddable":true,"href":"https:\/\/www.brundisium.net\/index.php\/wp-json\/wp\/v2\/categories?post=98090"},{"taxonomy":"post_tag","embeddable":true,"href":"https:\/\/www.brundisium.net\/index.php\/wp-json\/wp\/v2\/tags?post=98090"}],"curies":[{"name":"wp","href":"https:\/\/api.w.org\/{rel}","templated":true}]}}