{"id":98100,"date":"2017-03-16T11:15:07","date_gmt":"2017-03-16T10:15:07","guid":{"rendered":"http:\/\/www.brundisium.net\/?p=98100"},"modified":"2017-03-16T10:45:14","modified_gmt":"2017-03-16T09:45:14","slug":"asilo-a-francavilla-cgil-il-sindaco-e-la-sua-maggioranza-scippano-i-diritti-dei-bambini","status":"publish","type":"post","link":"https:\/\/www.brundisium.net\/index.php\/asilo-a-francavilla-cgil-il-sindaco-e-la-sua-maggioranza-scippano-i-diritti-dei-bambini\/","title":{"rendered":"Asilo a Francavilla, CGIL: &#8220;il Sindaco e la sua maggioranza scippano i diritti dei bambini&#8221;"},"content":{"rendered":"<p>La Cgil, Camera del Lavoro di Francavilla Fontana, dopo il colpo di mano antidemocratico, consumato in Consiglio comunale in data odierna, dove la maggioranza consiliare ha impedito che si discutesse l\u2019odg sulla paventata esternalizzazione dell\u2019unico asilo nido comunale, ribadisce con ancora pi\u00f9 forza e determinazione la propria posizione nel rivendicare il rispetto dei diritti dei bambini, delle famiglie e delle lavoratrici.<\/p>\n<p>&nbsp;<br \/>\n\u00c8 l\u2019ennesimo atto di pirateria operato da questa amministrazione che arbitrariamente evita il confronto su temi di interesse collettivo.<\/p>\n<p>&nbsp;<br \/>\nPi\u00f9 di una volta questa organizzazione sindacale, con la categoria della Funzione Pubblica, ha richiesto un incontro di delegazione trattante &#8211; unica sede negoziale deputata al confronto &#8211; per discutere delle problematiche legate all\u2019asilo nido ed ogni volta la questione \u00e8 stata affrontata in altre sedi, sempre con approssimazione e senza entrare nel merito.<br \/>\nA tal proposito, la struttura territoriale FP CGIL di Brindisi, rendeva noto all\u2019ex vice sindaco, Concetta Somma, che non si possono esternalizzare servizi pubblici fondamentali. Il contratto nazionale di lavoro prevede espressamente che le parti sociali devono incontrarsi in caso di processi di esternalizzazione o di concessione. La norma contrattuale statuisce che in tale ipotesi l\u2019incontro tra le parti \u00e8 ineludibile affinch\u00e8 le organizzazioni che rappresentano i lavoratori abbiano approfondita ed analitica informazione sulle ricadute che il procedimento ha sull\u2019organizzazione del lavoro, sui dipendenti gi\u00e0 impiegati nel servizio, sulle motivazioni economiche e non, che spingono il Comune a non curare pi\u00f9 in house il servizio e su quant\u2019altro potr\u00e0 emergere in sede di confronto.<\/p>\n<p>&nbsp;<br \/>\nGli atti riguardanti le varie esternalizzazioni (tributi minori, servizi cimiteriali, potatura alberi, mensa dell\u2019asilo nido comunale) sono stati adottati in palese violazione delle obbligazioni e corrette relazioni sindacali.<\/p>\n<p>&nbsp;<br \/>\nA proposito all\u2019annunciato affidamento in concessione del servizio asilo nido \u201cLe coccinelle\u201d, il sindacato ha ribadito in pi\u00f9 circostanze che tale scelta penalizza fortemente il futuro del servizio e delle lavoratrici coinvolte. Occorre, invece, rilanciare il ruolo del lavoro pubblico, rivendicandone la piena dignit\u00e0 e respingendo qualsiasi campagna mediatica di denigrazione tesa a dimostrare che la riduzione della spesa pubblica passa soprattutto attraverso il taglio del lavoro pubblico.<\/p>\n<p>&nbsp;<br \/>\nDello stesso avviso \u00e8 il Consiglio dei Ministri che in data 14 gennaio u.s. ha approvato i decreti legislativi attuativi della cosiddetta \u201cBuona scuola\u201d, tra essi, per quel che riguarda il comparto delle funzioni locali, il decreto legislativo relativo alla disciplina del cosiddetto \u201cSISTEMA INTEGRATO FORMAZIONE-EDUCAZIONE, CICLO 0-6 ANNI\u201d.<\/p>\n<p>&nbsp;<br \/>\nLo stesso ministro della Funzione Pubblica e semplificazione, Madia, ha emanato in data 2 agosto 2016, un decreto che consente ai Comuni di ASSUMERE DIRETTAMENTE l\u2019intero contingente di personale educatore necessario per completare le piante organiche dei servizi (senza avvalersi di enti strumentali), in ragione del turn over sbloccato fino al 100% del fabbisogno ed un allentamento del patto di stabilit\u00e0 interno dei Comuni, che hanno la possibilit\u00e0 di spostare alcune voci di spesa da un capitolo all\u2019altro del loro bilancio e possono spendere fino al 50% in pi\u00f9 di quanto hanno speso nell\u2019anno precedente in termine di personale educativo (art. 17 del D.L. n. 113 del 24 giugno 2016 e l\u2019inserimento dei commi n 228 bis e 228 ter all\u2019interno della legge n 208 \u2013 legge di stabilit\u00e0 \u2013 del 28 dicembre 2015).<\/p>\n<p>&nbsp;<\/p>\n<p>&nbsp;<\/p>\n<p>Al Sindaco di Francavilla Fontana, la riforma della \u201cBuona scuola\u201d, voluta dal SUO Governo, non piace, preferisce, invece, \u201cgiostrare\u201d con le assunzioni a part time ed a tempo determinato cos\u00ec come si \u00e8 proceduto sia per i servizi cimiteriali, sia per il potenziamento dei servizi dell\u2019asilo nido comunale.<br \/>\n\u00c8 fuori di dubbio che, questa scelta, \u00e8 funzionale al potere politico che continua ad assumere il personale senza sottoporlo a selezione pubblica, sottopagandolo, privo di diritti, in piena violazione, dell\u2019art. 97, comma 3, della Carta Costituzionale che recita quanto segue: \u201cAgli impieghi nelle pubbliche amministrazioni si accede mediante concorso, salvo i casi stabiliti dalla legge. \u201c.<\/p>\n<p>&nbsp;<\/p>\n<p>&nbsp;<\/p>\n<p>Per concludere, risulta incoerente la posizione del capo dell\u2019amministrazione comunale di Francavilla, dopo che, in Consiglio comunale, ha votato un ordine del giorno, quello sulla lotta al caporalato, facendosi garante dei diritti dei lavoratori. Ci saremmo aspettati la stessa presa di posizione nella gestione di tutti gli appalti aggiudicati con il massimo ribasso, foriero di impoverimento e sfruttamento. Questo \u00e8 il rischio che correranno i lavoratori e le lavoratrici in una ipotesi di affidamento in concessione del servizio di asilo nido.<\/p>\n<p>&nbsp;<\/p>\n<p>&nbsp;<\/p>\n<p>Riteniamo che da subito possano essere attivate le procedure selettive per le assunzioni a tempo indeterminato e determinato, nell\u2019ambito dell\u2019asilo nido, attingendo dalle risorse accantonate dall\u2019Ente, a seguito di tutti i pensionamenti degli ultimi 10 anni.<\/p>\n<p>&nbsp;<\/p>\n<p>Analoghe opportunit\u00e0 assunzionali, sempre tramite selezioni pubbliche, possono essere effettuate per potenziare il servizio di Polizia locale, la cui spesa si autofinanzierebbe tramite le risorse rivenienti dai proventi contravvenzionali.<\/p>\n<p>Queste sono le risposte che l\u2019amministrazione comunale deve dare alle migliaia di ragazzi e ragazze diplomati e laureati che sono costretti a migrare, in cerca di lavoro, in altri Paesi della Comunit\u00e0 europea.<\/p>\n<p>&nbsp;<\/p>\n<p>&nbsp;<\/p>\n<p>CONCORSI PUBBLICI SUBITO PER I GIOVANI E NON ESTERNALIZZAZIONI E\/O CONCESSIONI DI SERVIZI PUBBLICI AI PRIVATI<\/p>\n<p>&nbsp;<\/p>\n<p>&nbsp;<\/p>\n<p>La CGIL continuer\u00e0 la decennale battaglia per la gestione pubblica del servizio, oggi pi\u00f9 che mai, alla luce del nuovo testo unico del pubblico impiego, che sta per essere emanato, che andr\u00e0 ad escludere categoricamente ogni possibilit\u00e0 di esternalizzazione dei servizi pubblici.<\/p>\n<p>Si preannunciano azioni di mobilitazione.<\/p>\n<p>&nbsp;<\/p>\n<p>&nbsp;<\/p>\n<p><em><strong>COORDINAMENTO DELLA CAMERA DEL LAVORO\u00a0DI FRANCAVILLA FONTANA<\/strong><\/em><\/p>\n","protected":false},"excerpt":{"rendered":"<p>La Cgil, Camera del Lavoro di Francavilla Fontana, dopo il colpo di mano antidemocratico, consumato in Consiglio comunale in data odierna, dove la maggioranza consiliare ha impedito che si discutesse l\u2019odg sulla paventata esternalizzazione dell\u2019unico asilo nido comunale, ribadisce con ancora pi\u00f9 forza e determinazione la propria posizione nel rivendicare il rispetto dei diritti dei bambini, delle famiglie e delle lavoratrici. &nbsp; \u00c8 l\u2019ennesimo atto di pirateria operato da questa amministrazione che arbitrariamente evita il confronto su temi di interesse collettivo. &nbsp; Pi\u00f9 di una volta questa organizzazione sindacale, con la categoria della Funzione Pubblica, ha richiesto un incontro di delegazione trattante &#8211; unica sede negoziale deputata al confronto &#8211; per discutere delle problematiche legate all\u2019asilo nido ed ogni volta la questione \u00e8 stata affrontata in altre sedi, sempre con approssimazione e senza entrare nel merito. A tal proposito, la struttura territoriale FP CGIL di Brindisi, rendeva noto all\u2019ex vice sindaco, Concetta Somma, che non si possono esternalizzare servizi pubblici fondamentali. Il contratto nazionale di lavoro prevede espressamente che le&#8230;<\/p>\n","protected":false},"author":2,"featured_media":98102,"comment_status":"open","ping_status":"closed","sticky":false,"template":"","format":"standard","meta":{"footnotes":""},"categories":[7],"tags":[236,27],"class_list":["post-98100","post","type-post","status-publish","format-standard","has-post-thumbnail","hentry","category-news","tag-cgil","tag-francavilla"],"_links":{"self":[{"href":"https:\/\/www.brundisium.net\/index.php\/wp-json\/wp\/v2\/posts\/98100","targetHints":{"allow":["GET"]}}],"collection":[{"href":"https:\/\/www.brundisium.net\/index.php\/wp-json\/wp\/v2\/posts"}],"about":[{"href":"https:\/\/www.brundisium.net\/index.php\/wp-json\/wp\/v2\/types\/post"}],"author":[{"embeddable":true,"href":"https:\/\/www.brundisium.net\/index.php\/wp-json\/wp\/v2\/users\/2"}],"replies":[{"embeddable":true,"href":"https:\/\/www.brundisium.net\/index.php\/wp-json\/wp\/v2\/comments?post=98100"}],"version-history":[{"count":1,"href":"https:\/\/www.brundisium.net\/index.php\/wp-json\/wp\/v2\/posts\/98100\/revisions"}],"predecessor-version":[{"id":98103,"href":"https:\/\/www.brundisium.net\/index.php\/wp-json\/wp\/v2\/posts\/98100\/revisions\/98103"}],"wp:featuredmedia":[{"embeddable":true,"href":"https:\/\/www.brundisium.net\/index.php\/wp-json\/wp\/v2\/media\/98102"}],"wp:attachment":[{"href":"https:\/\/www.brundisium.net\/index.php\/wp-json\/wp\/v2\/media?parent=98100"}],"wp:term":[{"taxonomy":"category","embeddable":true,"href":"https:\/\/www.brundisium.net\/index.php\/wp-json\/wp\/v2\/categories?post=98100"},{"taxonomy":"post_tag","embeddable":true,"href":"https:\/\/www.brundisium.net\/index.php\/wp-json\/wp\/v2\/tags?post=98100"}],"curies":[{"name":"wp","href":"https:\/\/api.w.org\/{rel}","templated":true}]}}