{"id":98124,"date":"2017-03-16T12:52:39","date_gmt":"2017-03-16T11:52:39","guid":{"rendered":"http:\/\/www.brundisium.net\/?p=98124"},"modified":"2017-03-16T12:52:40","modified_gmt":"2017-03-16T11:52:40","slug":"progetto-a2a-per-brindisi-nord-dattis-non-si-puo-prescindere-da-quanto-approvato-chiusura-e-delocalizzazione","status":"publish","type":"post","link":"https:\/\/www.brundisium.net\/index.php\/progetto-a2a-per-brindisi-nord-dattis-non-si-puo-prescindere-da-quanto-approvato-chiusura-e-delocalizzazione\/","title":{"rendered":"Progetto A2A per Brindisi Nord, D&#8217;Attis: &#8220;non si pu\u00f2 prescindere da quanto approvato: chiusura e delocalizzazione&#8221;"},"content":{"rendered":"<div id=\"attachment_98125\" style=\"width: 310px\" class=\"wp-caption alignleft\"><a href=\"http:\/\/www.brundisium.net\/index.php\/progetto-a2a-per-brindisi-nord-dattis-non-si-puo-prescindere-da-quanto-approvato-chiusura-e-delocalizzazione\/img_3624\/\" rel=\"attachment wp-att-98125\"><img loading=\"lazy\" decoding=\"async\" aria-describedby=\"caption-attachment-98125\" class=\"size-medium wp-image-98125\" src=\"http:\/\/www.brundisium.net\/brun\/wp-content\/uploads\/2017\/03\/IMG_3624-300x212.jpg\" alt=\"\" width=\"300\" height=\"212\" srcset=\"https:\/\/www.brundisium.net\/brun\/wp-content\/uploads\/2017\/03\/IMG_3624-300x212.jpg 300w, https:\/\/www.brundisium.net\/brun\/wp-content\/uploads\/2017\/03\/IMG_3624-768x543.jpg 768w, https:\/\/www.brundisium.net\/brun\/wp-content\/uploads\/2017\/03\/IMG_3624-1024x724.jpg 1024w, https:\/\/www.brundisium.net\/brun\/wp-content\/uploads\/2017\/03\/IMG_3624.jpg 1600w\" sizes=\"auto, (max-width: 300px) 100vw, 300px\" \/><\/a><p id=\"caption-attachment-98125\" class=\"wp-caption-text\">Tavola degli obiettivi strategici del DPP<\/p><\/div>\n<p>&#8220;Qualsiasi discussione che riguarda il sito della ex centrale di Brindisi Nord non pu\u00f2 prescindere dalle previsioni del Documento Programmatico Preliminare del PUG che il Consiglio comunale ha approvato il 25 agosto 2011. L\u00ec si parla chiaramente di chiusura del sito o, in alternativa, comunque di delocalizzazione. Questo significa che, al momento, il progetto presentato ieri \u00e8 incompatibile rispetto alla previsione del preliminare del PUG in corso di redazione&#8221;.<\/p>\n<p>&nbsp;<\/p>\n<p>\u00c8 la dichiarazione di Mauro D&#8217;Attis, capogruppo di Forza Italia di Brindisi, a commento della presentazione tenutasi ieri del progetto di nuovo polo delle energie rinnovabili a cura della A2A energiefuture.<\/p>\n<p>&nbsp;<\/p>\n<p>&#8220;L&#8217;Amministrazione comunale &#8211; ha aggiunto D&#8217;Attis &#8211; ha il dovere prima di definire le linee urbanistiche di questa citt\u00e0. Tra un po&#8217; la Giunta Carluccio compir\u00e0 un anno da quando si \u00e8 insediata e di nuovo Piano Urbanistico Generale non c&#8217;\u00e8 traccia alcuna. Consiglierei di accelerare su questo punto per evitare di essere tirati per la giacchetta da questa o quell&#8217;altra azienda che decide, legittimamente, di presentare nuovi insediamenti produttivi con il rischio di assenza totale di coordinamento istituzionale&#8221;.<\/p>\n\n\t\t<style type=\"text\/css\">\n\t\t\t#gallery-1 {\n\t\t\t\tmargin: auto;\n\t\t\t}\n\t\t\t#gallery-1 .gallery-item {\n\t\t\t\tfloat: left;\n\t\t\t\tmargin-top: 10px;\n\t\t\t\ttext-align: center;\n\t\t\t\twidth: 33%;\n\t\t\t}\n\t\t\t#gallery-1 img {\n\t\t\t\tborder: 2px solid #cfcfcf;\n\t\t\t}\n\t\t\t#gallery-1 .gallery-caption {\n\t\t\t\tmargin-left: 0;\n\t\t\t}\n\t\t\t\/* see gallery_shortcode() in wp-includes\/media.php *\/\n\t\t<\/style>\n\t\t<div id='gallery-1' class='gallery galleryid-98124 gallery-columns-3 gallery-size-thumbnail'><dl class='gallery-item'>\n\t\t\t<dt class='gallery-icon portrait'>\n\t\t\t\t<a href='https:\/\/www.brundisium.net\/index.php\/progetto-a2a-per-brindisi-nord-dattis-non-si-puo-prescindere-da-quanto-approvato-chiusura-e-delocalizzazione\/img_3628\/'><img loading=\"lazy\" decoding=\"async\" width=\"150\" height=\"150\" src=\"https:\/\/www.brundisium.net\/brun\/wp-content\/uploads\/2017\/03\/IMG_3628-150x150.jpg\" class=\"attachment-thumbnail size-thumbnail\" alt=\"\" srcset=\"https:\/\/www.brundisium.net\/brun\/wp-content\/uploads\/2017\/03\/IMG_3628-150x150.jpg 150w, https:\/\/www.brundisium.net\/brun\/wp-content\/uploads\/2017\/03\/IMG_3628-600x600.jpg 600w, https:\/\/www.brundisium.net\/brun\/wp-content\/uploads\/2017\/03\/IMG_3628-60x60.jpg 60w\" sizes=\"auto, (max-width: 150px) 100vw, 150px\" \/><\/a>\n\t\t\t<\/dt><\/dl><dl class='gallery-item'>\n\t\t\t<dt class='gallery-icon portrait'>\n\t\t\t\t<a href='https:\/\/www.brundisium.net\/index.php\/progetto-a2a-per-brindisi-nord-dattis-non-si-puo-prescindere-da-quanto-approvato-chiusura-e-delocalizzazione\/img_3627\/'><img loading=\"lazy\" decoding=\"async\" width=\"150\" height=\"150\" src=\"https:\/\/www.brundisium.net\/brun\/wp-content\/uploads\/2017\/03\/IMG_3627-150x150.jpg\" class=\"attachment-thumbnail size-thumbnail\" alt=\"\" srcset=\"https:\/\/www.brundisium.net\/brun\/wp-content\/uploads\/2017\/03\/IMG_3627-150x150.jpg 150w, https:\/\/www.brundisium.net\/brun\/wp-content\/uploads\/2017\/03\/IMG_3627-600x600.jpg 600w, https:\/\/www.brundisium.net\/brun\/wp-content\/uploads\/2017\/03\/IMG_3627-60x60.jpg 60w\" sizes=\"auto, (max-width: 150px) 100vw, 150px\" \/><\/a>\n\t\t\t<\/dt><\/dl><dl class='gallery-item'>\n\t\t\t<dt class='gallery-icon portrait'>\n\t\t\t\t<a href='https:\/\/www.brundisium.net\/index.php\/progetto-a2a-per-brindisi-nord-dattis-non-si-puo-prescindere-da-quanto-approvato-chiusura-e-delocalizzazione\/img_3626\/'><img loading=\"lazy\" decoding=\"async\" width=\"150\" height=\"150\" src=\"https:\/\/www.brundisium.net\/brun\/wp-content\/uploads\/2017\/03\/IMG_3626-150x150.jpg\" class=\"attachment-thumbnail size-thumbnail\" alt=\"\" srcset=\"https:\/\/www.brundisium.net\/brun\/wp-content\/uploads\/2017\/03\/IMG_3626-150x150.jpg 150w, https:\/\/www.brundisium.net\/brun\/wp-content\/uploads\/2017\/03\/IMG_3626-600x600.jpg 600w, https:\/\/www.brundisium.net\/brun\/wp-content\/uploads\/2017\/03\/IMG_3626-60x60.jpg 60w\" sizes=\"auto, (max-width: 150px) 100vw, 150px\" \/><\/a>\n\t\t\t<\/dt><\/dl><br style=\"clear: both\" \/>\n\t\t<\/div>\n\n<p>&nbsp;<\/p>\n<p>COMUNICATO STAMPA DI MAURO D&#8217;ATTIS &#8211; CAPOGRUPPO DI FORZA ITALIA DI BRINDISI<\/p>\n<p>&nbsp;<\/p>\n<p>&nbsp;<\/p>\n","protected":false},"excerpt":{"rendered":"<p>&#8220;Qualsiasi discussione che riguarda il sito della ex centrale di Brindisi Nord non pu\u00f2 prescindere dalle previsioni del Documento Programmatico Preliminare del PUG che il Consiglio comunale ha approvato il 25 agosto 2011. L\u00ec si parla chiaramente di chiusura del sito o, in alternativa, comunque di delocalizzazione. Questo significa che, al momento, il progetto presentato ieri \u00e8 incompatibile rispetto alla previsione del preliminare del PUG in corso di redazione&#8221;. &nbsp; \u00c8 la dichiarazione di Mauro D&#8217;Attis, capogruppo di Forza Italia di Brindisi, a commento della presentazione tenutasi ieri del progetto di nuovo polo delle energie rinnovabili a cura della A2A energiefuture. &nbsp; &#8220;L&#8217;Amministrazione comunale &#8211; ha aggiunto D&#8217;Attis &#8211; ha il dovere prima di definire le linee urbanistiche di questa citt\u00e0. Tra un po&#8217; la Giunta Carluccio compir\u00e0 un anno da quando si \u00e8 insediata e di nuovo Piano Urbanistico Generale non c&#8217;\u00e8 traccia alcuna. Consiglierei di accelerare su questo punto per evitare di essere tirati per la giacchetta da questa o quell&#8217;altra azienda che decide, legittimamente, di presentare nuovi&#8230;<\/p>\n","protected":false},"author":2,"featured_media":2268,"comment_status":"open","ping_status":"closed","sticky":false,"template":"","format":"standard","meta":{"footnotes":""},"categories":[7],"tags":[1534,538,108],"class_list":["post-98124","post","type-post","status-publish","format-standard","has-post-thumbnail","hentry","category-news","tag-a2a","tag-brindisi-nord","tag-dattis"],"_links":{"self":[{"href":"https:\/\/www.brundisium.net\/index.php\/wp-json\/wp\/v2\/posts\/98124","targetHints":{"allow":["GET"]}}],"collection":[{"href":"https:\/\/www.brundisium.net\/index.php\/wp-json\/wp\/v2\/posts"}],"about":[{"href":"https:\/\/www.brundisium.net\/index.php\/wp-json\/wp\/v2\/types\/post"}],"author":[{"embeddable":true,"href":"https:\/\/www.brundisium.net\/index.php\/wp-json\/wp\/v2\/users\/2"}],"replies":[{"embeddable":true,"href":"https:\/\/www.brundisium.net\/index.php\/wp-json\/wp\/v2\/comments?post=98124"}],"version-history":[{"count":2,"href":"https:\/\/www.brundisium.net\/index.php\/wp-json\/wp\/v2\/posts\/98124\/revisions"}],"predecessor-version":[{"id":98132,"href":"https:\/\/www.brundisium.net\/index.php\/wp-json\/wp\/v2\/posts\/98124\/revisions\/98132"}],"wp:featuredmedia":[{"embeddable":true,"href":"https:\/\/www.brundisium.net\/index.php\/wp-json\/wp\/v2\/media\/2268"}],"wp:attachment":[{"href":"https:\/\/www.brundisium.net\/index.php\/wp-json\/wp\/v2\/media?parent=98124"}],"wp:term":[{"taxonomy":"category","embeddable":true,"href":"https:\/\/www.brundisium.net\/index.php\/wp-json\/wp\/v2\/categories?post=98124"},{"taxonomy":"post_tag","embeddable":true,"href":"https:\/\/www.brundisium.net\/index.php\/wp-json\/wp\/v2\/tags?post=98124"}],"curies":[{"name":"wp","href":"https:\/\/api.w.org\/{rel}","templated":true}]}}