{"id":98310,"date":"2017-03-17T15:00:45","date_gmt":"2017-03-17T14:00:45","guid":{"rendered":"http:\/\/www.brundisium.net\/?p=98310"},"modified":"2017-03-17T20:53:46","modified_gmt":"2017-03-17T19:53:46","slug":"amministrative-2017-noi-con-salvini-che-fine-ha-fatto-lunita-del-centrodestra-in-puglia","status":"publish","type":"post","link":"https:\/\/www.brundisium.net\/index.php\/amministrative-2017-noi-con-salvini-che-fine-ha-fatto-lunita-del-centrodestra-in-puglia\/","title":{"rendered":"Amministrative 2017, Noi Con Salvini: &#8220;che fine ha fatto l&#8217;unit\u00e0 del centrodestra in Puglia?&#8221;"},"content":{"rendered":"<p>In un centrodestra rancoroso e litigioso non ci stiamo, le beghe e le faide interne tra protagonisti che cercano di prevalere gli uni sugli altri non ci interessano, Noi siamo aperti a tutti ma non siamo la ruota di scorta di nessuno.<br \/>\n\u00c8 inaccettabile che il principio delle primarie di coalizione sia preteso l\u00ec dove le altre forze politiche hanno valide alternative, e sia scientemente eluso in altre realt\u00e0, imponendo sempre e comunque le proprie scelte.<br \/>\nA questo punto, non essendo servi sciocchi di nessuno, ma ritenendoci l&#8217;unica e vera forza propulsiva dell&#8217;attuale quadro politico, riteniamo indispensabile chiarire che a Santeramo, come a Taranto, a Martina Franca come a Lecce ed in tante altre realt\u00e0 Pugliesi coinvolte dalle prossime scadenze elettorali amministrative, Noi con Salvini presenter\u00e0 senza ulteriori indugi le proprie liste ed i propri candidati, a testa alta e con la convinzione di rappresentare l&#8217;unica svolta possibile: quella del cambiamento della classe dirigente e del ricambio necessario e richiesto dalla Gente.<br \/>\nStiamo ancora aspettando la convocazione di un tavolo regionale che possa consentire la normale dialettica politica. Evidentemente a qualcuno non piace l&#8217;idea di unit\u00e0 del centrodestra.<\/p>\n<p>&nbsp;<\/p>\n<p>&nbsp;<\/p>\n<p><em><strong>COMUNICATO STAMPA NOI CON SALVINI<\/strong><\/em><br \/>\n<em><strong>A FIRMA DEL COORDINATORE REGIONALE E DEI COORDINATORI\u00a0DELLE PROVINCE\u00a0PUGLIESI<\/strong><\/em><\/p>\n","protected":false},"excerpt":{"rendered":"<p>In un centrodestra rancoroso e litigioso non ci stiamo, le beghe e le faide interne tra protagonisti che cercano di prevalere gli uni sugli altri non ci interessano, Noi siamo aperti a tutti ma non siamo la ruota di scorta di nessuno. \u00c8 inaccettabile che il principio delle primarie di coalizione sia preteso l\u00ec dove le altre forze politiche hanno valide alternative, e sia scientemente eluso in altre realt\u00e0, imponendo sempre e comunque le proprie scelte. A questo punto, non essendo servi sciocchi di nessuno, ma ritenendoci l&#8217;unica e vera forza propulsiva dell&#8217;attuale quadro politico, riteniamo indispensabile chiarire che a Santeramo, come a Taranto, a Martina Franca come a Lecce ed in tante altre realt\u00e0 Pugliesi coinvolte dalle prossime scadenze elettorali amministrative, Noi con Salvini presenter\u00e0 senza ulteriori indugi le proprie liste ed i propri candidati, a testa alta e con la convinzione di rappresentare l&#8217;unica svolta possibile: quella del cambiamento della classe dirigente e del ricambio necessario e richiesto dalla Gente. Stiamo ancora aspettando la convocazione di un tavolo&#8230;<\/p>\n","protected":false},"author":2,"featured_media":35418,"comment_status":"open","ping_status":"closed","sticky":false,"template":"","format":"standard","meta":{"footnotes":""},"categories":[7],"tags":[3265],"class_list":["post-98310","post","type-post","status-publish","format-standard","has-post-thumbnail","hentry","category-news","tag-noi-con-salvini"],"_links":{"self":[{"href":"https:\/\/www.brundisium.net\/index.php\/wp-json\/wp\/v2\/posts\/98310","targetHints":{"allow":["GET"]}}],"collection":[{"href":"https:\/\/www.brundisium.net\/index.php\/wp-json\/wp\/v2\/posts"}],"about":[{"href":"https:\/\/www.brundisium.net\/index.php\/wp-json\/wp\/v2\/types\/post"}],"author":[{"embeddable":true,"href":"https:\/\/www.brundisium.net\/index.php\/wp-json\/wp\/v2\/users\/2"}],"replies":[{"embeddable":true,"href":"https:\/\/www.brundisium.net\/index.php\/wp-json\/wp\/v2\/comments?post=98310"}],"version-history":[{"count":2,"href":"https:\/\/www.brundisium.net\/index.php\/wp-json\/wp\/v2\/posts\/98310\/revisions"}],"predecessor-version":[{"id":98363,"href":"https:\/\/www.brundisium.net\/index.php\/wp-json\/wp\/v2\/posts\/98310\/revisions\/98363"}],"wp:featuredmedia":[{"embeddable":true,"href":"https:\/\/www.brundisium.net\/index.php\/wp-json\/wp\/v2\/media\/35418"}],"wp:attachment":[{"href":"https:\/\/www.brundisium.net\/index.php\/wp-json\/wp\/v2\/media?parent=98310"}],"wp:term":[{"taxonomy":"category","embeddable":true,"href":"https:\/\/www.brundisium.net\/index.php\/wp-json\/wp\/v2\/categories?post=98310"},{"taxonomy":"post_tag","embeddable":true,"href":"https:\/\/www.brundisium.net\/index.php\/wp-json\/wp\/v2\/tags?post=98310"}],"curies":[{"name":"wp","href":"https:\/\/api.w.org\/{rel}","templated":true}]}}