{"id":98326,"date":"2017-03-17T17:31:43","date_gmt":"2017-03-17T16:31:43","guid":{"rendered":"http:\/\/www.brundisium.net\/?p=98326"},"modified":"2017-03-17T17:15:24","modified_gmt":"2017-03-17T16:15:24","slug":"lassessore-turaccio-incontra-le-associazioni-organizzeremo-un-festival-del-sociale","status":"publish","type":"post","link":"https:\/\/www.brundisium.net\/index.php\/lassessore-turaccio-incontra-le-associazioni-organizzeremo-un-festival-del-sociale\/","title":{"rendered":"L\u2019assessore Turaccio incontra le associazioni: \u201cOrganizzeremo un Festival del sociale&#8221;"},"content":{"rendered":"<p><a href=\"http:\/\/www.brundisium.net\/index.php\/celebrato-a-brindisi-il-156-anniversario-dellunita-ditalia\/turaccio-associazioni-2\/\" rel=\"attachment wp-att-98328\"><img loading=\"lazy\" decoding=\"async\" class=\"size-medium wp-image-98328 alignright\" src=\"http:\/\/www.brundisium.net\/brun\/wp-content\/uploads\/2017\/03\/turaccio-associazioni-2-300x225.jpg\" alt=\"\" width=\"300\" height=\"225\" srcset=\"https:\/\/www.brundisium.net\/brun\/wp-content\/uploads\/2017\/03\/turaccio-associazioni-2-300x225.jpg 300w, https:\/\/www.brundisium.net\/brun\/wp-content\/uploads\/2017\/03\/turaccio-associazioni-2-768x576.jpg 768w, https:\/\/www.brundisium.net\/brun\/wp-content\/uploads\/2017\/03\/turaccio-associazioni-2.jpg 960w\" sizes=\"auto, (max-width: 300px) 100vw, 300px\" \/><\/a>La costruzione condivisa di un &#8220;Festival del sociale&#8221; che possa essere un teatro espositivo delle numerose attivit\u00e0 presenti sul territorio, e che renda giusto merito a chi dedica il proprio tempo agli altri, sottraendolo a s\u00e9. Questa l\u2019idea emersa dall\u2019incontro tenuto gioved\u00ec mattina dall\u2019assessore alle politiche sociali Marina Turaccio, il sindaco Maurizio Bruno e l\u2019assessore alla Cultura Enzo Garganese, con una folta rappresentanza dell\u2019associazionismo locale.<\/p>\n<p>&nbsp;<br \/>\n\u201cC&#8217;\u00e8 stata una buona risposta \u2013 spiega l\u2019assessore Turaccio &#8211; da tutte le categorie di associazioni convocate. Il messaggio \u00e8 stato quello di conoscersi, comprendere i bisogni e le difficolt\u00e0 del territorio e costruire insieme una rete di lavoro. Una delle difficolt\u00e0 emerse \u00e8 proprio quella della sfiducia che spesso ostacola l&#8217;unione fra associazioni e imprese, ma \u00e8 emerso anche il forte desiderio di poter fare gruppo e far s\u00ec che Francavilla non sia sempre e solo una \u2018potenzialit\u00e0\u2019, ma che possa esprimere una volta per tutta la sua capacit\u00e0\u201d.<\/p>\n<p>&nbsp;<br \/>\n\u201cFrancavilla \u2013 prosegue il neoassessore &#8211; ha bisogno di trovare una sua identit\u00e0 che sempre pi\u00f9 si sta collocando nel mondo dei giovani, del volontariato e dell&#8217;attivismo sociale, ma nulla si pu\u00f2 fare se ognuno rimane nel suo orticello\u201d.<br \/>\nNel corso dell\u2019incontro si \u00e8 discusso insieme delle modalit\u00e0 operative per procedere alla organizzazione del \u201cFestival del sociale\u201d: in primis la costituzione di un comitato direttivo composto da esponenti dei vari settori del sociale in modo che possano essere diretta espressione dei bisogni del loro ambito. Si decider\u00e0 se articolarlo in una o pi\u00f9 giornate, senza spreco di risorse, ma usando decoro e buon gusto. \u201cIl messaggio emerso \u2013 conclude l\u2019assessore Marina Turaccio &#8211; \u00e8 la volont\u00e0 di creare una rete di associazioni, magari anche realizzando una piattaforma comune, orientata a usare fondi, specializzarsi negli interventi e ottimizzare i costi. Valorizziamo il territorio, mostriamo le risorse, affermiamo la nostra identit\u00e0, manteniamo salde le tradizioni\u201d.<\/p>\n<p>&nbsp;<\/p>\n<p>&nbsp;<\/p>\n<p><strong>Comune di Francavilla Fontana<\/strong><\/p>\n","protected":false},"excerpt":{"rendered":"<p>La costruzione condivisa di un &#8220;Festival del sociale&#8221; che possa essere un teatro espositivo delle numerose attivit\u00e0 presenti sul territorio, e che renda giusto merito a chi dedica il proprio tempo agli altri, sottraendolo a s\u00e9. Questa l\u2019idea emersa dall\u2019incontro tenuto gioved\u00ec mattina dall\u2019assessore alle politiche sociali Marina Turaccio, il sindaco Maurizio Bruno e l\u2019assessore alla Cultura Enzo Garganese, con una folta rappresentanza dell\u2019associazionismo locale. &nbsp; \u201cC&#8217;\u00e8 stata una buona risposta \u2013 spiega l\u2019assessore Turaccio &#8211; da tutte le categorie di associazioni convocate. Il messaggio \u00e8 stato quello di conoscersi, comprendere i bisogni e le difficolt\u00e0 del territorio e costruire insieme una rete di lavoro. Una delle difficolt\u00e0 emerse \u00e8 proprio quella della sfiducia che spesso ostacola l&#8217;unione fra associazioni e imprese, ma \u00e8 emerso anche il forte desiderio di poter fare gruppo e far s\u00ec che Francavilla non sia sempre e solo una \u2018potenzialit\u00e0\u2019, ma che possa esprimere una volta per tutta la sua capacit\u00e0\u201d. &nbsp; \u201cFrancavilla \u2013 prosegue il neoassessore &#8211; ha bisogno di trovare una sua identit\u00e0&#8230;<\/p>\n","protected":false},"author":2,"featured_media":98329,"comment_status":"open","ping_status":"closed","sticky":false,"template":"","format":"standard","meta":{"footnotes":""},"categories":[7],"tags":[27,3526],"class_list":["post-98326","post","type-post","status-publish","format-standard","has-post-thumbnail","hentry","category-news","tag-francavilla","tag-turaccio"],"_links":{"self":[{"href":"https:\/\/www.brundisium.net\/index.php\/wp-json\/wp\/v2\/posts\/98326","targetHints":{"allow":["GET"]}}],"collection":[{"href":"https:\/\/www.brundisium.net\/index.php\/wp-json\/wp\/v2\/posts"}],"about":[{"href":"https:\/\/www.brundisium.net\/index.php\/wp-json\/wp\/v2\/types\/post"}],"author":[{"embeddable":true,"href":"https:\/\/www.brundisium.net\/index.php\/wp-json\/wp\/v2\/users\/2"}],"replies":[{"embeddable":true,"href":"https:\/\/www.brundisium.net\/index.php\/wp-json\/wp\/v2\/comments?post=98326"}],"version-history":[{"count":1,"href":"https:\/\/www.brundisium.net\/index.php\/wp-json\/wp\/v2\/posts\/98326\/revisions"}],"predecessor-version":[{"id":98330,"href":"https:\/\/www.brundisium.net\/index.php\/wp-json\/wp\/v2\/posts\/98326\/revisions\/98330"}],"wp:featuredmedia":[{"embeddable":true,"href":"https:\/\/www.brundisium.net\/index.php\/wp-json\/wp\/v2\/media\/98329"}],"wp:attachment":[{"href":"https:\/\/www.brundisium.net\/index.php\/wp-json\/wp\/v2\/media?parent=98326"}],"wp:term":[{"taxonomy":"category","embeddable":true,"href":"https:\/\/www.brundisium.net\/index.php\/wp-json\/wp\/v2\/categories?post=98326"},{"taxonomy":"post_tag","embeddable":true,"href":"https:\/\/www.brundisium.net\/index.php\/wp-json\/wp\/v2\/tags?post=98326"}],"curies":[{"name":"wp","href":"https:\/\/api.w.org\/{rel}","templated":true}]}}